{"id":100201,"date":"2018-10-03T21:17:28","date_gmt":"2018-10-04T02:17:28","guid":{"rendered":"http:\/\/laredsocial-noticias.com\/wp\/?p=100201"},"modified":"2018-10-03T21:17:45","modified_gmt":"2018-10-04T02:17:45","slug":"lucharemos-desde-el-senado-por-la-igualdad-de-genero-nuria-mayorga","status":"publish","type":"post","link":"https:\/\/laredsocial-noticias.com\/wp\/lucharemos-desde-el-senado-por-la-igualdad-de-genero-nuria-mayorga\/","title":{"rendered":"Lucharemos desde el Senado por la igualdad de g\u00e9nero: Nuria Mayorga"},"content":{"rendered":"<p>Durante la instalaci\u00f3n de la Comisi\u00f3n para la Igualdad de G\u00e9nero en el Senado de la Rep\u00fablica, la legisladora Nuvia Mayorga Delgado puntualiz\u00f3 que trabajar\u00e1 arduamente para hacer realidad la promesa del Grupo Parlamentario del Partido Revolucionario Institucional (PRI) en favor de la dignidad, la igualdad y mejores ingresos econ\u00f3micos para la mujer.<br \/>\nDesde el inicio de la LXIV Legislatura del Senado de la Rep\u00fablica, en cumplimiento con sus compromisos de campa\u00f1a, la senadora Mayorga Delgado se ha pronunciado por la generaci\u00f3n de oportunidades para la mujer y para otros grupos vulnerables como los j\u00f3venes, los adultos mayores, las poblaciones ind\u00edgenas y los campesinos.<br \/>\nCabe destacar que, a un mes de su quehacer legislativo, la senadora tricolor ha presentado ante el pleno de la C\u00e1mara Alta una iniciativa con proyecto de decreto para establecer el derecho de los adultos mayores para acceder, de forma integral y equitativa, a los beneficios del desarrollo social, econ\u00f3mico, pol\u00edtico y cultural, as\u00ed como el Punto de Acuerdo relacionado a reconsiderar la decisi\u00f3n de incrementar, de 65 a 68 a\u00f1os, la edad m\u00ednima para recibir los apoyos del Programa Pensi\u00f3n para Adultos Mayores del Gobierno de la Rep\u00fablica.<\/p>\n<p><img loading=\"lazy\" decoding=\"async\" class=\"aligncenter size-full wp-image-5724\" src=\"http:\/\/laredsocial-noticias.com\/wp\/wp-content\/uploads\/2018\/10\/Igualdad2.jpg\" alt=\"\" width=\"750\" height=\"409\" \/><\/p>\n","protected":false},"excerpt":{"rendered":"<p>Durante la instalaci\u00f3n de la Comisi\u00f3n para la Igualdad de G\u00e9nero en el Senado de la Rep\u00fablica, la legisladora Nuvia&#8230;<\/p>\n","protected":false},"author":1,"featured_media":0,"comment_status":"open","ping_status":"closed","sticky":false,"template":"","format":"standard","meta":{"footnotes":""},"categories":[6028,157,78,2801,6026,73],"tags":[6371,188,77],"class_list":["post-100201","post","type-post","status-publish","format-standard","hentry","category-legislativas","category-legislativo","category-nacional","category-politica","category-portada","category-principal","tag-nuria-mayorga","tag-pri","tag-principal"],"yoast_head":"<!-- This site is optimized with the Yoast SEO plugin v26.5 - https:\/\/yoast.com\/wordpress\/plugins\/seo\/ -->\n<title>Lucharemos desde el Senado por la igualdad de g\u00e9nero: Nuria Mayorga - NOTICIAS<\/title>\n<meta name=\"robots\" content=\"index, follow, max-snippet:-1, max-image-preview:large, max-video-preview:-1\" \/>\n<link rel=\"canonical\" href=\"https:\/\/laredsocial-noticias.com\/wp\/lucharemos-desde-el-senado-por-la-igualdad-de-genero-nuria-mayorga\/\" \/>\n<meta property=\"og:locale\" content=\"es_ES\" \/>\n<meta property=\"og:type\" content=\"article\" \/>\n<meta property=\"og:title\" content=\"Lucharemos desde el Senado por la igualdad de g\u00e9nero: Nuria Mayorga - NOTICIAS\" \/>\n<meta property=\"og:description\" content=\"Durante la instalaci\u00f3n de la Comisi\u00f3n para la Igualdad de G\u00e9nero en el Senado de la Rep\u00fablica, la legisladora Nuvia...\" \/>\n<meta property=\"og:url\" content=\"https:\/\/laredsocial-noticias.com\/wp\/lucharemos-desde-el-senado-por-la-igualdad-de-genero-nuria-mayorga\/\" \/>\n<meta property=\"og:site_name\" content=\"NOTICIAS\" \/>\n<meta property=\"article:published_time\" content=\"2018-10-04T02:17:28+00:00\" \/>\n<meta property=\"article:modified_time\" content=\"2018-10-04T02:17:45+00:00\" \/>\n<meta name=\"author\" content=\"Editor en Jefe\" \/>\n<meta name=\"twitter:card\" content=\"summary_large_image\" \/>\n<meta name=\"twitter:label1\" content=\"Escrito por\" \/>\n\t<meta name=\"twitter:data1\" content=\"Editor en Jefe\" \/>\n\t<meta name=\"twitter:label2\" content=\"Tiempo de lectura\" \/>\n\t<meta name=\"twitter:data2\" content=\"1 minuto\" \/>\n<!-- \/ Yoast SEO plugin. -->","yoast_head_json":{"title":"Lucharemos desde el Senado por la igualdad de g\u00e9nero: Nuria Mayorga - NOTICIAS","robots":{"index":"index","follow":"follow","max-snippet":"max-snippet:-1","max-image-preview":"max-image-preview:large","max-video-preview":"max-video-preview:-1"},"canonical":"https:\/\/laredsocial-noticias.com\/wp\/lucharemos-desde-el-senado-por-la-igualdad-de-genero-nuria-mayorga\/","og_locale":"es_ES","og_type":"article","og_title":"Lucharemos desde el Senado por la igualdad de g\u00e9nero: Nuria Mayorga - NOTICIAS","og_description":"Durante la instalaci\u00f3n de la Comisi\u00f3n para la Igualdad de G\u00e9nero en el Senado de la Rep\u00fablica, la legisladora Nuvia...","og_url":"https:\/\/laredsocial-noticias.com\/wp\/lucharemos-desde-el-senado-por-la-igualdad-de-genero-nuria-mayorga\/","og_site_name":"NOTICIAS","article_published_time":"2018-10-04T02:17:28+00:00","article_modified_time":"2018-10-04T02:17:45+00:00","author":"Editor en Jefe","twitter_card":"summary_large_image","twitter_misc":{"Escrito por":"Editor en Jefe","Tiempo de lectura":"1 minuto"},"schema":{"@context":"https:\/\/schema.org","@graph":[{"@type":"WebPage","@id":"https:\/\/laredsocial-noticias.com\/wp\/lucharemos-desde-el-senado-por-la-igualdad-de-genero-nuria-mayorga\/","url":"https:\/\/laredsocial-noticias.com\/wp\/lucharemos-desde-el-senado-por-la-igualdad-de-genero-nuria-mayorga\/","name":"Lucharemos desde el Senado por la igualdad de g\u00e9nero: Nuria Mayorga - NOTICIAS","isPartOf":{"@id":"https:\/\/laredsocial-noticias.com\/wp\/#website"},"primaryImageOfPage":{"@id":"https:\/\/laredsocial-noticias.com\/wp\/lucharemos-desde-el-senado-por-la-igualdad-de-genero-nuria-mayorga\/#primaryimage"},"image":{"@id":"https:\/\/laredsocial-noticias.com\/wp\/lucharemos-desde-el-senado-por-la-igualdad-de-genero-nuria-mayorga\/#primaryimage"},"thumbnailUrl":"http:\/\/laredsocial-noticias.com\/wp\/wp-content\/uploads\/2018\/10\/Igualdad2.jpg","datePublished":"2018-10-04T02:17:28+00:00","dateModified":"2018-10-04T02:17:45+00:00","author":{"@id":"https:\/\/laredsocial-noticias.com\/wp\/#\/schema\/person\/0ce78643f2de7aae6f6ef10e8453a6e0"},"breadcrumb":{"@id":"https:\/\/laredsocial-noticias.com\/wp\/lucharemos-desde-el-senado-por-la-igualdad-de-genero-nuria-mayorga\/#breadcrumb"},"inLanguage":"es","potentialAction":[{"@type":"ReadAction","target":["https:\/\/laredsocial-noticias.com\/wp\/lucharemos-desde-el-senado-por-la-igualdad-de-genero-nuria-mayorga\/"]}]},{"@type":"ImageObject","inLanguage":"es","@id":"https:\/\/laredsocial-noticias.com\/wp\/lucharemos-desde-el-senado-por-la-igualdad-de-genero-nuria-mayorga\/#primaryimage","url":"","contentUrl":""},{"@type":"BreadcrumbList","@id":"https:\/\/laredsocial-noticias.com\/wp\/lucharemos-desde-el-senado-por-la-igualdad-de-genero-nuria-mayorga\/#breadcrumb","itemListElement":[{"@type":"ListItem","position":1,"name":"Portada","item":"https:\/\/laredsocial-noticias.com\/wp\/"},{"@type":"ListItem","position":2,"name":"Lucharemos desde el Senado por la igualdad de g\u00e9nero: Nuria Mayorga"}]},{"@type":"WebSite","@id":"https:\/\/laredsocial-noticias.com\/wp\/#website","url":"https:\/\/laredsocial-noticias.com\/wp\/","name":"NOTICIAS","description":"Lo que se ve y se dice en las redes sociales","potentialAction":[{"@type":"SearchAction","target":{"@type":"EntryPoint","urlTemplate":"https:\/\/laredsocial-noticias.com\/wp\/?s={search_term_string}"},"query-input":{"@type":"PropertyValueSpecification","valueRequired":true,"valueName":"search_term_string"}}],"inLanguage":"es"},{"@type":"Person","@id":"https:\/\/laredsocial-noticias.com\/wp\/#\/schema\/person\/0ce78643f2de7aae6f6ef10e8453a6e0","name":"Editor en Jefe","url":"https:\/\/laredsocial-noticias.com\/wp\/author\/jorgeochoa\/"}]}},"_links":{"self":[{"href":"https:\/\/laredsocial-noticias.com\/wp\/wp-json\/wp\/v2\/posts\/100201","targetHints":{"allow":["GET"]}}],"collection":[{"href":"https:\/\/laredsocial-noticias.com\/wp\/wp-json\/wp\/v2\/posts"}],"about":[{"href":"https:\/\/laredsocial-noticias.com\/wp\/wp-json\/wp\/v2\/types\/post"}],"author":[{"embeddable":true,"href":"https:\/\/laredsocial-noticias.com\/wp\/wp-json\/wp\/v2\/users\/1"}],"replies":[{"embeddable":true,"href":"https:\/\/laredsocial-noticias.com\/wp\/wp-json\/wp\/v2\/comments?post=100201"}],"version-history":[{"count":0,"href":"https:\/\/laredsocial-noticias.com\/wp\/wp-json\/wp\/v2\/posts\/100201\/revisions"}],"wp:attachment":[{"href":"https:\/\/laredsocial-noticias.com\/wp\/wp-json\/wp\/v2\/media?parent=100201"}],"wp:term":[{"taxonomy":"category","embeddable":true,"href":"https:\/\/laredsocial-noticias.com\/wp\/wp-json\/wp\/v2\/categories?post=100201"},{"taxonomy":"post_tag","embeddable":true,"href":"https:\/\/laredsocial-noticias.com\/wp\/wp-json\/wp\/v2\/tags?post=100201"}],"curies":[{"name":"wp","href":"https:\/\/api.w.org\/{rel}","templated":true}]}}