{"id":1004,"date":"2015-03-10T02:01:07","date_gmt":"2015-03-10T02:01:07","guid":{"rendered":"http:\/\/laredsocial-noticias.com\/wp\/?p=1004"},"modified":"2015-03-10T02:01:07","modified_gmt":"2015-03-10T02:01:07","slug":"guerrero-vacio-de-poder-y-elecciones-en-vilo","status":"publish","type":"post","link":"https:\/\/laredsocial-noticias.com\/wp\/guerrero-vacio-de-poder-y-elecciones-en-vilo\/","title":{"rendered":"GUERRERO, VAC\u00cdO DE PODER Y ELECCIONES EN VILO"},"content":{"rendered":"<p><strong>SIC Media.- <\/strong>En Amacuzac, Coad\u00e1n del R\u00edo, Tetecala y Puente de Ixtla impera la ley del crimen. Esos cuatro municipios son reconocidos focos rojos para el Gobierno del estado, pues ah\u00ed los pol\u00edticos, polic\u00edas y ciudadanos viven con el miedo de ser secuestrados, asesinados o desaparecidos debido a que se encuentran en el fuego cruzado de la delincuencia,<\/p>\n<p>Los cuatro municipios son codiciados por los grupos delictivos porque est\u00e1n cercanos a la Tierra Caliente de Guerrero; conectan con el Estado de M\u00e9xico, y tienen salida a Taxco o a la Autopista del Sol, y por ello son puntos clave para el trasiego de drogas y armas.<\/p>\n<p>&#8220;Prefiero que me digan gobernador de papel a ser un D\u00edaz Ordaz\u201d:\u00a0 Rogelio Ortega Mart\u00ednez, gobernador de Guerrero.\u00a0 A cuatro meses de gesti\u00f3n, afirma que mantendr\u00e1 su postura de di\u00e1logo y prudencia, para evitar otro Tlatelolco 1968, con muertos y heridos. Garantiza que habr\u00e1 elecciones en el estado, siempre y cuando la Federaci\u00f3n resuelva las demandas de profesores.<\/p>\n<p><strong>ATENTADO ARMADO vs ALCALDESA DE MATAMOROS; SALE ILESA <\/strong><\/p>\n<p>La Alcaldesa panista de Matamoros, Leticia Salazar V\u00e1zquez, sufri\u00f3 anoche un ataque a balazos del que sali\u00f3 ilesa cuando iba en su veh\u00edculo por la zona Centro de la ciudad.<\/p>\n<p>Ante el asesinato de dos periodistas en M\u00e9xico en los \u00daltimos meses, la Sociedad Interamericana de Prensa (SIP) urgi\u00f3 a la PGR que dote a la Fiscal\u00eda Especial para la Atenci\u00f3n de Delitos Contra la Libertad de Expresi\u00f3n de personal y de recursos econ\u00f3micos suficientes, con el fin de llevar a cabo un \u201ctrabajo serio, profundo y eficiente\u201d en la protecci\u00f3n de los trabajadores de los medios de comunicaci\u00f3n.<\/p>\n<p>El rector de la UNAM, Jos\u00e9 Narro Robles, asever\u00f3 que M\u00e9xico est\u00e1 urgido de haza\u00f1as colectivas, una de las cuales es alcanzar la equidad de g\u00e9nero.<\/p>\n<p>\u201cMando \u00danico blind\u00f3 a Morelos\u201d. Lo primero fue tomar la polic\u00eda. Morelos estaba en manos de la delincuencia y de los mandos policiacos. Hay procesos legales y sentencias Hace un a\u00f1o, Morelos destacaba a nivel nacional por la violencia. \u00bfQu\u00e9 hizo para revertir esta situaci\u00f3n?. Entrevista a Graco Ram\u00edrez, gobernador de Morelos.<\/p>\n<p>En el Senado de la Rep\u00fablica, una cubeta de acero inoxidable tiene el mismo valor de factura que uno de los hist\u00f3ricos esca\u00f1os de la vieja sede original de Xicot\u00e9ncatl 9. Ambos est\u00e1n valuados en tres mil 820.25 pesos, al igual que otros 11 mil 360 objetos que forman parte de los 82 mil 550 que integran el patrimonio de esta C\u00e1mara legislativa, de acuerdo con la lista que \u00e9sta hizo p\u00fablica ayer domingo.<\/p>\n<p><strong>DELEGACIONES DEL DF, NICHOS DE CORRUPCI\u00d3N <\/strong><\/p>\n<p>Encuesta de El Universal: Capitalinos ven m\u00e1s corrupci\u00f3n en delegaciones Las demarcaciones con mayores niveles de opacidad, seg\u00fan los encuestados, son las que se encuentran en la zona perif\u00e9rica de la Ciudad de M\u00e9xico, mientras que las del centro son las mejores calificadas por los habitantes; las peor evaluadas Iztacalco, Tl\u00e1huac y Xochimilco.<\/p>\n<p>Las obras del t\u00fanel de Mixcoac dieron paso a la preparaci\u00f3n del terreno para iniciar con las perforaciones a fin de colocar las pilas que dar\u00e1n soporte al doble desnivel. Para ello fue necesaria la liberaci\u00f3n del terreno, por lo que se comenz\u00f3 con la tala de unos 100 \u00e1rboles de los 855 autorizados en la resoluci\u00f3n de impacto ambiental SEDEMA\/DGRA\/ DEIA\/014804\/2014 del 18 de diciembre de 2014. Pese a la autorizaci\u00f3n, un grupo de 30 vecinos se inconform\u00f3 y par\u00f3 el tr\u00e1nsito.<\/p>\n","protected":false},"excerpt":{"rendered":"<p>SIC Media.- En Amacuzac, Coad\u00e1n del R\u00edo, Tetecala y Puente de Ixtla impera la ley del crimen. Esos cuatro municipios&#8230;<\/p>\n","protected":false},"author":1,"featured_media":0,"comment_status":"closed","ping_status":"closed","sticky":false,"template":"","format":"gallery","meta":{"footnotes":""},"categories":[1],"tags":[],"class_list":["post-1004","post","type-post","status-publish","format-gallery","hentry","category-uncategorized","post_format-post-format-gallery"],"yoast_head":"<!-- This site is optimized with the Yoast SEO plugin v26.5 - https:\/\/yoast.com\/wordpress\/plugins\/seo\/ -->\n<title>GUERRERO, VAC\u00cdO DE PODER Y ELECCIONES EN VILO - NOTICIAS<\/title>\n<meta name=\"robots\" content=\"index, follow, max-snippet:-1, max-image-preview:large, max-video-preview:-1\" \/>\n<link rel=\"canonical\" href=\"https:\/\/laredsocial-noticias.com\/wp\/guerrero-vacio-de-poder-y-elecciones-en-vilo\/\" \/>\n<meta property=\"og:locale\" content=\"es_ES\" \/>\n<meta property=\"og:type\" content=\"article\" \/>\n<meta property=\"og:title\" content=\"GUERRERO, VAC\u00cdO DE PODER Y ELECCIONES EN VILO - NOTICIAS\" \/>\n<meta property=\"og:description\" content=\"SIC Media.- En Amacuzac, Coad\u00e1n del R\u00edo, Tetecala y Puente de Ixtla impera la ley del crimen. Esos cuatro municipios...\" \/>\n<meta property=\"og:url\" content=\"https:\/\/laredsocial-noticias.com\/wp\/guerrero-vacio-de-poder-y-elecciones-en-vilo\/\" \/>\n<meta property=\"og:site_name\" content=\"NOTICIAS\" \/>\n<meta property=\"article:published_time\" content=\"2015-03-10T02:01:07+00:00\" \/>\n<meta name=\"author\" content=\"Editor en Jefe\" \/>\n<meta name=\"twitter:card\" content=\"summary_large_image\" \/>\n<meta name=\"twitter:label1\" content=\"Escrito por\" \/>\n\t<meta name=\"twitter:data1\" content=\"Editor en Jefe\" \/>\n\t<meta name=\"twitter:label2\" content=\"Tiempo de lectura\" \/>\n\t<meta name=\"twitter:data2\" content=\"3 minutos\" \/>\n<!-- \/ Yoast SEO plugin. -->","yoast_head_json":{"title":"GUERRERO, VAC\u00cdO DE PODER Y ELECCIONES EN VILO - NOTICIAS","robots":{"index":"index","follow":"follow","max-snippet":"max-snippet:-1","max-image-preview":"max-image-preview:large","max-video-preview":"max-video-preview:-1"},"canonical":"https:\/\/laredsocial-noticias.com\/wp\/guerrero-vacio-de-poder-y-elecciones-en-vilo\/","og_locale":"es_ES","og_type":"article","og_title":"GUERRERO, VAC\u00cdO DE PODER Y ELECCIONES EN VILO - NOTICIAS","og_description":"SIC Media.- En Amacuzac, Coad\u00e1n del R\u00edo, Tetecala y Puente de Ixtla impera la ley del crimen. Esos cuatro municipios...","og_url":"https:\/\/laredsocial-noticias.com\/wp\/guerrero-vacio-de-poder-y-elecciones-en-vilo\/","og_site_name":"NOTICIAS","article_published_time":"2015-03-10T02:01:07+00:00","author":"Editor en Jefe","twitter_card":"summary_large_image","twitter_misc":{"Escrito por":"Editor en Jefe","Tiempo de lectura":"3 minutos"},"schema":{"@context":"https:\/\/schema.org","@graph":[{"@type":"WebPage","@id":"https:\/\/laredsocial-noticias.com\/wp\/guerrero-vacio-de-poder-y-elecciones-en-vilo\/","url":"https:\/\/laredsocial-noticias.com\/wp\/guerrero-vacio-de-poder-y-elecciones-en-vilo\/","name":"GUERRERO, VAC\u00cdO DE PODER Y ELECCIONES EN VILO - NOTICIAS","isPartOf":{"@id":"https:\/\/laredsocial-noticias.com\/wp\/#website"},"datePublished":"2015-03-10T02:01:07+00:00","author":{"@id":"https:\/\/laredsocial-noticias.com\/wp\/#\/schema\/person\/0ce78643f2de7aae6f6ef10e8453a6e0"},"breadcrumb":{"@id":"https:\/\/laredsocial-noticias.com\/wp\/guerrero-vacio-de-poder-y-elecciones-en-vilo\/#breadcrumb"},"inLanguage":"es","potentialAction":[{"@type":"ReadAction","target":["https:\/\/laredsocial-noticias.com\/wp\/guerrero-vacio-de-poder-y-elecciones-en-vilo\/"]}]},{"@type":"BreadcrumbList","@id":"https:\/\/laredsocial-noticias.com\/wp\/guerrero-vacio-de-poder-y-elecciones-en-vilo\/#breadcrumb","itemListElement":[{"@type":"ListItem","position":1,"name":"Portada","item":"https:\/\/laredsocial-noticias.com\/wp\/"},{"@type":"ListItem","position":2,"name":"GUERRERO, VAC\u00cdO DE PODER Y ELECCIONES EN VILO"}]},{"@type":"WebSite","@id":"https:\/\/laredsocial-noticias.com\/wp\/#website","url":"https:\/\/laredsocial-noticias.com\/wp\/","name":"NOTICIAS","description":"Lo que se ve y se dice en las redes sociales","potentialAction":[{"@type":"SearchAction","target":{"@type":"EntryPoint","urlTemplate":"https:\/\/laredsocial-noticias.com\/wp\/?s={search_term_string}"},"query-input":{"@type":"PropertyValueSpecification","valueRequired":true,"valueName":"search_term_string"}}],"inLanguage":"es"},{"@type":"Person","@id":"https:\/\/laredsocial-noticias.com\/wp\/#\/schema\/person\/0ce78643f2de7aae6f6ef10e8453a6e0","name":"Editor en Jefe","url":"https:\/\/laredsocial-noticias.com\/wp\/author\/jorgeochoa\/"}]}},"_links":{"self":[{"href":"https:\/\/laredsocial-noticias.com\/wp\/wp-json\/wp\/v2\/posts\/1004","targetHints":{"allow":["GET"]}}],"collection":[{"href":"https:\/\/laredsocial-noticias.com\/wp\/wp-json\/wp\/v2\/posts"}],"about":[{"href":"https:\/\/laredsocial-noticias.com\/wp\/wp-json\/wp\/v2\/types\/post"}],"author":[{"embeddable":true,"href":"https:\/\/laredsocial-noticias.com\/wp\/wp-json\/wp\/v2\/users\/1"}],"replies":[{"embeddable":true,"href":"https:\/\/laredsocial-noticias.com\/wp\/wp-json\/wp\/v2\/comments?post=1004"}],"version-history":[{"count":1,"href":"https:\/\/laredsocial-noticias.com\/wp\/wp-json\/wp\/v2\/posts\/1004\/revisions"}],"predecessor-version":[{"id":1005,"href":"https:\/\/laredsocial-noticias.com\/wp\/wp-json\/wp\/v2\/posts\/1004\/revisions\/1005"}],"wp:attachment":[{"href":"https:\/\/laredsocial-noticias.com\/wp\/wp-json\/wp\/v2\/media?parent=1004"}],"wp:term":[{"taxonomy":"category","embeddable":true,"href":"https:\/\/laredsocial-noticias.com\/wp\/wp-json\/wp\/v2\/categories?post=1004"},{"taxonomy":"post_tag","embeddable":true,"href":"https:\/\/laredsocial-noticias.com\/wp\/wp-json\/wp\/v2\/tags?post=1004"}],"curies":[{"name":"wp","href":"https:\/\/api.w.org\/{rel}","templated":true}]}}