{"id":100920,"date":"2018-10-12T09:49:52","date_gmt":"2018-10-12T14:49:52","guid":{"rendered":"http:\/\/laredsocial-noticias.com\/wp\/?p=100920"},"modified":"2018-10-12T10:53:07","modified_gmt":"2018-10-12T15:53:07","slug":"desecharan-diputados-tres-mil-582-iniciativas-de-las-lxii-y-lxiii-legislaturas","status":"publish","type":"post","link":"https:\/\/laredsocial-noticias.com\/wp\/desecharan-diputados-tres-mil-582-iniciativas-de-las-lxii-y-lxiii-legislaturas\/","title":{"rendered":"Desechar\u00e1n diputados tres mil 582 iniciativas de las LXII y LXIII Legislaturas"},"content":{"rendered":"<p>El Pleno cameral aprob\u00f3 ayer, en votaci\u00f3n econ\u00f3mica, el acuerdo de la Mesa Directiva por el que se declaran tres mil 582 iniciativas con proyecto de ley o decreto presentadas en las LXII y LXIII Legislaturas, cuyo plazo para ser dictaminadas y\/o resueltas ha vencido, como asuntos totalmente concluidos, precedi\u00e9ndose a su archivo definitivo.<\/p>\n<p>El documento precisa que no ser\u00e1n objeto del acuerdo, aquellas iniciativas que sean materia de procesos judiciales iniciados durante la legislatura anterior.<\/p>\n<p>Para ello, la Mesa Directiva publicar\u00e1 en la Gaceta Parlamentaria el listado de estos casos para su procesamiento, conforme a las resoluciones correspondientes y en el marco de lo que dispone el Reglamento de la C\u00e1mara de Diputados.<\/p>\n<p>Se argumenta que el art\u00edculo 184 de este ordenamiento, otorga a la Mesa Directiva la facultad para determinar lo conducente, y llevar al \u00e1mbito de resoluci\u00f3n del Pleno, aquellas iniciativas y minutas que no fueron dictaminadas por la comisi\u00f3n respectiva.<\/p>\n","protected":false},"excerpt":{"rendered":"<p>El Pleno cameral aprob\u00f3 ayer, en votaci\u00f3n econ\u00f3mica, el acuerdo de la Mesa Directiva por el que se declaran tres&#8230;<\/p>\n","protected":false},"author":1,"featured_media":0,"comment_status":"open","ping_status":"closed","sticky":false,"template":"","format":"standard","meta":{"footnotes":""},"categories":[6028,157,78,2801,6026,73],"tags":[6576,6577,4959,4663],"class_list":["post-100920","post","type-post","status-publish","format-standard","hentry","category-legislativas","category-legislativo","category-nacional","category-politica","category-portada","category-principal","tag-caducidad","tag-desechadas","tag-featured","tag-iniciativas"],"yoast_head":"<!-- This site is optimized with the Yoast SEO plugin v26.5 - https:\/\/yoast.com\/wordpress\/plugins\/seo\/ -->\n<title>Desechar\u00e1n diputados tres mil 582 iniciativas de las LXII y LXIII Legislaturas - NOTICIAS<\/title>\n<meta name=\"robots\" content=\"index, follow, max-snippet:-1, max-image-preview:large, max-video-preview:-1\" \/>\n<link rel=\"canonical\" href=\"https:\/\/laredsocial-noticias.com\/wp\/desecharan-diputados-tres-mil-582-iniciativas-de-las-lxii-y-lxiii-legislaturas\/\" \/>\n<meta property=\"og:locale\" content=\"es_ES\" \/>\n<meta property=\"og:type\" content=\"article\" \/>\n<meta property=\"og:title\" content=\"Desechar\u00e1n diputados tres mil 582 iniciativas de las LXII y LXIII Legislaturas - NOTICIAS\" \/>\n<meta property=\"og:description\" content=\"El Pleno cameral aprob\u00f3 ayer, en votaci\u00f3n econ\u00f3mica, el acuerdo de la Mesa Directiva por el que se declaran tres...\" \/>\n<meta property=\"og:url\" content=\"https:\/\/laredsocial-noticias.com\/wp\/desecharan-diputados-tres-mil-582-iniciativas-de-las-lxii-y-lxiii-legislaturas\/\" \/>\n<meta property=\"og:site_name\" content=\"NOTICIAS\" \/>\n<meta property=\"article:published_time\" content=\"2018-10-12T14:49:52+00:00\" \/>\n<meta property=\"article:modified_time\" content=\"2018-10-12T15:53:07+00:00\" \/>\n<meta property=\"og:image\" content=\"https:\/\/laredsocial-noticias.com\/wp\/wp-content\/uploads\/2018\/10\/c\u00e1mara-de-diputados2.jpg\" \/>\n\t<meta property=\"og:image:width\" content=\"700\" \/>\n\t<meta property=\"og:image:height\" content=\"400\" \/>\n\t<meta property=\"og:image:type\" content=\"image\/jpeg\" \/>\n<meta name=\"author\" content=\"Editor en Jefe\" \/>\n<meta name=\"twitter:card\" content=\"summary_large_image\" \/>\n<meta name=\"twitter:label1\" content=\"Escrito por\" \/>\n\t<meta name=\"twitter:data1\" content=\"Editor en Jefe\" \/>\n\t<meta name=\"twitter:label2\" content=\"Tiempo de lectura\" \/>\n\t<meta name=\"twitter:data2\" content=\"1 minuto\" \/>\n<!-- \/ Yoast SEO plugin. -->","yoast_head_json":{"title":"Desechar\u00e1n diputados tres mil 582 iniciativas de las LXII y LXIII Legislaturas - NOTICIAS","robots":{"index":"index","follow":"follow","max-snippet":"max-snippet:-1","max-image-preview":"max-image-preview:large","max-video-preview":"max-video-preview:-1"},"canonical":"https:\/\/laredsocial-noticias.com\/wp\/desecharan-diputados-tres-mil-582-iniciativas-de-las-lxii-y-lxiii-legislaturas\/","og_locale":"es_ES","og_type":"article","og_title":"Desechar\u00e1n diputados tres mil 582 iniciativas de las LXII y LXIII Legislaturas - NOTICIAS","og_description":"El Pleno cameral aprob\u00f3 ayer, en votaci\u00f3n econ\u00f3mica, el acuerdo de la Mesa Directiva por el que se declaran tres...","og_url":"https:\/\/laredsocial-noticias.com\/wp\/desecharan-diputados-tres-mil-582-iniciativas-de-las-lxii-y-lxiii-legislaturas\/","og_site_name":"NOTICIAS","article_published_time":"2018-10-12T14:49:52+00:00","article_modified_time":"2018-10-12T15:53:07+00:00","og_image":[{"width":700,"height":400,"url":"https:\/\/laredsocial-noticias.com\/wp\/wp-content\/uploads\/2018\/10\/c\u00e1mara-de-diputados2.jpg","type":"image\/jpeg"}],"author":"Editor en Jefe","twitter_card":"summary_large_image","twitter_misc":{"Escrito por":"Editor en Jefe","Tiempo de lectura":"1 minuto"},"schema":{"@context":"https:\/\/schema.org","@graph":[{"@type":"WebPage","@id":"https:\/\/laredsocial-noticias.com\/wp\/desecharan-diputados-tres-mil-582-iniciativas-de-las-lxii-y-lxiii-legislaturas\/","url":"https:\/\/laredsocial-noticias.com\/wp\/desecharan-diputados-tres-mil-582-iniciativas-de-las-lxii-y-lxiii-legislaturas\/","name":"Desechar\u00e1n diputados tres mil 582 iniciativas de las LXII y LXIII Legislaturas - NOTICIAS","isPartOf":{"@id":"https:\/\/laredsocial-noticias.com\/wp\/#website"},"datePublished":"2018-10-12T14:49:52+00:00","dateModified":"2018-10-12T15:53:07+00:00","author":{"@id":"https:\/\/laredsocial-noticias.com\/wp\/#\/schema\/person\/0ce78643f2de7aae6f6ef10e8453a6e0"},"breadcrumb":{"@id":"https:\/\/laredsocial-noticias.com\/wp\/desecharan-diputados-tres-mil-582-iniciativas-de-las-lxii-y-lxiii-legislaturas\/#breadcrumb"},"inLanguage":"es","potentialAction":[{"@type":"ReadAction","target":["https:\/\/laredsocial-noticias.com\/wp\/desecharan-diputados-tres-mil-582-iniciativas-de-las-lxii-y-lxiii-legislaturas\/"]}]},{"@type":"BreadcrumbList","@id":"https:\/\/laredsocial-noticias.com\/wp\/desecharan-diputados-tres-mil-582-iniciativas-de-las-lxii-y-lxiii-legislaturas\/#breadcrumb","itemListElement":[{"@type":"ListItem","position":1,"name":"Portada","item":"https:\/\/laredsocial-noticias.com\/wp\/"},{"@type":"ListItem","position":2,"name":"Desechar\u00e1n diputados tres mil 582 iniciativas de las LXII y LXIII Legislaturas"}]},{"@type":"WebSite","@id":"https:\/\/laredsocial-noticias.com\/wp\/#website","url":"https:\/\/laredsocial-noticias.com\/wp\/","name":"NOTICIAS","description":"Lo que se ve y se dice en las redes sociales","potentialAction":[{"@type":"SearchAction","target":{"@type":"EntryPoint","urlTemplate":"https:\/\/laredsocial-noticias.com\/wp\/?s={search_term_string}"},"query-input":{"@type":"PropertyValueSpecification","valueRequired":true,"valueName":"search_term_string"}}],"inLanguage":"es"},{"@type":"Person","@id":"https:\/\/laredsocial-noticias.com\/wp\/#\/schema\/person\/0ce78643f2de7aae6f6ef10e8453a6e0","name":"Editor en Jefe","url":"https:\/\/laredsocial-noticias.com\/wp\/author\/jorgeochoa\/"}]}},"_links":{"self":[{"href":"https:\/\/laredsocial-noticias.com\/wp\/wp-json\/wp\/v2\/posts\/100920","targetHints":{"allow":["GET"]}}],"collection":[{"href":"https:\/\/laredsocial-noticias.com\/wp\/wp-json\/wp\/v2\/posts"}],"about":[{"href":"https:\/\/laredsocial-noticias.com\/wp\/wp-json\/wp\/v2\/types\/post"}],"author":[{"embeddable":true,"href":"https:\/\/laredsocial-noticias.com\/wp\/wp-json\/wp\/v2\/users\/1"}],"replies":[{"embeddable":true,"href":"https:\/\/laredsocial-noticias.com\/wp\/wp-json\/wp\/v2\/comments?post=100920"}],"version-history":[{"count":1,"href":"https:\/\/laredsocial-noticias.com\/wp\/wp-json\/wp\/v2\/posts\/100920\/revisions"}],"predecessor-version":[{"id":100921,"href":"https:\/\/laredsocial-noticias.com\/wp\/wp-json\/wp\/v2\/posts\/100920\/revisions\/100921"}],"wp:attachment":[{"href":"https:\/\/laredsocial-noticias.com\/wp\/wp-json\/wp\/v2\/media?parent=100920"}],"wp:term":[{"taxonomy":"category","embeddable":true,"href":"https:\/\/laredsocial-noticias.com\/wp\/wp-json\/wp\/v2\/categories?post=100920"},{"taxonomy":"post_tag","embeddable":true,"href":"https:\/\/laredsocial-noticias.com\/wp\/wp-json\/wp\/v2\/tags?post=100920"}],"curies":[{"name":"wp","href":"https:\/\/api.w.org\/{rel}","templated":true}]}}