{"id":10179,"date":"2016-05-19T15:30:45","date_gmt":"2016-05-19T20:30:45","guid":{"rendered":"http:\/\/laredsocial-noticias.com\/wp\/?p=10179"},"modified":"2016-05-19T15:12:20","modified_gmt":"2016-05-19T20:12:20","slug":"america-extiende-contrato-con-zaguero-argentino-paolo-goltz","status":"publish","type":"post","link":"https:\/\/laredsocial-noticias.com\/wp\/america-extiende-contrato-con-zaguero-argentino-paolo-goltz\/","title":{"rendered":"Am\u00e9rica extiende contrato con zaguero argentino Paolo Goltz"},"content":{"rendered":"<p><strong>CIUDAD DE M\u00c9XICO, 19 de mayo, (REVANCHA DEPORTIVA \/ C\u00cdRCULO DIGITAL).-\u00a0<\/strong>Am\u00e9rica extendi\u00f3 este jueves el contrato del zaguero argentino Paolo Goltz, quien estar\u00e1 vinculado a hasta 2018, una vez que se lleg\u00f3 al acuerdo con la directiva.<\/p>\n<div class=\"desarrollo\">\n<p>Al t\u00e9rmino del entrenamiento del equipo en Coapa, el defensor pampero estamp\u00f3 su r\u00fabrica bajo la supervisi\u00f3n del director deportivo Ricardo Pel\u00e1ez y del presidente operativo Jos\u00e9 Romano.<\/p>\n<p>El conjunto americanista resalt\u00f3 el gran aporte del defensa central gracias a &#8220;su gran fortaleza en zona defensiva, su mentalidad y actitud lo colocan como un l\u00edder en la zaga americanista&#8221;.<\/p>\n<p>Record\u00f3 que es un jugador que tambi\u00e9n sabe colaborar en el ataque cuando es necesario, \u201csu ubicaci\u00f3n en jugadas ofensivas lo hacen un peligro en jugadas a bal\u00f3n parado, situaci\u00f3n en la que ha conseguido valiosas anotaciones como en los cuartos de final del Apertura 2014 ante Pumas&#8221;.<\/p>\n<p>Goltz, quien arrib\u00f3 hace dos a\u00f1os al Am\u00e9rica, acumula una Liga MX y una Liga de Campeones de la Concacaf, y en la actualidad es titular indiscutible en el esquema del t\u00e9cnico Ignacio Ambriz.<\/p>\n<\/div>\n<p>&nbsp;<\/p>\n","protected":false},"excerpt":{"rendered":"<p>CIUDAD DE M\u00c9XICO, 19 de mayo, (REVANCHA DEPORTIVA \/ C\u00cdRCULO DIGITAL).-\u00a0Am\u00e9rica extendi\u00f3 este jueves el contrato del zaguero argentino Paolo&#8230;<\/p>\n","protected":false},"author":1,"featured_media":0,"comment_status":"closed","ping_status":"closed","sticky":false,"template":"","format":"standard","meta":{"footnotes":""},"categories":[1796,337,73],"tags":[670,77],"class_list":["post-10179","post","type-post","status-publish","format-standard","hentry","category-circulodigital","category-deportes","category-principal","tag-deportes","tag-principal"],"yoast_head":"<!-- This site is optimized with the Yoast SEO plugin v26.5 - https:\/\/yoast.com\/wordpress\/plugins\/seo\/ -->\n<title>Am\u00e9rica extiende contrato con zaguero argentino Paolo Goltz - NOTICIAS<\/title>\n<meta name=\"robots\" content=\"index, follow, max-snippet:-1, max-image-preview:large, max-video-preview:-1\" \/>\n<link rel=\"canonical\" href=\"https:\/\/laredsocial-noticias.com\/wp\/america-extiende-contrato-con-zaguero-argentino-paolo-goltz\/\" \/>\n<meta property=\"og:locale\" content=\"es_ES\" \/>\n<meta property=\"og:type\" content=\"article\" \/>\n<meta property=\"og:title\" content=\"Am\u00e9rica extiende contrato con zaguero argentino Paolo Goltz - NOTICIAS\" \/>\n<meta property=\"og:description\" content=\"CIUDAD DE M\u00c9XICO, 19 de mayo, (REVANCHA DEPORTIVA \/ C\u00cdRCULO DIGITAL).-\u00a0Am\u00e9rica extendi\u00f3 este jueves el contrato del zaguero argentino Paolo...\" \/>\n<meta property=\"og:url\" content=\"https:\/\/laredsocial-noticias.com\/wp\/america-extiende-contrato-con-zaguero-argentino-paolo-goltz\/\" \/>\n<meta property=\"og:site_name\" content=\"NOTICIAS\" \/>\n<meta property=\"article:published_time\" content=\"2016-05-19T20:30:45+00:00\" \/>\n<meta name=\"author\" content=\"Editor en Jefe\" \/>\n<meta name=\"twitter:card\" content=\"summary_large_image\" \/>\n<meta name=\"twitter:label1\" content=\"Escrito por\" \/>\n\t<meta name=\"twitter:data1\" content=\"Editor en Jefe\" \/>\n\t<meta name=\"twitter:label2\" content=\"Tiempo de lectura\" \/>\n\t<meta name=\"twitter:data2\" content=\"1 minuto\" \/>\n<!-- \/ Yoast SEO plugin. -->","yoast_head_json":{"title":"Am\u00e9rica extiende contrato con zaguero argentino Paolo Goltz - NOTICIAS","robots":{"index":"index","follow":"follow","max-snippet":"max-snippet:-1","max-image-preview":"max-image-preview:large","max-video-preview":"max-video-preview:-1"},"canonical":"https:\/\/laredsocial-noticias.com\/wp\/america-extiende-contrato-con-zaguero-argentino-paolo-goltz\/","og_locale":"es_ES","og_type":"article","og_title":"Am\u00e9rica extiende contrato con zaguero argentino Paolo Goltz - NOTICIAS","og_description":"CIUDAD DE M\u00c9XICO, 19 de mayo, (REVANCHA DEPORTIVA \/ C\u00cdRCULO DIGITAL).-\u00a0Am\u00e9rica extendi\u00f3 este jueves el contrato del zaguero argentino Paolo...","og_url":"https:\/\/laredsocial-noticias.com\/wp\/america-extiende-contrato-con-zaguero-argentino-paolo-goltz\/","og_site_name":"NOTICIAS","article_published_time":"2016-05-19T20:30:45+00:00","author":"Editor en Jefe","twitter_card":"summary_large_image","twitter_misc":{"Escrito por":"Editor en Jefe","Tiempo de lectura":"1 minuto"},"schema":{"@context":"https:\/\/schema.org","@graph":[{"@type":"WebPage","@id":"https:\/\/laredsocial-noticias.com\/wp\/america-extiende-contrato-con-zaguero-argentino-paolo-goltz\/","url":"https:\/\/laredsocial-noticias.com\/wp\/america-extiende-contrato-con-zaguero-argentino-paolo-goltz\/","name":"Am\u00e9rica extiende contrato con zaguero argentino Paolo Goltz - NOTICIAS","isPartOf":{"@id":"https:\/\/laredsocial-noticias.com\/wp\/#website"},"datePublished":"2016-05-19T20:30:45+00:00","author":{"@id":"https:\/\/laredsocial-noticias.com\/wp\/#\/schema\/person\/0ce78643f2de7aae6f6ef10e8453a6e0"},"breadcrumb":{"@id":"https:\/\/laredsocial-noticias.com\/wp\/america-extiende-contrato-con-zaguero-argentino-paolo-goltz\/#breadcrumb"},"inLanguage":"es","potentialAction":[{"@type":"ReadAction","target":["https:\/\/laredsocial-noticias.com\/wp\/america-extiende-contrato-con-zaguero-argentino-paolo-goltz\/"]}]},{"@type":"BreadcrumbList","@id":"https:\/\/laredsocial-noticias.com\/wp\/america-extiende-contrato-con-zaguero-argentino-paolo-goltz\/#breadcrumb","itemListElement":[{"@type":"ListItem","position":1,"name":"Portada","item":"https:\/\/laredsocial-noticias.com\/wp\/"},{"@type":"ListItem","position":2,"name":"Am\u00e9rica extiende contrato con zaguero argentino Paolo Goltz"}]},{"@type":"WebSite","@id":"https:\/\/laredsocial-noticias.com\/wp\/#website","url":"https:\/\/laredsocial-noticias.com\/wp\/","name":"NOTICIAS","description":"Lo que se ve y se dice en las redes sociales","potentialAction":[{"@type":"SearchAction","target":{"@type":"EntryPoint","urlTemplate":"https:\/\/laredsocial-noticias.com\/wp\/?s={search_term_string}"},"query-input":{"@type":"PropertyValueSpecification","valueRequired":true,"valueName":"search_term_string"}}],"inLanguage":"es"},{"@type":"Person","@id":"https:\/\/laredsocial-noticias.com\/wp\/#\/schema\/person\/0ce78643f2de7aae6f6ef10e8453a6e0","name":"Editor en Jefe","url":"https:\/\/laredsocial-noticias.com\/wp\/author\/jorgeochoa\/"}]}},"_links":{"self":[{"href":"https:\/\/laredsocial-noticias.com\/wp\/wp-json\/wp\/v2\/posts\/10179","targetHints":{"allow":["GET"]}}],"collection":[{"href":"https:\/\/laredsocial-noticias.com\/wp\/wp-json\/wp\/v2\/posts"}],"about":[{"href":"https:\/\/laredsocial-noticias.com\/wp\/wp-json\/wp\/v2\/types\/post"}],"author":[{"embeddable":true,"href":"https:\/\/laredsocial-noticias.com\/wp\/wp-json\/wp\/v2\/users\/1"}],"replies":[{"embeddable":true,"href":"https:\/\/laredsocial-noticias.com\/wp\/wp-json\/wp\/v2\/comments?post=10179"}],"version-history":[{"count":1,"href":"https:\/\/laredsocial-noticias.com\/wp\/wp-json\/wp\/v2\/posts\/10179\/revisions"}],"predecessor-version":[{"id":10180,"href":"https:\/\/laredsocial-noticias.com\/wp\/wp-json\/wp\/v2\/posts\/10179\/revisions\/10180"}],"wp:attachment":[{"href":"https:\/\/laredsocial-noticias.com\/wp\/wp-json\/wp\/v2\/media?parent=10179"}],"wp:term":[{"taxonomy":"category","embeddable":true,"href":"https:\/\/laredsocial-noticias.com\/wp\/wp-json\/wp\/v2\/categories?post=10179"},{"taxonomy":"post_tag","embeddable":true,"href":"https:\/\/laredsocial-noticias.com\/wp\/wp-json\/wp\/v2\/tags?post=10179"}],"curies":[{"name":"wp","href":"https:\/\/api.w.org\/{rel}","templated":true}]}}