{"id":10200,"date":"2016-05-19T19:00:17","date_gmt":"2016-05-20T00:00:17","guid":{"rendered":"http:\/\/laredsocial-noticias.com\/wp\/?p=10200"},"modified":"2016-05-19T17:21:01","modified_gmt":"2016-05-19T22:21:01","slug":"primera-sala-avala-intervencion-de-llamadas-ante-peligro-real","status":"publish","type":"post","link":"https:\/\/laredsocial-noticias.com\/wp\/primera-sala-avala-intervencion-de-llamadas-ante-peligro-real\/","title":{"rendered":"Primera Sala avala intervenci\u00f3n de llamadas ante peligro real"},"content":{"rendered":"<p><strong>CIUDAD DE M\u00c9XICO, 19 de mayo, (MENSAJE POL\u00cdTICO \/ C\u00cdRCULO DIGITAL).-\u00a0<\/strong>La Primera Sala de la Suprema Corte de Justicia de la Naci\u00f3n (SCJN) resolvi\u00f3, a propuesta del Ministro Arturo Zald\u00edvar Lelo de Larrea, el amparo directo en revisi\u00f3n 3886\/2013, que tiene que ver con el secuestro y desaparici\u00f3n de una joven en el Estado de Chihuahua, y con la solicitud del Ministerio P\u00fablico (MP) a una empresa de telefon\u00eda del registro de llamadas en el tel\u00e9fono celular tanto de la v\u00edctima o \u201cpersona secuestrada\u201d, como del sentenciado solicitante del amparo y, si en el caso, es constitucional dicha solicitud.<\/p>\n<p>&nbsp;<\/p>\n<p>En el asunto, la desaparecida que reci\u00e9n alcanz\u00f3 la mayor\u00eda de edad sosten\u00eda una relaci\u00f3n sentimental con el aqu\u00ed quejoso a quien le comunic\u00f3 que estaba embarazada y que el hijo era suyo. Seg\u00fan antecedentes, ante la noticia \u00e9ste manifest\u00f3 estar en desacuerdo que lo tuviera y le pidi\u00f3 abortar. El veintiuno de febrero de dos mil siete, acudi\u00f3 a su domicilio a buscarla y se retiraron juntos, sin que la v\u00edctima regresara desde ese d\u00eda.<\/p>\n<p>&nbsp;<\/p>\n<p>El MP solicit\u00f3 a una empresa de telefon\u00eda m\u00f3vil el comportamiento telef\u00f3nico de llamadas entrantes y salientes, as\u00ed como de los mensajes de los n\u00fameros de celular pertenecientes a la v\u00edctima del delito de secuestro y al entonces indiciado, sin orden judicial, lo cual se desahog\u00f3 como prueba para acreditar el citado il\u00edcito en contra del aqu\u00ed quejoso. Inconforme promovi\u00f3 diversos recursos y, finalmente el juicio de amparo que da origen al presente recurso de revisi\u00f3n.<\/p>\n<p>&nbsp;<\/p>\n<p>La Primera Sala determin\u00f3 que el derecho a la inviolabilidad de las comunicaciones implica que \u00e9stas se mantendr\u00e1n en todo momento protegidas, frente a cualquier intervenci\u00f3n no consentida por quienes participan en la comunicaci\u00f3n o autorizada por una autoridad judicial que funde y motive su decisi\u00f3n.<\/p>\n<p>&nbsp;<\/p>\n<p>Sin embargo, no se viola ese derecho fundamental cuando derivado de la posible comisi\u00f3n de un il\u00edcito penal, como en el presente asunto, la v\u00edctima est\u00e9 en un peligro real e inminente y se ve impedida para dar su consentimiento en la intervenci\u00f3n de la comunicaci\u00f3n en la que es o fue parte, por lo que bajo estas circunstancias podemos considerar la existencia de un consentimiento impl\u00edcito. Ello, con el objeto de lograr ubicarla, en aras de hacer cesar el delito y preservar su vida e integridad f\u00edsica.<\/p>\n<p>&nbsp;<\/p>\n<p>&nbsp;<\/p>\n<p>En cuanto a la informaci\u00f3n referente a la ubicaci\u00f3n geogr\u00e1fica de los equipos celular de la v\u00edctima, tampoco se estima violatoria del art\u00edculo 16 constitucional, pues el objetivo principal de la geolocalizaci\u00f3n es la ubicaci\u00f3n de equipos m\u00f3viles y no de personas.<\/p>\n<p>&nbsp;<\/p>\n<p>En este sentido, se confirm\u00f3 la sentencia recurrida que determin\u00f3 que la informaci\u00f3n proporcionada por la empresa de telefon\u00eda en el que se detallan los datos de llamadas y mensajes de texto, como la transferencia de saldo al n\u00famero de la v\u00edctima, previa a la salida de tres mensajes al n\u00famero de celular del ahora quejoso, no viola el derecho a la inviolabilidad de las comunicaciones privadas, al advertirse que el MP, con base en la urgencia del caso actu\u00f3 en aras de localizar a la v\u00edctima, por lo que tambi\u00e9n resultan v\u00e1lidas las diversas pruebas derivadas de dicha intervenci\u00f3n.<\/p>\n<p>&nbsp;<\/p>\n","protected":false},"excerpt":{"rendered":"<p>CIUDAD DE M\u00c9XICO, 19 de mayo, (MENSAJE POL\u00cdTICO \/ C\u00cdRCULO DIGITAL).-\u00a0La Primera Sala de la Suprema Corte de Justicia de&#8230;<\/p>\n","protected":false},"author":1,"featured_media":0,"comment_status":"closed","ping_status":"closed","sticky":false,"template":"","format":"standard","meta":{"footnotes":""},"categories":[1796,157,73],"tags":[156,77],"class_list":["post-10200","post","type-post","status-publish","format-standard","hentry","category-circulodigital","category-legislativo","category-principal","tag-legislativo","tag-principal"],"yoast_head":"<!-- This site is optimized with the Yoast SEO plugin v26.5 - https:\/\/yoast.com\/wordpress\/plugins\/seo\/ -->\n<title>Primera Sala avala intervenci\u00f3n de llamadas ante peligro real - NOTICIAS<\/title>\n<meta name=\"robots\" content=\"index, follow, max-snippet:-1, max-image-preview:large, max-video-preview:-1\" \/>\n<link rel=\"canonical\" href=\"https:\/\/laredsocial-noticias.com\/wp\/primera-sala-avala-intervencion-de-llamadas-ante-peligro-real\/\" \/>\n<meta property=\"og:locale\" content=\"es_ES\" \/>\n<meta property=\"og:type\" content=\"article\" \/>\n<meta property=\"og:title\" content=\"Primera Sala avala intervenci\u00f3n de llamadas ante peligro real - NOTICIAS\" \/>\n<meta property=\"og:description\" content=\"CIUDAD DE M\u00c9XICO, 19 de mayo, (MENSAJE POL\u00cdTICO \/ C\u00cdRCULO DIGITAL).-\u00a0La Primera Sala de la Suprema Corte de Justicia de...\" \/>\n<meta property=\"og:url\" content=\"https:\/\/laredsocial-noticias.com\/wp\/primera-sala-avala-intervencion-de-llamadas-ante-peligro-real\/\" \/>\n<meta property=\"og:site_name\" content=\"NOTICIAS\" \/>\n<meta property=\"article:published_time\" content=\"2016-05-20T00:00:17+00:00\" \/>\n<meta name=\"author\" content=\"Editor en Jefe\" \/>\n<meta name=\"twitter:card\" content=\"summary_large_image\" \/>\n<meta name=\"twitter:label1\" content=\"Escrito por\" \/>\n\t<meta name=\"twitter:data1\" content=\"Editor en Jefe\" \/>\n\t<meta name=\"twitter:label2\" content=\"Tiempo de lectura\" \/>\n\t<meta name=\"twitter:data2\" content=\"3 minutos\" \/>\n<!-- \/ Yoast SEO plugin. -->","yoast_head_json":{"title":"Primera Sala avala intervenci\u00f3n de llamadas ante peligro real - NOTICIAS","robots":{"index":"index","follow":"follow","max-snippet":"max-snippet:-1","max-image-preview":"max-image-preview:large","max-video-preview":"max-video-preview:-1"},"canonical":"https:\/\/laredsocial-noticias.com\/wp\/primera-sala-avala-intervencion-de-llamadas-ante-peligro-real\/","og_locale":"es_ES","og_type":"article","og_title":"Primera Sala avala intervenci\u00f3n de llamadas ante peligro real - NOTICIAS","og_description":"CIUDAD DE M\u00c9XICO, 19 de mayo, (MENSAJE POL\u00cdTICO \/ C\u00cdRCULO DIGITAL).-\u00a0La Primera Sala de la Suprema Corte de Justicia de...","og_url":"https:\/\/laredsocial-noticias.com\/wp\/primera-sala-avala-intervencion-de-llamadas-ante-peligro-real\/","og_site_name":"NOTICIAS","article_published_time":"2016-05-20T00:00:17+00:00","author":"Editor en Jefe","twitter_card":"summary_large_image","twitter_misc":{"Escrito por":"Editor en Jefe","Tiempo de lectura":"3 minutos"},"schema":{"@context":"https:\/\/schema.org","@graph":[{"@type":"WebPage","@id":"https:\/\/laredsocial-noticias.com\/wp\/primera-sala-avala-intervencion-de-llamadas-ante-peligro-real\/","url":"https:\/\/laredsocial-noticias.com\/wp\/primera-sala-avala-intervencion-de-llamadas-ante-peligro-real\/","name":"Primera Sala avala intervenci\u00f3n de llamadas ante peligro real - NOTICIAS","isPartOf":{"@id":"https:\/\/laredsocial-noticias.com\/wp\/#website"},"datePublished":"2016-05-20T00:00:17+00:00","author":{"@id":"https:\/\/laredsocial-noticias.com\/wp\/#\/schema\/person\/0ce78643f2de7aae6f6ef10e8453a6e0"},"breadcrumb":{"@id":"https:\/\/laredsocial-noticias.com\/wp\/primera-sala-avala-intervencion-de-llamadas-ante-peligro-real\/#breadcrumb"},"inLanguage":"es","potentialAction":[{"@type":"ReadAction","target":["https:\/\/laredsocial-noticias.com\/wp\/primera-sala-avala-intervencion-de-llamadas-ante-peligro-real\/"]}]},{"@type":"BreadcrumbList","@id":"https:\/\/laredsocial-noticias.com\/wp\/primera-sala-avala-intervencion-de-llamadas-ante-peligro-real\/#breadcrumb","itemListElement":[{"@type":"ListItem","position":1,"name":"Portada","item":"https:\/\/laredsocial-noticias.com\/wp\/"},{"@type":"ListItem","position":2,"name":"Primera Sala avala intervenci\u00f3n de llamadas ante peligro real"}]},{"@type":"WebSite","@id":"https:\/\/laredsocial-noticias.com\/wp\/#website","url":"https:\/\/laredsocial-noticias.com\/wp\/","name":"NOTICIAS","description":"Lo que se ve y se dice en las redes sociales","potentialAction":[{"@type":"SearchAction","target":{"@type":"EntryPoint","urlTemplate":"https:\/\/laredsocial-noticias.com\/wp\/?s={search_term_string}"},"query-input":{"@type":"PropertyValueSpecification","valueRequired":true,"valueName":"search_term_string"}}],"inLanguage":"es"},{"@type":"Person","@id":"https:\/\/laredsocial-noticias.com\/wp\/#\/schema\/person\/0ce78643f2de7aae6f6ef10e8453a6e0","name":"Editor en Jefe","url":"https:\/\/laredsocial-noticias.com\/wp\/author\/jorgeochoa\/"}]}},"_links":{"self":[{"href":"https:\/\/laredsocial-noticias.com\/wp\/wp-json\/wp\/v2\/posts\/10200","targetHints":{"allow":["GET"]}}],"collection":[{"href":"https:\/\/laredsocial-noticias.com\/wp\/wp-json\/wp\/v2\/posts"}],"about":[{"href":"https:\/\/laredsocial-noticias.com\/wp\/wp-json\/wp\/v2\/types\/post"}],"author":[{"embeddable":true,"href":"https:\/\/laredsocial-noticias.com\/wp\/wp-json\/wp\/v2\/users\/1"}],"replies":[{"embeddable":true,"href":"https:\/\/laredsocial-noticias.com\/wp\/wp-json\/wp\/v2\/comments?post=10200"}],"version-history":[{"count":1,"href":"https:\/\/laredsocial-noticias.com\/wp\/wp-json\/wp\/v2\/posts\/10200\/revisions"}],"predecessor-version":[{"id":10201,"href":"https:\/\/laredsocial-noticias.com\/wp\/wp-json\/wp\/v2\/posts\/10200\/revisions\/10201"}],"wp:attachment":[{"href":"https:\/\/laredsocial-noticias.com\/wp\/wp-json\/wp\/v2\/media?parent=10200"}],"wp:term":[{"taxonomy":"category","embeddable":true,"href":"https:\/\/laredsocial-noticias.com\/wp\/wp-json\/wp\/v2\/categories?post=10200"},{"taxonomy":"post_tag","embeddable":true,"href":"https:\/\/laredsocial-noticias.com\/wp\/wp-json\/wp\/v2\/tags?post=10200"}],"curies":[{"name":"wp","href":"https:\/\/api.w.org\/{rel}","templated":true}]}}