{"id":102359,"date":"2018-11-01T10:36:03","date_gmt":"2018-11-01T16:36:03","guid":{"rendered":"http:\/\/laredsocial-noticias.com\/wp\/?p=102359"},"modified":"2018-11-01T11:36:52","modified_gmt":"2018-11-01T16:36:52","slug":"entrega-de-las-lunas-del-auditorio-ofrecen-una-velada-espectacular","status":"publish","type":"post","link":"https:\/\/laredsocial-noticias.com\/wp\/entrega-de-las-lunas-del-auditorio-ofrecen-una-velada-espectacular\/","title":{"rendered":"Entrega de las Lunas del Auditorio ofrecen una velada espectacular"},"content":{"rendered":"<p>El Auditorio Nacional se viste de gala con la entrega de los premios Las Lunas del Auditorio, que celebran a lo mejor del espect\u00e1culo, en donde entre sorpresas y espectaculares presentaciones, destacaron el bailar\u00edn Isaac Hern\u00e1ndez y la cantante Yuri.<\/p>\n<p>Isaac Hern\u00e1ndez, el bailar\u00edn de ballet que ha sido galardonado mundialmente con el Benois de la Danse que otorga la Asociaci\u00f3n Internacional de la Danza de Mosc\u00fa, ahora fue premiado con una Luna en un reconocimiento especial a la \u201cTrayectoria internacional\u201d, siendo el \u00fanico que hizo que las miles de personas del recinto se pusieran de pie.<\/p>\n<p>\u201cLa verdad es incre\u00edble, agradezco mucho al Auditorio por este reconocimiento, porque he vivido emociones muy especiales en este lugar y es emocionante tambi\u00e9n estar ante un p\u00fablico que yo considero que no es mi p\u00fablico hasta cierto punto porque nos re\u00fane a ciertos sectores del entretenimiento\u201d, dijo el bailar\u00edn en la sala de prensa.<\/p>\n<p>Por otra parte una de las artistas m\u00e1s esperadas de la noche fue Yuri, que con un vestido con lentejuelas tornasol, subi\u00f3 al escenario en la segunda mitad del evento, haciendo bailar y gritar de euforia a los presentes, y en un momento sorpresivo el grupo Matisse se uni\u00f3 a la presentaci\u00f3n de la veracruzana.<\/p>\n<p>\u201cBueno chicos yo no me he ganado nada esta noche, pero a m\u00ed me encanta\u00a0 divertir y me siento feliz de haber estado en esta entrega de premios, porque yo alguna vez ya me gan\u00e9 la Luna, ya me he ganado la Luna, el Sol, las estrellas y a todo el p\u00fablico que m\u00e1s quiero\u201d, coment\u00f3 a los medios de comunicaci\u00f3n.<\/p>\n<p>Y de una manera muy humor\u00edstica expres\u00f3 su sentir, al perder la presea en la terna \u201cBalada\u201d, en donde gan\u00f3 Carlos Rivera, \u201chay mana es que para que me ponen con Carlos Rivera y con el Luis Miguel, pues tampoco, uno siente, es como si me pusieran con una miss Universo, una jirafota y yo tan enana, que sean parejos de veras\u201d, haciendo re\u00edr a carcajadas a la prensa que la esperaba desde la alfombra roja, en la que no desfil\u00f3.<\/p>\n<p>La velada que comenz\u00f3 a las 20:15 horas, con un performance de Caf\u00e9 Tacuba, fueron los que encendieron la noche y calmaron las ansias de los miles de presentes que esperaban saber qui\u00e9nes ganar\u00edan las tan deseadas Lunas.<\/p>\n<p>Bajo la conducci\u00f3n de Paola Rojas, Natalia T\u00e9llez y Arath de la Torre, se entregaron los primeros de la noche, en donde los galardonados fueron la Filarm\u00f3nica de Viena dirigida por Gustavo Dudamel en la categor\u00eda de \u201cEspect\u00e1culo cl\u00e1sico\u201d, el Cirque Du Solei: S\u00e9p7imo d\u00eda \u2013 No descansar\u00e9 como mejor \u201cEspect\u00e1culo alternativo\u201d, Disney On Ice: sigue tus emociones en \u201cEspect\u00e1culo familiar\u201d, y como mejor \u201cBallet\u201d se lo llev\u00f3 el Ballet de Monterrey.<\/p>\n<p>Continu\u00f3 el show con Edith M\u00e1rquez, quien puso un poco de romanticismo al evento, con la espectacular voz que la identifica y al t\u00e9rmino continuaron las premiaciones al Ballet Folkl\u00f3rico de M\u00e9xico de Amalia Hern\u00e1ndez en la terna de \u201cDanza tradicional\u201d, 45 Festival Cervantino, al mejor \u201cFestival\u201d, Omara Portuondo y Diego \u201cEl Cigala\u201d, en \u201cM\u00fasica tradicional\u201d y El David Aguilar en \u201cRevelaci\u00f3n\u201d.<\/p>\n<p>Dando paso a una presentaci\u00f3n m\u00e1gica por parte del elenco de la puesta en escena de \u201cLos Miserables\u201d que interpretaron algunas piezas musicales de la obra, y con esto sigui\u00f3 la premiaci\u00f3n del mejor \u201cMusical teatral\u201d siendo Billy Elliot, el musical, el gran vencedor de la Luna.<\/p>\n<p>Con una gran producci\u00f3n, y un escenario que se transformaba y mostraba diferentes escenograf\u00edas, se fueron presentando los diferentes artistas que con su m\u00fasica amenizaban la entrega de las Lunas, haciendo pasar una noche con mucho ritmo y baile a los presentes, que no dejaron de aplaudir y gritar, sobre todo cuando ve\u00edan a sus artistas preferidos.<\/p>\n<p>Y as\u00ed sucesivamente entre las presentaciones de La Arrolladora Banda el Lim\u00f3n, Mario Bautista y Sof\u00eda Reyes; se llevaron las Lunas el grupo La Santa Cecilia en \u201cWorld music\u201d; Jorge Drexler en mejor \u201cM\u00fasica Iberoamericana\u201d; Aida Cuevas en \u201cM\u00fasica mexicana\u201d; Diana Krall en \u201cJazz y Blues\u201d; Dimitri Vegas &amp; Like Mike a la mejor \u201cM\u00fasica electr\u00f3nica\u201d y Willie Col\u00f3n, en \u201cM\u00fasica afroamericana\u201d.<\/p>\n<p>Ya acerc\u00e1ndose la recta final fue la aparici\u00f3n de La \u00danica Internacional Sonora Santanera, Love of Lesbian y Yuri, en donde se entregaron los premios m\u00e1s esperados por algunos, como la Luna al mejor grupo de \u201cRock en espa\u00f1ol\u201d ganado por el grupo Caf\u00e9 Tacuba, en la categor\u00eda de \u201cPop en espa\u00f1ol\u201d fue Timbiriche el elegido y en \u201cPop lengua extranjera\u201d Bruno Mars.<\/p>\n<p>Fey fue la encargada de cerrar el evento con un remix de varios de sus \u00e9xitos, para dar paso a las ultimas premiaciones de la noche, la Luna a mejor \u201cRock en lengua extranjera\u201d fue para Depeche Mode, y la Luna para \u201cM\u00fasica urbana\u201d se la llev\u00f3 J Balvin.<\/p>\n<p>Durante todo el evento se entregaron algunos reconocimientos especiales, aparte de Isaac Hern\u00e1ndez; a Horacio Franco en \u201cTrayectoria art\u00edstica\u201d, Teatro de la Ciudad Esperanza Iris en \u201cRecinto emblem\u00e1tico\u201d y Patricia Reyes Esp\u00edndola en \u201cUna vida en el escenario\u201d.<\/p>\n<p>Lamentablemente varios de los galardonados no pudieron asistir al evento por diversos motivos, as\u00ed que representantes de sus disqueras u otras personalidades, recibieron el premio en su nombre, algunos de ellos hicieron un video con anterioridad que se transmiti\u00f3 en el evento para agradecer el reconocimiento.<\/p>\n<p>Entre los ausentes se encontraron Diana Krall, Dimitri Vegas &amp; Like Mike, Bruno Mars, Carlos Rivera, Depeche Mode, entre otros.<\/p>\n","protected":false},"excerpt":{"rendered":"<p>El Auditorio Nacional se viste de gala con la entrega de los premios Las Lunas del Auditorio, que celebran a&#8230;<\/p>\n","protected":false},"author":1,"featured_media":0,"comment_status":"open","ping_status":"closed","sticky":false,"template":"","format":"standard","meta":{"footnotes":""},"categories":[],"tags":[],"class_list":["post-102359","post","type-post","status-publish","format-standard","hentry"],"yoast_head":"<!-- This site is optimized with the Yoast SEO plugin v26.5 - https:\/\/yoast.com\/wordpress\/plugins\/seo\/ -->\n<title>Entrega de las Lunas del Auditorio ofrecen una velada espectacular - NOTICIAS<\/title>\n<meta name=\"robots\" content=\"index, follow, max-snippet:-1, max-image-preview:large, max-video-preview:-1\" \/>\n<link rel=\"canonical\" href=\"https:\/\/laredsocial-noticias.com\/wp\/entrega-de-las-lunas-del-auditorio-ofrecen-una-velada-espectacular\/\" \/>\n<meta property=\"og:locale\" content=\"es_ES\" \/>\n<meta property=\"og:type\" content=\"article\" \/>\n<meta property=\"og:title\" content=\"Entrega de las Lunas del Auditorio ofrecen una velada espectacular - NOTICIAS\" \/>\n<meta property=\"og:description\" content=\"El Auditorio Nacional se viste de gala con la entrega de los premios Las Lunas del Auditorio, que celebran a...\" \/>\n<meta property=\"og:url\" content=\"https:\/\/laredsocial-noticias.com\/wp\/entrega-de-las-lunas-del-auditorio-ofrecen-una-velada-espectacular\/\" \/>\n<meta property=\"og:site_name\" content=\"NOTICIAS\" \/>\n<meta property=\"article:published_time\" content=\"2018-11-01T16:36:03+00:00\" \/>\n<meta property=\"article:modified_time\" content=\"2018-11-01T16:36:52+00:00\" \/>\n<meta property=\"og:image\" content=\"https:\/\/laredsocial-noticias.com\/wp\/wp-content\/uploads\/2018\/11\/81101016.jpg\" \/>\n\t<meta property=\"og:image:width\" content=\"5184\" \/>\n\t<meta property=\"og:image:height\" content=\"3456\" \/>\n\t<meta property=\"og:image:type\" content=\"image\/jpeg\" \/>\n<meta name=\"author\" content=\"Editor en Jefe\" \/>\n<meta name=\"twitter:card\" content=\"summary_large_image\" \/>\n<meta name=\"twitter:label1\" content=\"Escrito por\" \/>\n\t<meta name=\"twitter:data1\" content=\"Editor en Jefe\" \/>\n\t<meta name=\"twitter:label2\" content=\"Tiempo de lectura\" \/>\n\t<meta name=\"twitter:data2\" content=\"5 minutos\" \/>\n<!-- \/ Yoast SEO plugin. -->","yoast_head_json":{"title":"Entrega de las Lunas del Auditorio ofrecen una velada espectacular - NOTICIAS","robots":{"index":"index","follow":"follow","max-snippet":"max-snippet:-1","max-image-preview":"max-image-preview:large","max-video-preview":"max-video-preview:-1"},"canonical":"https:\/\/laredsocial-noticias.com\/wp\/entrega-de-las-lunas-del-auditorio-ofrecen-una-velada-espectacular\/","og_locale":"es_ES","og_type":"article","og_title":"Entrega de las Lunas del Auditorio ofrecen una velada espectacular - NOTICIAS","og_description":"El Auditorio Nacional se viste de gala con la entrega de los premios Las Lunas del Auditorio, que celebran a...","og_url":"https:\/\/laredsocial-noticias.com\/wp\/entrega-de-las-lunas-del-auditorio-ofrecen-una-velada-espectacular\/","og_site_name":"NOTICIAS","article_published_time":"2018-11-01T16:36:03+00:00","article_modified_time":"2018-11-01T16:36:52+00:00","og_image":[{"width":5184,"height":3456,"url":"https:\/\/laredsocial-noticias.com\/wp\/wp-content\/uploads\/2018\/11\/81101016.jpg","type":"image\/jpeg"}],"author":"Editor en Jefe","twitter_card":"summary_large_image","twitter_misc":{"Escrito por":"Editor en Jefe","Tiempo de lectura":"5 minutos"},"schema":{"@context":"https:\/\/schema.org","@graph":[{"@type":"WebPage","@id":"https:\/\/laredsocial-noticias.com\/wp\/entrega-de-las-lunas-del-auditorio-ofrecen-una-velada-espectacular\/","url":"https:\/\/laredsocial-noticias.com\/wp\/entrega-de-las-lunas-del-auditorio-ofrecen-una-velada-espectacular\/","name":"Entrega de las Lunas del Auditorio ofrecen una velada espectacular - NOTICIAS","isPartOf":{"@id":"https:\/\/laredsocial-noticias.com\/wp\/#website"},"datePublished":"2018-11-01T16:36:03+00:00","dateModified":"2018-11-01T16:36:52+00:00","author":{"@id":"https:\/\/laredsocial-noticias.com\/wp\/#\/schema\/person\/0ce78643f2de7aae6f6ef10e8453a6e0"},"breadcrumb":{"@id":"https:\/\/laredsocial-noticias.com\/wp\/entrega-de-las-lunas-del-auditorio-ofrecen-una-velada-espectacular\/#breadcrumb"},"inLanguage":"es","potentialAction":[{"@type":"ReadAction","target":["https:\/\/laredsocial-noticias.com\/wp\/entrega-de-las-lunas-del-auditorio-ofrecen-una-velada-espectacular\/"]}]},{"@type":"BreadcrumbList","@id":"https:\/\/laredsocial-noticias.com\/wp\/entrega-de-las-lunas-del-auditorio-ofrecen-una-velada-espectacular\/#breadcrumb","itemListElement":[{"@type":"ListItem","position":1,"name":"Portada","item":"https:\/\/laredsocial-noticias.com\/wp\/"},{"@type":"ListItem","position":2,"name":"Entrega de las Lunas del Auditorio ofrecen una velada espectacular"}]},{"@type":"WebSite","@id":"https:\/\/laredsocial-noticias.com\/wp\/#website","url":"https:\/\/laredsocial-noticias.com\/wp\/","name":"NOTICIAS","description":"Lo que se ve y se dice en las redes sociales","potentialAction":[{"@type":"SearchAction","target":{"@type":"EntryPoint","urlTemplate":"https:\/\/laredsocial-noticias.com\/wp\/?s={search_term_string}"},"query-input":{"@type":"PropertyValueSpecification","valueRequired":true,"valueName":"search_term_string"}}],"inLanguage":"es"},{"@type":"Person","@id":"https:\/\/laredsocial-noticias.com\/wp\/#\/schema\/person\/0ce78643f2de7aae6f6ef10e8453a6e0","name":"Editor en Jefe","url":"https:\/\/laredsocial-noticias.com\/wp\/author\/jorgeochoa\/"}]}},"_links":{"self":[{"href":"https:\/\/laredsocial-noticias.com\/wp\/wp-json\/wp\/v2\/posts\/102359","targetHints":{"allow":["GET"]}}],"collection":[{"href":"https:\/\/laredsocial-noticias.com\/wp\/wp-json\/wp\/v2\/posts"}],"about":[{"href":"https:\/\/laredsocial-noticias.com\/wp\/wp-json\/wp\/v2\/types\/post"}],"author":[{"embeddable":true,"href":"https:\/\/laredsocial-noticias.com\/wp\/wp-json\/wp\/v2\/users\/1"}],"replies":[{"embeddable":true,"href":"https:\/\/laredsocial-noticias.com\/wp\/wp-json\/wp\/v2\/comments?post=102359"}],"version-history":[{"count":1,"href":"https:\/\/laredsocial-noticias.com\/wp\/wp-json\/wp\/v2\/posts\/102359\/revisions"}],"predecessor-version":[{"id":102360,"href":"https:\/\/laredsocial-noticias.com\/wp\/wp-json\/wp\/v2\/posts\/102359\/revisions\/102360"}],"wp:attachment":[{"href":"https:\/\/laredsocial-noticias.com\/wp\/wp-json\/wp\/v2\/media?parent=102359"}],"wp:term":[{"taxonomy":"category","embeddable":true,"href":"https:\/\/laredsocial-noticias.com\/wp\/wp-json\/wp\/v2\/categories?post=102359"},{"taxonomy":"post_tag","embeddable":true,"href":"https:\/\/laredsocial-noticias.com\/wp\/wp-json\/wp\/v2\/tags?post=102359"}],"curies":[{"name":"wp","href":"https:\/\/api.w.org\/{rel}","templated":true}]}}