{"id":10236,"date":"2016-05-20T11:00:34","date_gmt":"2016-05-20T16:00:34","guid":{"rendered":"http:\/\/laredsocial-noticias.com\/wp\/?p=10236"},"modified":"2016-05-20T11:00:44","modified_gmt":"2016-05-20T16:00:44","slug":"ruido-mayor-contaminante-para-los-capitalinos-alerta-experto","status":"publish","type":"post","link":"https:\/\/laredsocial-noticias.com\/wp\/ruido-mayor-contaminante-para-los-capitalinos-alerta-experto\/","title":{"rendered":"Ruido, mayor contaminante para los capitalinos, alerta experto"},"content":{"rendered":"<p><strong>CIUDAD DE M\u00c9XICO, 20 de mayo, (CDMX \/ C\u00cdRCULO DIGITAL).-\u00a0<\/strong>El ruido es el contaminante ambiental que mayores molestias cotidianas provoca a la poblaci\u00f3n de la Ciudad de M\u00e9xico, y es la causa principal de denuncias ante la Procuradur\u00eda Ambiental y del Ordenamiento Territorial (PAOT), alert\u00f3 el experto Fausto Rodr\u00edguez Manzo.<\/p>\n<div class=\"desarrollo\">\n<p>Se trata de &#8220;un problema de cultura, de saber que el ruido causa da\u00f1os a la salud, molesta y es un asunto de respeto entre los ciudadanos&#8221;, refiri\u00f3 el profesor-investigador de la Universidad Aut\u00f3noma Metropolitana (UAM).<\/p>\n<p>En el coloquio &#8220;Dise\u00f1o ambiental y paisaje&#8221;, de la UAM, se\u00f1al\u00f3 que el desmesurado incremento del parque vehicular ha sido identificado como la causa principal de generaci\u00f3n de ruido, junto con la ausencia de una pol\u00edtica p\u00fablica que limite la circulaci\u00f3n en lugares determinados.<\/p>\n<p>El acad\u00e9mico resalt\u00f3 la necesidad, tanto de una planeaci\u00f3n sonora de las ciudades, como de consideraci\u00f3n del ruido ambiental como un elemento que afecta el paisaje urbano.<\/p>\n<p>Rodr\u00edguez Manzo recomend\u00f3 en un comunicado la creaci\u00f3n de &#8220;proyectos sonoros urbanos que susciten reacciones positivas y formen parte de la planeaci\u00f3n y el dise\u00f1o de la ciudad&#8221;.<\/p>\n<p>Explic\u00f3 que &#8220;la contaminaci\u00f3n ac\u00fastica se define como la presencia de ruido y vibraciones que impliquen molestia, riesgo o da\u00f1o a las condiciones normales del ambiente&#8221;.<\/p>\n<p>La exposici\u00f3n a niveles constantes o altos de ruido genera efectos adversos en la salud como trastorno del sue\u00f1o, dolor de cabeza, falta de concentraci\u00f3n, enfermedades cardiovasculares y da\u00f1o o p\u00e9rdida de la audici\u00f3n, afectando el desempe\u00f1o de los ni\u00f1os en las escuelas.<\/p>\n<p>El experto adscrito al Departamento de Procesos y T\u00e9cnicas de Realizaci\u00f3n mencion\u00f3 que el alto impacto de ese elemento en los ecosistemas ha afectado la vida de diversas especies y su h\u00e1bitat, contribuyendo a la extinci\u00f3n de sistemas sonoros naturales y a una alta carga de morbilidad.<\/p>\n<p>En la Ciudad de M\u00e9xico las fuentes principales de ruido son la carga vehicular, la actividad del aeropuerto internacional, la operaci\u00f3n de una planta industrial dispersa, el Metro y el tren ligero, la industria de la construcci\u00f3n, el comercio formal e informal, las aglomeraciones y la vida cultural y social.<\/p>\n<p>El mapa del ruido para la Zona Metropolitana del Valle M\u00e9xico detect\u00f3 que las principales v\u00edas de circulaci\u00f3n son las \u00e1reas con mayor contaminaci\u00f3n por ruido.<\/p>\n<\/div>\n<p>&nbsp;<\/p>\n","protected":false},"excerpt":{"rendered":"<p>CIUDAD DE M\u00c9XICO, 20 de mayo, (CDMX \/ C\u00cdRCULO DIGITAL).-\u00a0El ruido es el contaminante ambiental que mayores molestias cotidianas provoca&#8230;<\/p>\n","protected":false},"author":1,"featured_media":0,"comment_status":"closed","ping_status":"closed","sticky":false,"template":"","format":"standard","meta":{"footnotes":""},"categories":[1796,73],"tags":[212,77],"class_list":["post-10236","post","type-post","status-publish","format-standard","hentry","category-circulodigital","category-principal","tag-metropoli","tag-principal"],"yoast_head":"<!-- This site is optimized with the Yoast SEO plugin v26.5 - https:\/\/yoast.com\/wordpress\/plugins\/seo\/ -->\n<title>Ruido, mayor contaminante para los capitalinos, alerta experto - NOTICIAS<\/title>\n<meta name=\"robots\" content=\"index, follow, max-snippet:-1, max-image-preview:large, max-video-preview:-1\" \/>\n<link rel=\"canonical\" href=\"https:\/\/laredsocial-noticias.com\/wp\/ruido-mayor-contaminante-para-los-capitalinos-alerta-experto\/\" \/>\n<meta property=\"og:locale\" content=\"es_ES\" \/>\n<meta property=\"og:type\" content=\"article\" \/>\n<meta property=\"og:title\" content=\"Ruido, mayor contaminante para los capitalinos, alerta experto - NOTICIAS\" \/>\n<meta property=\"og:description\" content=\"CIUDAD DE M\u00c9XICO, 20 de mayo, (CDMX \/ C\u00cdRCULO DIGITAL).-\u00a0El ruido es el contaminante ambiental que mayores molestias cotidianas provoca...\" \/>\n<meta property=\"og:url\" content=\"https:\/\/laredsocial-noticias.com\/wp\/ruido-mayor-contaminante-para-los-capitalinos-alerta-experto\/\" \/>\n<meta property=\"og:site_name\" content=\"NOTICIAS\" \/>\n<meta property=\"article:published_time\" content=\"2016-05-20T16:00:34+00:00\" \/>\n<meta property=\"article:modified_time\" content=\"2016-05-20T16:00:44+00:00\" \/>\n<meta name=\"author\" content=\"Editor en Jefe\" \/>\n<meta name=\"twitter:card\" content=\"summary_large_image\" \/>\n<meta name=\"twitter:label1\" content=\"Escrito por\" \/>\n\t<meta name=\"twitter:data1\" content=\"Editor en Jefe\" \/>\n\t<meta name=\"twitter:label2\" content=\"Tiempo de lectura\" \/>\n\t<meta name=\"twitter:data2\" content=\"2 minutos\" \/>\n<!-- \/ Yoast SEO plugin. -->","yoast_head_json":{"title":"Ruido, mayor contaminante para los capitalinos, alerta experto - NOTICIAS","robots":{"index":"index","follow":"follow","max-snippet":"max-snippet:-1","max-image-preview":"max-image-preview:large","max-video-preview":"max-video-preview:-1"},"canonical":"https:\/\/laredsocial-noticias.com\/wp\/ruido-mayor-contaminante-para-los-capitalinos-alerta-experto\/","og_locale":"es_ES","og_type":"article","og_title":"Ruido, mayor contaminante para los capitalinos, alerta experto - NOTICIAS","og_description":"CIUDAD DE M\u00c9XICO, 20 de mayo, (CDMX \/ C\u00cdRCULO DIGITAL).-\u00a0El ruido es el contaminante ambiental que mayores molestias cotidianas provoca...","og_url":"https:\/\/laredsocial-noticias.com\/wp\/ruido-mayor-contaminante-para-los-capitalinos-alerta-experto\/","og_site_name":"NOTICIAS","article_published_time":"2016-05-20T16:00:34+00:00","article_modified_time":"2016-05-20T16:00:44+00:00","author":"Editor en Jefe","twitter_card":"summary_large_image","twitter_misc":{"Escrito por":"Editor en Jefe","Tiempo de lectura":"2 minutos"},"schema":{"@context":"https:\/\/schema.org","@graph":[{"@type":"WebPage","@id":"https:\/\/laredsocial-noticias.com\/wp\/ruido-mayor-contaminante-para-los-capitalinos-alerta-experto\/","url":"https:\/\/laredsocial-noticias.com\/wp\/ruido-mayor-contaminante-para-los-capitalinos-alerta-experto\/","name":"Ruido, mayor contaminante para los capitalinos, alerta experto - NOTICIAS","isPartOf":{"@id":"https:\/\/laredsocial-noticias.com\/wp\/#website"},"datePublished":"2016-05-20T16:00:34+00:00","dateModified":"2016-05-20T16:00:44+00:00","author":{"@id":"https:\/\/laredsocial-noticias.com\/wp\/#\/schema\/person\/0ce78643f2de7aae6f6ef10e8453a6e0"},"breadcrumb":{"@id":"https:\/\/laredsocial-noticias.com\/wp\/ruido-mayor-contaminante-para-los-capitalinos-alerta-experto\/#breadcrumb"},"inLanguage":"es","potentialAction":[{"@type":"ReadAction","target":["https:\/\/laredsocial-noticias.com\/wp\/ruido-mayor-contaminante-para-los-capitalinos-alerta-experto\/"]}]},{"@type":"BreadcrumbList","@id":"https:\/\/laredsocial-noticias.com\/wp\/ruido-mayor-contaminante-para-los-capitalinos-alerta-experto\/#breadcrumb","itemListElement":[{"@type":"ListItem","position":1,"name":"Portada","item":"https:\/\/laredsocial-noticias.com\/wp\/"},{"@type":"ListItem","position":2,"name":"Ruido, mayor contaminante para los capitalinos, alerta experto"}]},{"@type":"WebSite","@id":"https:\/\/laredsocial-noticias.com\/wp\/#website","url":"https:\/\/laredsocial-noticias.com\/wp\/","name":"NOTICIAS","description":"Lo que se ve y se dice en las redes sociales","potentialAction":[{"@type":"SearchAction","target":{"@type":"EntryPoint","urlTemplate":"https:\/\/laredsocial-noticias.com\/wp\/?s={search_term_string}"},"query-input":{"@type":"PropertyValueSpecification","valueRequired":true,"valueName":"search_term_string"}}],"inLanguage":"es"},{"@type":"Person","@id":"https:\/\/laredsocial-noticias.com\/wp\/#\/schema\/person\/0ce78643f2de7aae6f6ef10e8453a6e0","name":"Editor en Jefe","url":"https:\/\/laredsocial-noticias.com\/wp\/author\/jorgeochoa\/"}]}},"_links":{"self":[{"href":"https:\/\/laredsocial-noticias.com\/wp\/wp-json\/wp\/v2\/posts\/10236","targetHints":{"allow":["GET"]}}],"collection":[{"href":"https:\/\/laredsocial-noticias.com\/wp\/wp-json\/wp\/v2\/posts"}],"about":[{"href":"https:\/\/laredsocial-noticias.com\/wp\/wp-json\/wp\/v2\/types\/post"}],"author":[{"embeddable":true,"href":"https:\/\/laredsocial-noticias.com\/wp\/wp-json\/wp\/v2\/users\/1"}],"replies":[{"embeddable":true,"href":"https:\/\/laredsocial-noticias.com\/wp\/wp-json\/wp\/v2\/comments?post=10236"}],"version-history":[{"count":1,"href":"https:\/\/laredsocial-noticias.com\/wp\/wp-json\/wp\/v2\/posts\/10236\/revisions"}],"predecessor-version":[{"id":10237,"href":"https:\/\/laredsocial-noticias.com\/wp\/wp-json\/wp\/v2\/posts\/10236\/revisions\/10237"}],"wp:attachment":[{"href":"https:\/\/laredsocial-noticias.com\/wp\/wp-json\/wp\/v2\/media?parent=10236"}],"wp:term":[{"taxonomy":"category","embeddable":true,"href":"https:\/\/laredsocial-noticias.com\/wp\/wp-json\/wp\/v2\/categories?post=10236"},{"taxonomy":"post_tag","embeddable":true,"href":"https:\/\/laredsocial-noticias.com\/wp\/wp-json\/wp\/v2\/tags?post=10236"}],"curies":[{"name":"wp","href":"https:\/\/api.w.org\/{rel}","templated":true}]}}