{"id":103219,"date":"2018-11-13T13:25:49","date_gmt":"2018-11-13T19:25:49","guid":{"rendered":"http:\/\/laredsocial-noticias.com\/wp\/?p=103219"},"modified":"2018-11-13T14:26:06","modified_gmt":"2018-11-13T19:26:06","slug":"parque-nacional-revillagigedo-un-vestigio-para-la-posteridad-mundial","status":"publish","type":"post","link":"https:\/\/laredsocial-noticias.com\/wp\/parque-nacional-revillagigedo-un-vestigio-para-la-posteridad-mundial\/","title":{"rendered":"Parque Nacional Revillagigedo, un vestigio para la posteridad mundial"},"content":{"rendered":"<p>Con sus m\u00e1s de 14.8 millones de hect\u00e1reas protegidas, el Parque Nacional Revillagigedo es hoy uno de los principales vestigios naturales que dejar\u00e1n para la posteridad, los esfuerzos de la presente administraci\u00f3n federal.<\/p>\n<p>As\u00ed lo asegur\u00f3 el titular de la Comisi\u00f3n Nacional de \u00c1reas Naturales Protegidas (Conanp), Alejandro del Mazo Maza, al acudir a la presentaci\u00f3n del libro \u201cParque Nacional Revillagigedo. Refugio de Gigantes\u201d.<\/p>\n<p>En presencia del titular de la Secretar\u00eda del Medio Ambiente y Recursos Naturales (Semarnat), Rafael Pacchiano Alam\u00e1n, el funcionario destac\u00f3 la colaboraci\u00f3n de instancias como la Procuradur\u00eda Federal para la Protecci\u00f3n del Ambiente (Profepa), la Secretar\u00eda de Marina y la\u00a0Organizaci\u00f3n de las Naciones Unidas para la Educaci\u00f3n, la Ciencia y la Cultura (Unesco).<\/p>\n<p>Asegur\u00f3 que despu\u00e9s de la publicaci\u00f3n de los libros de divulgaci\u00f3n sobre la biodiversidad de Revillagigedo, por Harry M\u00f6ller en 1988 y Alberto Priccione en 2005, el libro presentado este martes, es un esfuerzo renovado y actualizado para dar a conocer a la sociedad mexicana, la importancia de este recinto.<\/p>\n<p>La obra da detalle del inmenso patrimonio natural con que cuenta M\u00e9xico no s\u00f3lo por sus recursos naturales, biodiversidad o potencial tur\u00edstico, sino sobre todo por el enorme beneficio que tiene para las pesquer\u00edas del Oc\u00e9ano Pac\u00edfico.<\/p>\n<p>Esto se debe a que si bien, no permite ning\u00fan tipo de pesca al interior de sus limites es de gran beneficio para el mantenimiento de las pesquer\u00edas nacionales y todos los pa\u00edses que participan en la pesca en el Pac\u00edfico Norte.<\/p>\n<p>Asimismo, el parque nacional facilita la recuperaci\u00f3n y regeneraci\u00f3n de las poblaciones de las diferentes especies de inter\u00e9s para la pesca comercial, al permitir que puedan refugiarse, alimentarse y reproducirse en el interior del parque.<\/p>\n<p>Asegur\u00f3 que desde que se declar\u00f3 como reserva natural, estas acciones se han traducido en un beneficio para las especies y grandes pel\u00e1gicos que utilizan este recinto para refugiarse.<\/p>\n<p>Este es un sitio excepcional del planeta, ya que de su protecci\u00f3n dependen especies ic\u00f3nicas y end\u00e9micas, que forman parte del patrimonio no s\u00f3lo de los mexicanos sino del mundo.<\/p>\n<p>Tal ese el caso de las cuatro especies de reptiles que habitan las islas, 15 especies de aves, 26 de peces, 24 de artr\u00f3podos y m\u00e1s del 30 por ciento de las especies vegetales.<\/p>\n<p>Destac\u00f3 que el valor excepcional de los ecosistemas de Revillagigedo y su biodiversidad ha sido reconocido a nivel internacional, y por ello, la Unesco defini\u00f3 a esta \u00c1rea Natural Protegida (ANP) como patrimonio natural de la humanidad y un mar pr\u00edstino, por National Geografic.<\/p>\n<p>&nbsp;<\/p>\n","protected":false},"excerpt":{"rendered":"<p>Con sus m\u00e1s de 14.8 millones de hect\u00e1reas protegidas, el Parque Nacional Revillagigedo es hoy uno de los principales vestigios&#8230;<\/p>\n","protected":false},"author":1,"featured_media":0,"comment_status":"open","ping_status":"closed","sticky":false,"template":"","format":"standard","meta":{"footnotes":""},"categories":[],"tags":[],"class_list":["post-103219","post","type-post","status-publish","format-standard","hentry"],"yoast_head":"<!-- This site is optimized with the Yoast SEO plugin v26.5 - https:\/\/yoast.com\/wordpress\/plugins\/seo\/ -->\n<title>Parque Nacional Revillagigedo, un vestigio para la posteridad mundial - NOTICIAS<\/title>\n<meta name=\"robots\" content=\"index, follow, max-snippet:-1, max-image-preview:large, max-video-preview:-1\" \/>\n<link rel=\"canonical\" href=\"https:\/\/laredsocial-noticias.com\/wp\/parque-nacional-revillagigedo-un-vestigio-para-la-posteridad-mundial\/\" \/>\n<meta property=\"og:locale\" content=\"es_ES\" \/>\n<meta property=\"og:type\" content=\"article\" \/>\n<meta property=\"og:title\" content=\"Parque Nacional Revillagigedo, un vestigio para la posteridad mundial - NOTICIAS\" \/>\n<meta property=\"og:description\" content=\"Con sus m\u00e1s de 14.8 millones de hect\u00e1reas protegidas, el Parque Nacional Revillagigedo es hoy uno de los principales vestigios...\" \/>\n<meta property=\"og:url\" content=\"https:\/\/laredsocial-noticias.com\/wp\/parque-nacional-revillagigedo-un-vestigio-para-la-posteridad-mundial\/\" \/>\n<meta property=\"og:site_name\" content=\"NOTICIAS\" \/>\n<meta property=\"article:published_time\" content=\"2018-11-13T19:25:49+00:00\" \/>\n<meta property=\"article:modified_time\" content=\"2018-11-13T19:26:06+00:00\" \/>\n<meta property=\"og:image\" content=\"https:\/\/laredsocial-noticias.com\/wp\/wp-content\/uploads\/2018\/11\/1007745.jpeg\" \/>\n\t<meta property=\"og:image:width\" content=\"1280\" \/>\n\t<meta property=\"og:image:height\" content=\"669\" \/>\n\t<meta property=\"og:image:type\" content=\"image\/jpeg\" \/>\n<meta name=\"author\" content=\"Editor en Jefe\" \/>\n<meta name=\"twitter:card\" content=\"summary_large_image\" \/>\n<meta name=\"twitter:label1\" content=\"Escrito por\" \/>\n\t<meta name=\"twitter:data1\" content=\"Editor en Jefe\" \/>\n\t<meta name=\"twitter:label2\" content=\"Tiempo de lectura\" \/>\n\t<meta name=\"twitter:data2\" content=\"2 minutos\" \/>\n<!-- \/ Yoast SEO plugin. -->","yoast_head_json":{"title":"Parque Nacional Revillagigedo, un vestigio para la posteridad mundial - NOTICIAS","robots":{"index":"index","follow":"follow","max-snippet":"max-snippet:-1","max-image-preview":"max-image-preview:large","max-video-preview":"max-video-preview:-1"},"canonical":"https:\/\/laredsocial-noticias.com\/wp\/parque-nacional-revillagigedo-un-vestigio-para-la-posteridad-mundial\/","og_locale":"es_ES","og_type":"article","og_title":"Parque Nacional Revillagigedo, un vestigio para la posteridad mundial - NOTICIAS","og_description":"Con sus m\u00e1s de 14.8 millones de hect\u00e1reas protegidas, el Parque Nacional Revillagigedo es hoy uno de los principales vestigios...","og_url":"https:\/\/laredsocial-noticias.com\/wp\/parque-nacional-revillagigedo-un-vestigio-para-la-posteridad-mundial\/","og_site_name":"NOTICIAS","article_published_time":"2018-11-13T19:25:49+00:00","article_modified_time":"2018-11-13T19:26:06+00:00","og_image":[{"width":1280,"height":669,"url":"https:\/\/laredsocial-noticias.com\/wp\/wp-content\/uploads\/2018\/11\/1007745.jpeg","type":"image\/jpeg"}],"author":"Editor en Jefe","twitter_card":"summary_large_image","twitter_misc":{"Escrito por":"Editor en Jefe","Tiempo de lectura":"2 minutos"},"schema":{"@context":"https:\/\/schema.org","@graph":[{"@type":"WebPage","@id":"https:\/\/laredsocial-noticias.com\/wp\/parque-nacional-revillagigedo-un-vestigio-para-la-posteridad-mundial\/","url":"https:\/\/laredsocial-noticias.com\/wp\/parque-nacional-revillagigedo-un-vestigio-para-la-posteridad-mundial\/","name":"Parque Nacional Revillagigedo, un vestigio para la posteridad mundial - NOTICIAS","isPartOf":{"@id":"https:\/\/laredsocial-noticias.com\/wp\/#website"},"datePublished":"2018-11-13T19:25:49+00:00","dateModified":"2018-11-13T19:26:06+00:00","author":{"@id":"https:\/\/laredsocial-noticias.com\/wp\/#\/schema\/person\/0ce78643f2de7aae6f6ef10e8453a6e0"},"breadcrumb":{"@id":"https:\/\/laredsocial-noticias.com\/wp\/parque-nacional-revillagigedo-un-vestigio-para-la-posteridad-mundial\/#breadcrumb"},"inLanguage":"es","potentialAction":[{"@type":"ReadAction","target":["https:\/\/laredsocial-noticias.com\/wp\/parque-nacional-revillagigedo-un-vestigio-para-la-posteridad-mundial\/"]}]},{"@type":"BreadcrumbList","@id":"https:\/\/laredsocial-noticias.com\/wp\/parque-nacional-revillagigedo-un-vestigio-para-la-posteridad-mundial\/#breadcrumb","itemListElement":[{"@type":"ListItem","position":1,"name":"Portada","item":"https:\/\/laredsocial-noticias.com\/wp\/"},{"@type":"ListItem","position":2,"name":"Parque Nacional Revillagigedo, un vestigio para la posteridad mundial"}]},{"@type":"WebSite","@id":"https:\/\/laredsocial-noticias.com\/wp\/#website","url":"https:\/\/laredsocial-noticias.com\/wp\/","name":"NOTICIAS","description":"Lo que se ve y se dice en las redes sociales","potentialAction":[{"@type":"SearchAction","target":{"@type":"EntryPoint","urlTemplate":"https:\/\/laredsocial-noticias.com\/wp\/?s={search_term_string}"},"query-input":{"@type":"PropertyValueSpecification","valueRequired":true,"valueName":"search_term_string"}}],"inLanguage":"es"},{"@type":"Person","@id":"https:\/\/laredsocial-noticias.com\/wp\/#\/schema\/person\/0ce78643f2de7aae6f6ef10e8453a6e0","name":"Editor en Jefe","url":"https:\/\/laredsocial-noticias.com\/wp\/author\/jorgeochoa\/"}]}},"_links":{"self":[{"href":"https:\/\/laredsocial-noticias.com\/wp\/wp-json\/wp\/v2\/posts\/103219","targetHints":{"allow":["GET"]}}],"collection":[{"href":"https:\/\/laredsocial-noticias.com\/wp\/wp-json\/wp\/v2\/posts"}],"about":[{"href":"https:\/\/laredsocial-noticias.com\/wp\/wp-json\/wp\/v2\/types\/post"}],"author":[{"embeddable":true,"href":"https:\/\/laredsocial-noticias.com\/wp\/wp-json\/wp\/v2\/users\/1"}],"replies":[{"embeddable":true,"href":"https:\/\/laredsocial-noticias.com\/wp\/wp-json\/wp\/v2\/comments?post=103219"}],"version-history":[{"count":1,"href":"https:\/\/laredsocial-noticias.com\/wp\/wp-json\/wp\/v2\/posts\/103219\/revisions"}],"predecessor-version":[{"id":103220,"href":"https:\/\/laredsocial-noticias.com\/wp\/wp-json\/wp\/v2\/posts\/103219\/revisions\/103220"}],"wp:attachment":[{"href":"https:\/\/laredsocial-noticias.com\/wp\/wp-json\/wp\/v2\/media?parent=103219"}],"wp:term":[{"taxonomy":"category","embeddable":true,"href":"https:\/\/laredsocial-noticias.com\/wp\/wp-json\/wp\/v2\/categories?post=103219"},{"taxonomy":"post_tag","embeddable":true,"href":"https:\/\/laredsocial-noticias.com\/wp\/wp-json\/wp\/v2\/tags?post=103219"}],"curies":[{"name":"wp","href":"https:\/\/api.w.org\/{rel}","templated":true}]}}