{"id":10323,"date":"2016-05-20T15:00:33","date_gmt":"2016-05-20T20:00:33","guid":{"rendered":"http:\/\/laredsocial-noticias.com\/wp\/?p=10323"},"modified":"2016-05-20T14:51:40","modified_gmt":"2016-05-20T19:51:40","slug":"ofrece-mancera-renovar-y-crear-nuevo-modelo-de-puestos-de-periodicos","status":"publish","type":"post","link":"https:\/\/laredsocial-noticias.com\/wp\/ofrece-mancera-renovar-y-crear-nuevo-modelo-de-puestos-de-periodicos\/","title":{"rendered":"Ofrece Mancera renovar y crear nuevo modelo de puestos de peri\u00f3dicos"},"content":{"rendered":"<p><strong>CIUDAD DE M\u00c9XICO, 20 de mayo, (CDMX \/ C\u00cdRCULO DIGITAL).-\u00a0<\/strong>El jefe de Gobierno de la Ciudad de M\u00e9xico, Miguel \u00c1ngel Mancera Espinosa, propuso a la Uni\u00f3n de Voceadores y Expendedores de los Peri\u00f3dicos de M\u00e9xico, renovar y crear un nuevo modelo de los siete mil 500 puestos que se encuentran en la zona metropolitana dedicados a esta actividad.<\/p>\n<div class=\"desarrollo\">\n<p>Al asistir al 93 Aniversario de la Uni\u00f3n de Expendedores y Voceadores de los Peri\u00f3dicos de M\u00e9xico, realizado en el Sal\u00f3n Casino Militar de Campo Marte, plante\u00f3 la necesidad de crear de manera conjunta un nuevo modelo de establecimiento, que sea uniforme para todos y el gobierno de la ciudad se encargar\u00e1 del tema financiero.<\/p>\n<p>Coment\u00f3 que habl\u00f3 con el secretario general de la Uni\u00f3n de Voceadores, Marco Antonio Reyes, para ofrecerle trabajar de manera conjunta en este proyecto para que los expendedores de peri\u00f3dicos tengan un lugar digno para realizar su trabajo, toda vez que algunos tienen varios a\u00f1os.<\/p>\n<p>\u201cYo estoy seguro que nos vamos a sumar a esa tarea, d\u00e9jennos pues a nosotros tambi\u00e9n la parte de impulsarlo y de cargar con el tema financiero, porque s\u00e9 que es una labor bien complicada\u201d, agreg\u00f3.<\/p>\n<p>Reiter\u00f3 que la esperanza de M\u00e9xico es su gente, por ello es importante trabajar de manera conjunta para avanzar en esta tarea, as\u00ed como ofreci\u00f3 a los voceadores de la ciudad afiliarse y hacer uso de los servicios de salud que se ofrecen en el sistema de Salud local, as\u00ed como de los diferentes programas sociales que se tienen.<\/p>\n<p>Record\u00f3 que se trata de un servicio m\u00e9dico gratuito para los voceadores y su familia \u201cSi se afilian con nosotros a este seguro, nosotros tenemos la posibilidad incluso -de ser necesario- de hacer el enlace con la federaci\u00f3n para llegar a un nivel de atenci\u00f3n m\u00e1xima, de tercer nivel, de alta especialidad\u201d.<\/p>\n<\/div>\n<p>&nbsp;<\/p>\n","protected":false},"excerpt":{"rendered":"<p>CIUDAD DE M\u00c9XICO, 20 de mayo, (CDMX \/ C\u00cdRCULO DIGITAL).-\u00a0El jefe de Gobierno de la Ciudad de M\u00e9xico, Miguel \u00c1ngel&#8230;<\/p>\n","protected":false},"author":1,"featured_media":0,"comment_status":"closed","ping_status":"closed","sticky":false,"template":"","format":"standard","meta":{"footnotes":""},"categories":[1796,73],"tags":[212,77],"class_list":["post-10323","post","type-post","status-publish","format-standard","hentry","category-circulodigital","category-principal","tag-metropoli","tag-principal"],"yoast_head":"<!-- This site is optimized with the Yoast SEO plugin v26.5 - https:\/\/yoast.com\/wordpress\/plugins\/seo\/ -->\n<title>Ofrece Mancera renovar y crear nuevo modelo de puestos de peri\u00f3dicos - NOTICIAS<\/title>\n<meta name=\"robots\" content=\"index, follow, max-snippet:-1, max-image-preview:large, max-video-preview:-1\" \/>\n<link rel=\"canonical\" href=\"https:\/\/laredsocial-noticias.com\/wp\/ofrece-mancera-renovar-y-crear-nuevo-modelo-de-puestos-de-periodicos\/\" \/>\n<meta property=\"og:locale\" content=\"es_ES\" \/>\n<meta property=\"og:type\" content=\"article\" \/>\n<meta property=\"og:title\" content=\"Ofrece Mancera renovar y crear nuevo modelo de puestos de peri\u00f3dicos - NOTICIAS\" \/>\n<meta property=\"og:description\" content=\"CIUDAD DE M\u00c9XICO, 20 de mayo, (CDMX \/ C\u00cdRCULO DIGITAL).-\u00a0El jefe de Gobierno de la Ciudad de M\u00e9xico, Miguel \u00c1ngel...\" \/>\n<meta property=\"og:url\" content=\"https:\/\/laredsocial-noticias.com\/wp\/ofrece-mancera-renovar-y-crear-nuevo-modelo-de-puestos-de-periodicos\/\" \/>\n<meta property=\"og:site_name\" content=\"NOTICIAS\" \/>\n<meta property=\"article:published_time\" content=\"2016-05-20T20:00:33+00:00\" \/>\n<meta name=\"author\" content=\"Editor en Jefe\" \/>\n<meta name=\"twitter:card\" content=\"summary_large_image\" \/>\n<meta name=\"twitter:label1\" content=\"Escrito por\" \/>\n\t<meta name=\"twitter:data1\" content=\"Editor en Jefe\" \/>\n\t<meta name=\"twitter:label2\" content=\"Tiempo de lectura\" \/>\n\t<meta name=\"twitter:data2\" content=\"2 minutos\" \/>\n<!-- \/ Yoast SEO plugin. -->","yoast_head_json":{"title":"Ofrece Mancera renovar y crear nuevo modelo de puestos de peri\u00f3dicos - NOTICIAS","robots":{"index":"index","follow":"follow","max-snippet":"max-snippet:-1","max-image-preview":"max-image-preview:large","max-video-preview":"max-video-preview:-1"},"canonical":"https:\/\/laredsocial-noticias.com\/wp\/ofrece-mancera-renovar-y-crear-nuevo-modelo-de-puestos-de-periodicos\/","og_locale":"es_ES","og_type":"article","og_title":"Ofrece Mancera renovar y crear nuevo modelo de puestos de peri\u00f3dicos - NOTICIAS","og_description":"CIUDAD DE M\u00c9XICO, 20 de mayo, (CDMX \/ C\u00cdRCULO DIGITAL).-\u00a0El jefe de Gobierno de la Ciudad de M\u00e9xico, Miguel \u00c1ngel...","og_url":"https:\/\/laredsocial-noticias.com\/wp\/ofrece-mancera-renovar-y-crear-nuevo-modelo-de-puestos-de-periodicos\/","og_site_name":"NOTICIAS","article_published_time":"2016-05-20T20:00:33+00:00","author":"Editor en Jefe","twitter_card":"summary_large_image","twitter_misc":{"Escrito por":"Editor en Jefe","Tiempo de lectura":"2 minutos"},"schema":{"@context":"https:\/\/schema.org","@graph":[{"@type":"WebPage","@id":"https:\/\/laredsocial-noticias.com\/wp\/ofrece-mancera-renovar-y-crear-nuevo-modelo-de-puestos-de-periodicos\/","url":"https:\/\/laredsocial-noticias.com\/wp\/ofrece-mancera-renovar-y-crear-nuevo-modelo-de-puestos-de-periodicos\/","name":"Ofrece Mancera renovar y crear nuevo modelo de puestos de peri\u00f3dicos - NOTICIAS","isPartOf":{"@id":"https:\/\/laredsocial-noticias.com\/wp\/#website"},"datePublished":"2016-05-20T20:00:33+00:00","author":{"@id":"https:\/\/laredsocial-noticias.com\/wp\/#\/schema\/person\/0ce78643f2de7aae6f6ef10e8453a6e0"},"breadcrumb":{"@id":"https:\/\/laredsocial-noticias.com\/wp\/ofrece-mancera-renovar-y-crear-nuevo-modelo-de-puestos-de-periodicos\/#breadcrumb"},"inLanguage":"es","potentialAction":[{"@type":"ReadAction","target":["https:\/\/laredsocial-noticias.com\/wp\/ofrece-mancera-renovar-y-crear-nuevo-modelo-de-puestos-de-periodicos\/"]}]},{"@type":"BreadcrumbList","@id":"https:\/\/laredsocial-noticias.com\/wp\/ofrece-mancera-renovar-y-crear-nuevo-modelo-de-puestos-de-periodicos\/#breadcrumb","itemListElement":[{"@type":"ListItem","position":1,"name":"Portada","item":"https:\/\/laredsocial-noticias.com\/wp\/"},{"@type":"ListItem","position":2,"name":"Ofrece Mancera renovar y crear nuevo modelo de puestos de peri\u00f3dicos"}]},{"@type":"WebSite","@id":"https:\/\/laredsocial-noticias.com\/wp\/#website","url":"https:\/\/laredsocial-noticias.com\/wp\/","name":"NOTICIAS","description":"Lo que se ve y se dice en las redes sociales","potentialAction":[{"@type":"SearchAction","target":{"@type":"EntryPoint","urlTemplate":"https:\/\/laredsocial-noticias.com\/wp\/?s={search_term_string}"},"query-input":{"@type":"PropertyValueSpecification","valueRequired":true,"valueName":"search_term_string"}}],"inLanguage":"es"},{"@type":"Person","@id":"https:\/\/laredsocial-noticias.com\/wp\/#\/schema\/person\/0ce78643f2de7aae6f6ef10e8453a6e0","name":"Editor en Jefe","url":"https:\/\/laredsocial-noticias.com\/wp\/author\/jorgeochoa\/"}]}},"_links":{"self":[{"href":"https:\/\/laredsocial-noticias.com\/wp\/wp-json\/wp\/v2\/posts\/10323","targetHints":{"allow":["GET"]}}],"collection":[{"href":"https:\/\/laredsocial-noticias.com\/wp\/wp-json\/wp\/v2\/posts"}],"about":[{"href":"https:\/\/laredsocial-noticias.com\/wp\/wp-json\/wp\/v2\/types\/post"}],"author":[{"embeddable":true,"href":"https:\/\/laredsocial-noticias.com\/wp\/wp-json\/wp\/v2\/users\/1"}],"replies":[{"embeddable":true,"href":"https:\/\/laredsocial-noticias.com\/wp\/wp-json\/wp\/v2\/comments?post=10323"}],"version-history":[{"count":1,"href":"https:\/\/laredsocial-noticias.com\/wp\/wp-json\/wp\/v2\/posts\/10323\/revisions"}],"predecessor-version":[{"id":10324,"href":"https:\/\/laredsocial-noticias.com\/wp\/wp-json\/wp\/v2\/posts\/10323\/revisions\/10324"}],"wp:attachment":[{"href":"https:\/\/laredsocial-noticias.com\/wp\/wp-json\/wp\/v2\/media?parent=10323"}],"wp:term":[{"taxonomy":"category","embeddable":true,"href":"https:\/\/laredsocial-noticias.com\/wp\/wp-json\/wp\/v2\/categories?post=10323"},{"taxonomy":"post_tag","embeddable":true,"href":"https:\/\/laredsocial-noticias.com\/wp\/wp-json\/wp\/v2\/tags?post=10323"}],"curies":[{"name":"wp","href":"https:\/\/api.w.org\/{rel}","templated":true}]}}