{"id":103281,"date":"2018-11-14T15:43:11","date_gmt":"2018-11-14T20:43:11","guid":{"rendered":"http:\/\/laredsocial-noticias.com\/wp\/?p=103281"},"modified":"2018-11-14T15:43:11","modified_gmt":"2018-11-14T20:43:11","slug":"el-13-9-de-los-adultos-en-la-cdmx-padecen-diabetes-y-el-17-pre-diabetes","status":"publish","type":"post","link":"https:\/\/laredsocial-noticias.com\/wp\/el-13-9-de-los-adultos-en-la-cdmx-padecen-diabetes-y-el-17-pre-diabetes\/","title":{"rendered":"El 13.9% de los adultos en la CDMX padecen diabetes y el 17% pre diabetes"},"content":{"rendered":"<p><strong>*Las mujeres acuden con mayor frecuencia al m\u00e9dico, los hombres son diagnosticados en etapa avanzada de la enfermedad<\/strong><\/p>\n<p><a href=\"http:\/\/laredsocial-noticias.com\/wp\/wp-content\/uploads\/2018\/11\/IMG-20181114-WA0043-1.jpg\"><img loading=\"lazy\" decoding=\"async\" class=\"alignnone size-medium wp-image-103282\" src=\"http:\/\/laredsocial-noticias.com\/wp\/wp-content\/uploads\/2018\/11\/IMG-20181114-WA0043-1-300x200.jpg\" alt=\"\" width=\"300\" height=\"200\" \/><\/a><\/p>\n<p>En la Ciudad de M\u00e9xico, el 13.9 por ciento de la poblaci\u00f3n adulta vive con diabetes mellitus, 17.1 por ciento tiene prediabetes y 3 de cada 10 adultos tienen glucosa en niveles anormales, de acuerdo a la encuesta representativa realizada por el Gobierno de la Ciudad de M\u00e9xico en 2015 en conjunto con el Instituto Nacional de Salud P\u00fablica (INSP).<\/p>\n<p>Dalia Elisa Araujo Escand\u00f3n, Epidemi\u00f3loga de la Cl\u00ednica Especializada de la Diabetes, explic\u00f3 que al ser la Diabetes Mellitus una enfermedad cr\u00f3nico-degenerativa, se deben de atender medicamente. Sin embargo las mujeres acuden con mayor frecuencia al m\u00e9dico en comparaci\u00f3n con los hombres quienes son diagnosticados en etapa avanzada de la enfermedad.<\/p>\n<p>En el marco del D\u00eda Mundial de la Diabetes que se conmemora cada 14 de noviembre, detall\u00f3 que dicho padecimiento se detecta con mayor frecuencia en mujeres que van de los 25 a los 65 a\u00f1os; se cree que existe mayor prevalencia en este g\u00e9nero porque son las que m\u00e1s asisten al m\u00e9dico, en comparaci\u00f3n a los hombres.<\/p>\n<p>Lo anterior no significa que sean menos pacientes masculinos diagnosticados con diabetes, pero cuando son diagnosticados la enfermedad est\u00e1 mucho m\u00e1s avanzada y presentan mayor deterioro, motivo por el cual tienen mayor \u00edndice de mortalidad, enfatiz\u00f3.<\/p>\n<p>\u201cEl p\u00e1ncreas deja de producir insulina, lo cual hace que los niveles de glucosa en la sangre se eleven de manera exponencial y en un an\u00e1lisis sangu\u00edneo podemos encontrar 500 o mil mg por decilitro. Por ello deben llevar tratamiento inmediatamente, ya que podr\u00edan tener serias complicaciones del funcionamiento org\u00e1nico, inclusive hasta un coma diab\u00e9tico\u201d, mencion\u00f3.<\/p>\n<p>En conmemoraci\u00f3n a este d\u00eda, la doctora Araujo inst\u00f3 a crear conciencia acerca de todos aquellos factores que nos predisponen a vivir con diabetes, \u201cde inicio, tenemos que realizarnos una revisi\u00f3n anual para detectar si padecemos o no esta enfermedad\u201d.<\/p>\n<p>Refiri\u00f3 que la CDMX es pionera en la creaci\u00f3n de una Cl\u00ednica Especializada en Diabetes donde al tratar de manera multidisciplinaria la enfermedad se han obtenido buenos resultados en el control de los pacientes, incidiendo positivamente en su calidad de vida e incluso de su c\u00edrculo familiar.<\/p>\n<p>\u201cAqu\u00ed contamos con 12 especialidades, desde el m\u00e9dico general, internista, nutri\u00f3loga, educadora en diabetes, m\u00e9dico del deporte, ortopedista, oftalm\u00f3logo, dos \u00e1reas, una es el gimnasio y la otra es para aprender a c\u00f3mo cocinar\u201d, por mencionar algunas, detall\u00f3 la epidemi\u00f3loga.<\/p>\n<p>Una persona con diabetes debe acudir al m\u00e9dico una vez al mes para que el personal de salud otorgue un tratamiento personalizado, de no ser as\u00ed la enfermedad puede derivar en graves complicaciones como un infarto agudo al miocardio; problemas cr\u00f3nicos renales; retinopat\u00eda, que es la p\u00e9rdida de la visi\u00f3n producida por los picos de glucosa en ayuno y neuropat\u00eda diab\u00e9tica que se manifiesta en piel sensible ante golpes o raspones, entre otras m\u00e1s.<\/p>\n<p>La Ciudad de M\u00e9xico forma parte de la iniciativa internacional \u201dCiudades Cambiando la Diabetes\u201d, creada para afrontar la diabetes en las ciudades con mayor prevalencia, donde se comparten soluciones y se impulsan acciones concretas de detecci\u00f3n, prevenci\u00f3n y atenci\u00f3n oportuna de pacientes con sobrepeso, obesidad, diabetes y pre-diabetes.<\/p>\n<p>La Secretar\u00eda de Salud de la CDMX otorga capacitaci\u00f3n continua a m\u00e9dicos de los 220 Centros de Salud en las 16 demarcaciones, as\u00ed como en Hospitales sobre\u00a0 promoci\u00f3n, prevenci\u00f3n, detecci\u00f3n oportuna, as\u00ed como adherencia terap\u00e9utica, lo cual es fundamental para la atenci\u00f3n integral del padecimiento.<\/p>\n<p>&nbsp;<\/p>\n","protected":false},"excerpt":{"rendered":"<p>*Las mujeres acuden con mayor frecuencia al m\u00e9dico, los hombres son diagnosticados en etapa avanzada de la enfermedad En la&#8230;<\/p>\n","protected":false},"author":1,"featured_media":0,"comment_status":"closed","ping_status":"open","sticky":false,"template":"","format":"standard","meta":{"footnotes":""},"categories":[],"tags":[],"class_list":["post-103281","post","type-post","status-publish","format-standard","hentry"],"yoast_head":"<!-- This site is optimized with the Yoast SEO plugin v26.5 - https:\/\/yoast.com\/wordpress\/plugins\/seo\/ -->\n<title>El 13.9% de los adultos en la CDMX padecen diabetes y el 17% pre diabetes - NOTICIAS<\/title>\n<meta name=\"robots\" content=\"index, follow, max-snippet:-1, max-image-preview:large, max-video-preview:-1\" \/>\n<link rel=\"canonical\" href=\"https:\/\/laredsocial-noticias.com\/wp\/el-13-9-de-los-adultos-en-la-cdmx-padecen-diabetes-y-el-17-pre-diabetes\/\" \/>\n<meta property=\"og:locale\" content=\"es_ES\" \/>\n<meta property=\"og:type\" content=\"article\" \/>\n<meta property=\"og:title\" content=\"El 13.9% de los adultos en la CDMX padecen diabetes y el 17% pre diabetes - NOTICIAS\" \/>\n<meta property=\"og:description\" content=\"*Las mujeres acuden con mayor frecuencia al m\u00e9dico, los hombres son diagnosticados en etapa avanzada de la enfermedad En la...\" \/>\n<meta property=\"og:url\" content=\"https:\/\/laredsocial-noticias.com\/wp\/el-13-9-de-los-adultos-en-la-cdmx-padecen-diabetes-y-el-17-pre-diabetes\/\" \/>\n<meta property=\"og:site_name\" content=\"NOTICIAS\" \/>\n<meta property=\"article:published_time\" content=\"2018-11-14T20:43:11+00:00\" \/>\n<meta property=\"og:image\" content=\"https:\/\/laredsocial-noticias.com\/wp\/wp-content\/uploads\/2018\/11\/Padecen-diabetes.jpg\" \/>\n\t<meta property=\"og:image:width\" content=\"640\" \/>\n\t<meta property=\"og:image:height\" content=\"360\" \/>\n\t<meta property=\"og:image:type\" content=\"image\/jpeg\" \/>\n<meta name=\"author\" content=\"Editor en Jefe\" \/>\n<meta name=\"twitter:card\" content=\"summary_large_image\" \/>\n<meta name=\"twitter:label1\" content=\"Escrito por\" \/>\n\t<meta name=\"twitter:data1\" content=\"Editor en Jefe\" \/>\n\t<meta name=\"twitter:label2\" content=\"Tiempo de lectura\" \/>\n\t<meta name=\"twitter:data2\" content=\"3 minutos\" \/>\n<!-- \/ Yoast SEO plugin. -->","yoast_head_json":{"title":"El 13.9% de los adultos en la CDMX padecen diabetes y el 17% pre diabetes - NOTICIAS","robots":{"index":"index","follow":"follow","max-snippet":"max-snippet:-1","max-image-preview":"max-image-preview:large","max-video-preview":"max-video-preview:-1"},"canonical":"https:\/\/laredsocial-noticias.com\/wp\/el-13-9-de-los-adultos-en-la-cdmx-padecen-diabetes-y-el-17-pre-diabetes\/","og_locale":"es_ES","og_type":"article","og_title":"El 13.9% de los adultos en la CDMX padecen diabetes y el 17% pre diabetes - NOTICIAS","og_description":"*Las mujeres acuden con mayor frecuencia al m\u00e9dico, los hombres son diagnosticados en etapa avanzada de la enfermedad En la...","og_url":"https:\/\/laredsocial-noticias.com\/wp\/el-13-9-de-los-adultos-en-la-cdmx-padecen-diabetes-y-el-17-pre-diabetes\/","og_site_name":"NOTICIAS","article_published_time":"2018-11-14T20:43:11+00:00","og_image":[{"width":640,"height":360,"url":"https:\/\/laredsocial-noticias.com\/wp\/wp-content\/uploads\/2018\/11\/Padecen-diabetes.jpg","type":"image\/jpeg"}],"author":"Editor en Jefe","twitter_card":"summary_large_image","twitter_misc":{"Escrito por":"Editor en Jefe","Tiempo de lectura":"3 minutos"},"schema":{"@context":"https:\/\/schema.org","@graph":[{"@type":"WebPage","@id":"https:\/\/laredsocial-noticias.com\/wp\/el-13-9-de-los-adultos-en-la-cdmx-padecen-diabetes-y-el-17-pre-diabetes\/","url":"https:\/\/laredsocial-noticias.com\/wp\/el-13-9-de-los-adultos-en-la-cdmx-padecen-diabetes-y-el-17-pre-diabetes\/","name":"El 13.9% de los adultos en la CDMX padecen diabetes y el 17% pre diabetes - NOTICIAS","isPartOf":{"@id":"https:\/\/laredsocial-noticias.com\/wp\/#website"},"primaryImageOfPage":{"@id":"https:\/\/laredsocial-noticias.com\/wp\/el-13-9-de-los-adultos-en-la-cdmx-padecen-diabetes-y-el-17-pre-diabetes\/#primaryimage"},"image":{"@id":"https:\/\/laredsocial-noticias.com\/wp\/el-13-9-de-los-adultos-en-la-cdmx-padecen-diabetes-y-el-17-pre-diabetes\/#primaryimage"},"thumbnailUrl":"http:\/\/laredsocial-noticias.com\/wp\/wp-content\/uploads\/2018\/11\/IMG-20181114-WA0043-1-300x200.jpg","datePublished":"2018-11-14T20:43:11+00:00","author":{"@id":"https:\/\/laredsocial-noticias.com\/wp\/#\/schema\/person\/0ce78643f2de7aae6f6ef10e8453a6e0"},"breadcrumb":{"@id":"https:\/\/laredsocial-noticias.com\/wp\/el-13-9-de-los-adultos-en-la-cdmx-padecen-diabetes-y-el-17-pre-diabetes\/#breadcrumb"},"inLanguage":"es","potentialAction":[{"@type":"ReadAction","target":["https:\/\/laredsocial-noticias.com\/wp\/el-13-9-de-los-adultos-en-la-cdmx-padecen-diabetes-y-el-17-pre-diabetes\/"]}]},{"@type":"ImageObject","inLanguage":"es","@id":"https:\/\/laredsocial-noticias.com\/wp\/el-13-9-de-los-adultos-en-la-cdmx-padecen-diabetes-y-el-17-pre-diabetes\/#primaryimage","url":"","contentUrl":""},{"@type":"BreadcrumbList","@id":"https:\/\/laredsocial-noticias.com\/wp\/el-13-9-de-los-adultos-en-la-cdmx-padecen-diabetes-y-el-17-pre-diabetes\/#breadcrumb","itemListElement":[{"@type":"ListItem","position":1,"name":"Portada","item":"https:\/\/laredsocial-noticias.com\/wp\/"},{"@type":"ListItem","position":2,"name":"El 13.9% de los adultos en la CDMX padecen diabetes y el 17% pre diabetes"}]},{"@type":"WebSite","@id":"https:\/\/laredsocial-noticias.com\/wp\/#website","url":"https:\/\/laredsocial-noticias.com\/wp\/","name":"NOTICIAS","description":"Lo que se ve y se dice en las redes sociales","potentialAction":[{"@type":"SearchAction","target":{"@type":"EntryPoint","urlTemplate":"https:\/\/laredsocial-noticias.com\/wp\/?s={search_term_string}"},"query-input":{"@type":"PropertyValueSpecification","valueRequired":true,"valueName":"search_term_string"}}],"inLanguage":"es"},{"@type":"Person","@id":"https:\/\/laredsocial-noticias.com\/wp\/#\/schema\/person\/0ce78643f2de7aae6f6ef10e8453a6e0","name":"Editor en Jefe","url":"https:\/\/laredsocial-noticias.com\/wp\/author\/jorgeochoa\/"}]}},"_links":{"self":[{"href":"https:\/\/laredsocial-noticias.com\/wp\/wp-json\/wp\/v2\/posts\/103281","targetHints":{"allow":["GET"]}}],"collection":[{"href":"https:\/\/laredsocial-noticias.com\/wp\/wp-json\/wp\/v2\/posts"}],"about":[{"href":"https:\/\/laredsocial-noticias.com\/wp\/wp-json\/wp\/v2\/types\/post"}],"author":[{"embeddable":true,"href":"https:\/\/laredsocial-noticias.com\/wp\/wp-json\/wp\/v2\/users\/1"}],"replies":[{"embeddable":true,"href":"https:\/\/laredsocial-noticias.com\/wp\/wp-json\/wp\/v2\/comments?post=103281"}],"version-history":[{"count":1,"href":"https:\/\/laredsocial-noticias.com\/wp\/wp-json\/wp\/v2\/posts\/103281\/revisions"}],"predecessor-version":[{"id":103284,"href":"https:\/\/laredsocial-noticias.com\/wp\/wp-json\/wp\/v2\/posts\/103281\/revisions\/103284"}],"wp:attachment":[{"href":"https:\/\/laredsocial-noticias.com\/wp\/wp-json\/wp\/v2\/media?parent=103281"}],"wp:term":[{"taxonomy":"category","embeddable":true,"href":"https:\/\/laredsocial-noticias.com\/wp\/wp-json\/wp\/v2\/categories?post=103281"},{"taxonomy":"post_tag","embeddable":true,"href":"https:\/\/laredsocial-noticias.com\/wp\/wp-json\/wp\/v2\/tags?post=103281"}],"curies":[{"name":"wp","href":"https:\/\/api.w.org\/{rel}","templated":true}]}}