{"id":104720,"date":"2018-12-04T16:15:27","date_gmt":"2018-12-04T22:15:27","guid":{"rendered":"http:\/\/laredsocial-noticias.com\/wp\/?p=104720"},"modified":"2018-12-04T23:01:00","modified_gmt":"2018-12-05T04:01:00","slug":"aplicaran-dispositivo-vial-por-toma-de-protesta-a-sheinbaum","status":"publish","type":"post","link":"https:\/\/laredsocial-noticias.com\/wp\/aplicaran-dispositivo-vial-por-toma-de-protesta-a-sheinbaum\/","title":{"rendered":"Aplicar\u00e1n dispositivo vial por toma de protesta a Sheinbaum"},"content":{"rendered":"<p>Con motivo de la ceremonia de toma de protesta a la jefa de Gobierno de la Ciudad de M\u00e9xico, Claudia Sheinbaum, que se celebrar\u00e1 este 5 de diciembre, la Secretar\u00eda de Seguridad P\u00fablica capitalina desplegar\u00e1 un operativo de vialidad en el circuito de la Plaza de la Constituci\u00f3n.<br \/>\nEn un comunicado, la dependencia local se\u00f1al\u00f3 que est\u00e1 previsto que a las 8:30 horas Sheinbaum Pardo arribe al Congreso de la Ciudad de M\u00e9xico, donde tomar\u00e1 posesi\u00f3n de su cargo.<\/p>\n<p>A\u00f1adi\u00f3 que, posteriormente, alrededor de las 12:00 horas, se dirigir\u00e1 al Teatro de la Ciudad, donde rendir\u00e1 protesta a los integrantes de su gabinete y emitir\u00e1 un mensaje.<\/p>\n<p>Se prev\u00e9 que a las 13:00 horas la Jefa de Gobierno realizar\u00e1 una caminata sobre la calle Donceles, hacia el Z\u00f3calo, para dirigirse al Palacio del Ayuntamiento, donde aproximadamente a las 14:00 horas inaugurar\u00e1 el recinto como museo.<\/p>\n<p>Ante las actividades programadas, inform\u00f3 que tendr\u00e1n como prioridad los dispositivos viales, por lo que los elementos de la Subsecretar\u00eda de Control de Tr\u00e1nsito agilizar\u00e1n la circulaci\u00f3n en las calles del primer cuadro de la ciudad.<\/p>\n<p>La SSP capitalina recomend\u00f3 a los automovilistas que se desplazan por la zona utilizar las alternativas viales: al norte el Eje Central L\u00e1zaro C\u00e1rdenas, al sur el Eje 1 Oriente-Circunvalaci\u00f3n, al oriente el Eje 1 Norte-L\u00f3pez Ray\u00f3n, y la avenida Doctor R\u00edo de la Loza, y al poniente la Avenida Jos\u00e9 Mar\u00eda Izazaga.<\/p>\n<p>Indic\u00f3 que a trav\u00e9s de las cuentas de Twitter @SSP_CDMX y @OVIALCDMX se informar\u00e1 en tiempo y forma la situaci\u00f3n de la circulaci\u00f3n vehicular en la zona donde se realizar\u00e1n los eventos.<\/p>\n<p>El dispositivo estar\u00e1 coordinado con el Centro de Comando y Control (C-2) Centro, con la finalidad de garantizar la movilidad vehicular y peatonal, adem\u00e1s de alertar ante cualquier alteraci\u00f3n al orden p\u00fablico.<\/p>\n","protected":false},"excerpt":{"rendered":"<p>Con motivo de la ceremonia de toma de protesta a la jefa de Gobierno de la Ciudad de M\u00e9xico, Claudia&#8230;<\/p>\n","protected":false},"author":1,"featured_media":0,"comment_status":"open","ping_status":"closed","sticky":false,"template":"","format":"standard","meta":{"footnotes":""},"categories":[],"tags":[],"class_list":["post-104720","post","type-post","status-publish","format-standard","hentry"],"yoast_head":"<!-- This site is optimized with the Yoast SEO plugin v26.5 - https:\/\/yoast.com\/wordpress\/plugins\/seo\/ -->\n<title>Aplicar\u00e1n dispositivo vial por toma de protesta a Sheinbaum - NOTICIAS<\/title>\n<meta name=\"robots\" content=\"index, follow, max-snippet:-1, max-image-preview:large, max-video-preview:-1\" \/>\n<link rel=\"canonical\" href=\"https:\/\/laredsocial-noticias.com\/wp\/aplicaran-dispositivo-vial-por-toma-de-protesta-a-sheinbaum\/\" \/>\n<meta property=\"og:locale\" content=\"es_ES\" \/>\n<meta property=\"og:type\" content=\"article\" \/>\n<meta property=\"og:title\" content=\"Aplicar\u00e1n dispositivo vial por toma de protesta a Sheinbaum - NOTICIAS\" \/>\n<meta property=\"og:description\" content=\"Con motivo de la ceremonia de toma de protesta a la jefa de Gobierno de la Ciudad de M\u00e9xico, Claudia...\" \/>\n<meta property=\"og:url\" content=\"https:\/\/laredsocial-noticias.com\/wp\/aplicaran-dispositivo-vial-por-toma-de-protesta-a-sheinbaum\/\" \/>\n<meta property=\"og:site_name\" content=\"NOTICIAS\" \/>\n<meta property=\"article:published_time\" content=\"2018-12-04T22:15:27+00:00\" \/>\n<meta property=\"article:modified_time\" content=\"2018-12-05T04:01:00+00:00\" \/>\n<meta property=\"og:image\" content=\"https:\/\/laredsocial-noticias.com\/wp\/wp-content\/uploads\/2018\/12\/Congreso_CDMX.jpg\" \/>\n\t<meta property=\"og:image:width\" content=\"900\" \/>\n\t<meta property=\"og:image:height\" content=\"594\" \/>\n\t<meta property=\"og:image:type\" content=\"image\/jpeg\" \/>\n<meta name=\"author\" content=\"Editor en Jefe\" \/>\n<meta name=\"twitter:card\" content=\"summary_large_image\" \/>\n<meta name=\"twitter:label1\" content=\"Escrito por\" \/>\n\t<meta name=\"twitter:data1\" content=\"Editor en Jefe\" \/>\n\t<meta name=\"twitter:label2\" content=\"Tiempo de lectura\" \/>\n\t<meta name=\"twitter:data2\" content=\"2 minutos\" \/>\n<!-- \/ Yoast SEO plugin. -->","yoast_head_json":{"title":"Aplicar\u00e1n dispositivo vial por toma de protesta a Sheinbaum - NOTICIAS","robots":{"index":"index","follow":"follow","max-snippet":"max-snippet:-1","max-image-preview":"max-image-preview:large","max-video-preview":"max-video-preview:-1"},"canonical":"https:\/\/laredsocial-noticias.com\/wp\/aplicaran-dispositivo-vial-por-toma-de-protesta-a-sheinbaum\/","og_locale":"es_ES","og_type":"article","og_title":"Aplicar\u00e1n dispositivo vial por toma de protesta a Sheinbaum - NOTICIAS","og_description":"Con motivo de la ceremonia de toma de protesta a la jefa de Gobierno de la Ciudad de M\u00e9xico, Claudia...","og_url":"https:\/\/laredsocial-noticias.com\/wp\/aplicaran-dispositivo-vial-por-toma-de-protesta-a-sheinbaum\/","og_site_name":"NOTICIAS","article_published_time":"2018-12-04T22:15:27+00:00","article_modified_time":"2018-12-05T04:01:00+00:00","og_image":[{"width":900,"height":594,"url":"https:\/\/laredsocial-noticias.com\/wp\/wp-content\/uploads\/2018\/12\/Congreso_CDMX.jpg","type":"image\/jpeg"}],"author":"Editor en Jefe","twitter_card":"summary_large_image","twitter_misc":{"Escrito por":"Editor en Jefe","Tiempo de lectura":"2 minutos"},"schema":{"@context":"https:\/\/schema.org","@graph":[{"@type":"WebPage","@id":"https:\/\/laredsocial-noticias.com\/wp\/aplicaran-dispositivo-vial-por-toma-de-protesta-a-sheinbaum\/","url":"https:\/\/laredsocial-noticias.com\/wp\/aplicaran-dispositivo-vial-por-toma-de-protesta-a-sheinbaum\/","name":"Aplicar\u00e1n dispositivo vial por toma de protesta a Sheinbaum - NOTICIAS","isPartOf":{"@id":"https:\/\/laredsocial-noticias.com\/wp\/#website"},"datePublished":"2018-12-04T22:15:27+00:00","dateModified":"2018-12-05T04:01:00+00:00","author":{"@id":"https:\/\/laredsocial-noticias.com\/wp\/#\/schema\/person\/0ce78643f2de7aae6f6ef10e8453a6e0"},"breadcrumb":{"@id":"https:\/\/laredsocial-noticias.com\/wp\/aplicaran-dispositivo-vial-por-toma-de-protesta-a-sheinbaum\/#breadcrumb"},"inLanguage":"es","potentialAction":[{"@type":"ReadAction","target":["https:\/\/laredsocial-noticias.com\/wp\/aplicaran-dispositivo-vial-por-toma-de-protesta-a-sheinbaum\/"]}]},{"@type":"BreadcrumbList","@id":"https:\/\/laredsocial-noticias.com\/wp\/aplicaran-dispositivo-vial-por-toma-de-protesta-a-sheinbaum\/#breadcrumb","itemListElement":[{"@type":"ListItem","position":1,"name":"Portada","item":"https:\/\/laredsocial-noticias.com\/wp\/"},{"@type":"ListItem","position":2,"name":"Aplicar\u00e1n dispositivo vial por toma de protesta a Sheinbaum"}]},{"@type":"WebSite","@id":"https:\/\/laredsocial-noticias.com\/wp\/#website","url":"https:\/\/laredsocial-noticias.com\/wp\/","name":"NOTICIAS","description":"Lo que se ve y se dice en las redes sociales","potentialAction":[{"@type":"SearchAction","target":{"@type":"EntryPoint","urlTemplate":"https:\/\/laredsocial-noticias.com\/wp\/?s={search_term_string}"},"query-input":{"@type":"PropertyValueSpecification","valueRequired":true,"valueName":"search_term_string"}}],"inLanguage":"es"},{"@type":"Person","@id":"https:\/\/laredsocial-noticias.com\/wp\/#\/schema\/person\/0ce78643f2de7aae6f6ef10e8453a6e0","name":"Editor en Jefe","url":"https:\/\/laredsocial-noticias.com\/wp\/author\/jorgeochoa\/"}]}},"_links":{"self":[{"href":"https:\/\/laredsocial-noticias.com\/wp\/wp-json\/wp\/v2\/posts\/104720","targetHints":{"allow":["GET"]}}],"collection":[{"href":"https:\/\/laredsocial-noticias.com\/wp\/wp-json\/wp\/v2\/posts"}],"about":[{"href":"https:\/\/laredsocial-noticias.com\/wp\/wp-json\/wp\/v2\/types\/post"}],"author":[{"embeddable":true,"href":"https:\/\/laredsocial-noticias.com\/wp\/wp-json\/wp\/v2\/users\/1"}],"replies":[{"embeddable":true,"href":"https:\/\/laredsocial-noticias.com\/wp\/wp-json\/wp\/v2\/comments?post=104720"}],"version-history":[{"count":1,"href":"https:\/\/laredsocial-noticias.com\/wp\/wp-json\/wp\/v2\/posts\/104720\/revisions"}],"predecessor-version":[{"id":104721,"href":"https:\/\/laredsocial-noticias.com\/wp\/wp-json\/wp\/v2\/posts\/104720\/revisions\/104721"}],"wp:attachment":[{"href":"https:\/\/laredsocial-noticias.com\/wp\/wp-json\/wp\/v2\/media?parent=104720"}],"wp:term":[{"taxonomy":"category","embeddable":true,"href":"https:\/\/laredsocial-noticias.com\/wp\/wp-json\/wp\/v2\/categories?post=104720"},{"taxonomy":"post_tag","embeddable":true,"href":"https:\/\/laredsocial-noticias.com\/wp\/wp-json\/wp\/v2\/tags?post=104720"}],"curies":[{"name":"wp","href":"https:\/\/api.w.org\/{rel}","templated":true}]}}