{"id":105085,"date":"2018-12-11T17:58:22","date_gmt":"2018-12-11T22:58:22","guid":{"rendered":"http:\/\/laredsocial-noticias.com\/wp\/?p=105085"},"modified":"2018-12-11T18:22:58","modified_gmt":"2018-12-11T23:22:58","slug":"morena-pone-bajo-investigacion-a-ministros-y-jueces","status":"publish","type":"post","link":"https:\/\/laredsocial-noticias.com\/wp\/morena-pone-bajo-investigacion-a-ministros-y-jueces\/","title":{"rendered":"Morena pone bajo investigaci\u00f3n a Ministros y Jueces"},"content":{"rendered":"<p><img loading=\"lazy\" decoding=\"async\" class=\"alignright size-full wp-image-100781\" src=\"http:\/\/laredsocial-noticias.com\/wp\/wp-content\/uploads\/2018\/10\/MONREAL-AVILA.jpg\" alt=\"\" width=\"1024\" height=\"768\" \/>Morena en el Senado hizo un llamado a los ministros de la Suprema Corte de Justicia de la Naci\u00f3n para que se alejen de la confrontaci\u00f3n y generen las condiciones propicias de conciliaci\u00f3n, a fin de que el pa\u00eds avance en el plan de austeridad republicana.<\/p>\n<p>En entrevista, el senador Ricardo Monreal pidi\u00f3 a los ministros caminar hacia la cordura, recobrar la ecuanimidad y alejarse de la confrontaci\u00f3n porque no conviene al pa\u00eds.<\/p>\n<p>Acudimos al recurso de reclamaci\u00f3n porque nos asiste la raz\u00f3n jur\u00eddica, insisti\u00f3 Monreal.<\/p>\n<p>&#8220;Todo est\u00e1 de acuerdo al Estado de derecho y ahora tendr\u00e1n que reunirse en el Pleno de la Corte para definir, porque la suspensi\u00f3n fue mal dada; no s\u00f3lo no est\u00e1 permitida, est\u00e1 prohibida expresamente en la ley, y por esa raz\u00f3n nosotros estamos acudiendo al Pleno para que rectifiquen ese tr\u00e1mite de otorgar la suspensi\u00f3n&#8221;.<\/p>\n<p>Sin embargo, la bancada del PRI en el Senado de la Rep\u00fablica, en voz de Miguel \u00c1ngel Osorio Chong pidi\u00f3 a la fracci\u00f3n de MORENA respeto a la ley y respeto entre Poderes.<\/p>\n<p>Record\u00f3 que s\u00ed hubo un grupo importante de senadores que metieron la acci\u00f3n de inconstitucionalidad ya que no todos est\u00e1n de acuerdo ni con la pol\u00edtica de recorte del gobierno federal ni con la controversia promovida por MORENA.<\/p>\n<p>Metimos la acci\u00f3n de inconstitucionalidad, porque creemos que no se est\u00e1 respetando un Poder al otro, y el equilibrio es lo que le da fuerza y sustento al Estado mexicano.<\/p>\n<p>Creo como presidente del Senado de la Rep\u00fablica, Mart\u00ed Batres debi\u00f3 tomar en cuenta a todas las senadoras y a todos los senadores, insisti\u00f3. Por eso es que nosotros hemos pedido que m\u00e1s all\u00e1 de los salarios, m\u00e1s all\u00e1 del tope de salarios, sea el respeto entre uno y otro Poder.<\/p>\n<h3 style=\"text-align: center;\">MONREAL PIDE A PGR INFORMES SOBRE CORRUPCI\u00d3N DE JUECES Y MAGISTRADOS<\/h3>\n<p>En medio de este conflicto de Poderes, trascendi\u00f3 que el coordinador de Morena en el Senado,\u00a0<strong>Ricardo Monreal,\u00a0<\/strong>solicitar\u00e1 que la PGR informe sobre las investigaciones levantadas por actos de corrupci\u00f3n atribuidos a jueces y magistrados.<\/p>\n<p>Para destacar la importancia de estas indagatorias, el legislador cit\u00f3 los casos de los tres ex funcionarios veracruzanos que fueron liberados en d\u00edas recientes, en los que dijo, los jueces y magistrados federales est\u00e1n utilizando criterios a modo.<\/p>\n<p>Explic\u00f3 que por ello es necesario que el Consejo de la Judicatura informe sobre las medidas que ha realizado para prevenir y sancionar los actos de corrupci\u00f3n en el Poder Judicial.<\/p>\n<p>La v\u00edspera, el senador Salom\u00f3n Jara Cruz anunci\u00f3 que un equipo de abogados del Grupo Parlamentario de Morena, interpuso un recurso de reclamaci\u00f3n en contra del ministro instructor Alberto P\u00e9rez Day\u00e1n.<\/p>\n<p>Ello por conceder la suspensi\u00f3n de la Ley Federal de Remuneraci\u00f3n de los Servidores P\u00fablicos, dictados el 7 de diciembre pasado, en el incidente de suspensi\u00f3n de la acci\u00f3n de inconstitucionalidad.<\/p>\n<p>&#8220;Sobre este tema, nosotros acudimos a presentar a la C\u00e1mara de Diputados, esta promoci\u00f3n, en virtud de que consideramos que no se puede permitir que los ministros de la Suprema Corte de Justicia de la Naci\u00f3n sigan ganando mucho dinero&#8221;.<\/p>\n<p>&#8220;Nosotros queremos expresar, pues, que vamos a defender una de las luchas que ha dado nuestro movimiento, principalmente en que nadie puede ganar m\u00e1s que el Presidente de la Rep\u00fablica.<\/p>\n<p>Fue una promesa de campa\u00f1a de la Coalici\u00f3n Juntos Haremos Historia, que dirigi\u00f3 el licenciado Andr\u00e9s Manuel L\u00f3pez Obrador en su momento, hoy Presidente de la Rep\u00fablica.<\/p>\n<p>Queremos expresarlo contundentemente: vamos a llevar a cabo hasta las \u00faltimas consecuencias, esta orden, esta propuesta de campa\u00f1a hacia la sociedad.<\/p>\n<h3>MONREAL ADVIERTE A LOS MINISTROS QUE &#8220;TOMEN CALMA&#8221;<\/h3>\n<p><img loading=\"lazy\" decoding=\"async\" class=\"alignright wp-image-105098\" src=\"http:\/\/laredsocial-noticias.com\/wp\/wp-content\/uploads\/2018\/12\/WhatsApp-Image-2018-12-11-at-16.38.41.jpeg\" alt=\"\" width=\"437\" height=\"360\" \/>Morena le dice a los ministros de la Corte que tomen calma, que generemos condiciones de conciliaci\u00f3n, que una confrontaci\u00f3n no los va a conducir a nada, porque el pa\u00eds y el pueblo ya cambiaron y no pueden seguir igual como antes del primero de julio, recalc\u00f3 Ricardo Monreal.<\/p>\n<p>Destac\u00f3 que el recurso que interpuso la Direcci\u00f3n General de Asuntos Jur\u00eddicos del Senado \u201cest\u00e1 muy bien planteado\u201d, por lo que, advirti\u00f3, los ministros de la Corte pueden incurrir en delitos como la coalici\u00f3n de servidores p\u00fablicos por no acatar la legalidad y decretar la suspensi\u00f3n de la Ley Federal de Remuneraciones de los Servidores P\u00fablicos.<\/p>\n<p>Asegur\u00f3 que la suspensi\u00f3n no se debi\u00f3 otorgar, pues no s\u00f3lo no est\u00e1 permitida, sino que se proh\u00edbe expresamente en la ley. Por esa raz\u00f3n, agreg\u00f3, nosotros estamos acudiendo al pleno para que rectifiquen ese tr\u00e1mite de otorgar la suspensi\u00f3n.<\/p>\n<p>Monreal \u00c1vila record\u00f3 que hay precedentes de que en las \u00faltimas acciones de inconstitucionalidad que presentaron ciudadanos o Poderes de la Uni\u00f3n, siempre se neg\u00f3 la suspensi\u00f3n; \u201cnunca se ha otorgado, hasta en esta ocasi\u00f3n\u201d.<\/p>\n<p>El coordinador de los senadores de Morena mencion\u00f3 que los ministros no deben irse de vacaciones. Tiene que resolver el recurso que se interpuso es su obligaci\u00f3n constitucional, \u201clo siento por los que iban a salir fuera del pa\u00eds\u201d, subray\u00f3.<\/p>\n<p>REPORTERO: Senador, una pregunta, \u00bfel recurso que presentaron ayer en la noche fue presentado, fue planteado antes en la Junta de Coordinaci\u00f3n Pol\u00edtica (JUCOPO) y en la Mesa Directiva?<\/p>\n<p>SENADOR RICARDO MONREAL: No tiene por qu\u00e9, es un no, no tiene por qu\u00e9.<\/p>\n<p>Ellos como presentaron la acci\u00f3n de inconstitucionalidad, a nadie le pidieron permiso, basta con que tengas el 33 por ciento, no somos mayor\u00eda. Y, en ese sentido, tenemos que acudir porque somos la parte interesada, agraviada, entonces, no es necesario que se presente en la Mesa Directiva; como ellos, tampoco fue necesario que presentaran su recurso de acci\u00f3n de inconstitucionalidad.<\/p>\n<p>Est\u00e1 muy bien planteado el recurso y los ministros de la Corte pueden incurrir en delitos como la coalici\u00f3n de servidores p\u00fablicos por no acatar la disposici\u00f3n de la ley; violaron la ley, porque la suspensi\u00f3n a la Ley de Remuneraci\u00f3n no debi\u00f3 haberse otorgado.<\/p>\n<p>Incluso, hay precedentes en todas las \u00faltimas, en todas las acciones de inconstitucionalidad que presentan los ciudadanos o los poderes, siempre se niega la suspensi\u00f3n. Nunca se ha otorgado, hasta esta ocasi\u00f3n.<\/p>\n<p>Aclar\u00f3 que en la mayor\u00eda del grupo parlamentario no est\u00e1 planteada ninguna liquidaci\u00f3n de los ministros. Lo que queremos, precis\u00f3, es una reconciliaci\u00f3n, de ah\u00ed que deban automoderarse porque ya est\u00e1 demostrado lo que ganan: 6 millones 935 mil cada ministro.<\/p>\n<audio class=\"wp-audio-shortcode\" id=\"audio-105085-1\" preload=\"none\" style=\"width: 100%;\" controls=\"controls\"><source type=\"audio\/mpeg\" src=\"http:\/\/laredsocial-noticias.com\/wp\/wp-content\/uploads\/2018\/12\/11-dic-2018-ENTREVISTA-SEN.-MONREAL-.mp3?_=1\" \/><a href=\"http:\/\/laredsocial-noticias.com\/wp\/wp-content\/uploads\/2018\/12\/11-dic-2018-ENTREVISTA-SEN.-MONREAL-.mp3\">http:\/\/laredsocial-noticias.com\/wp\/wp-content\/uploads\/2018\/12\/11-dic-2018-ENTREVISTA-SEN.-MONREAL-.mp3<\/a><\/audio>\n","protected":false},"excerpt":{"rendered":"<p>Morena en el Senado hizo un llamado a los ministros de la Suprema Corte de Justicia de la Naci\u00f3n para&#8230;<\/p>\n","protected":false},"author":1,"featured_media":0,"comment_status":"closed","ping_status":"open","sticky":false,"template":"","format":"standard","meta":{"footnotes":""},"categories":[],"tags":[],"class_list":["post-105085","post","type-post","status-publish","format-standard","hentry"],"yoast_head":"<!-- This site is optimized with the Yoast SEO plugin v26.5 - https:\/\/yoast.com\/wordpress\/plugins\/seo\/ -->\n<title>Morena pone bajo investigaci\u00f3n a Ministros y Jueces - NOTICIAS<\/title>\n<meta name=\"robots\" content=\"index, follow, max-snippet:-1, max-image-preview:large, max-video-preview:-1\" \/>\n<link rel=\"canonical\" href=\"https:\/\/laredsocial-noticias.com\/wp\/morena-pone-bajo-investigacion-a-ministros-y-jueces\/\" \/>\n<meta property=\"og:locale\" content=\"es_ES\" \/>\n<meta property=\"og:type\" content=\"article\" \/>\n<meta property=\"og:title\" content=\"Morena pone bajo investigaci\u00f3n a Ministros y Jueces - NOTICIAS\" \/>\n<meta property=\"og:description\" content=\"Morena en el Senado hizo un llamado a los ministros de la Suprema Corte de Justicia de la Naci\u00f3n para...\" \/>\n<meta property=\"og:url\" content=\"https:\/\/laredsocial-noticias.com\/wp\/morena-pone-bajo-investigacion-a-ministros-y-jueces\/\" \/>\n<meta property=\"og:site_name\" content=\"NOTICIAS\" \/>\n<meta property=\"article:published_time\" content=\"2018-12-11T22:58:22+00:00\" \/>\n<meta property=\"article:modified_time\" content=\"2018-12-11T23:22:58+00:00\" \/>\n<meta property=\"og:image\" content=\"https:\/\/laredsocial-noticias.com\/wp\/wp-content\/uploads\/2018\/09\/Ricardo-Monreal.jpg\" \/>\n\t<meta property=\"og:image:width\" content=\"1280\" \/>\n\t<meta property=\"og:image:height\" content=\"914\" \/>\n\t<meta property=\"og:image:type\" content=\"image\/jpeg\" \/>\n<meta name=\"author\" content=\"Editor en Jefe\" \/>\n<meta name=\"twitter:card\" content=\"summary_large_image\" \/>\n<meta name=\"twitter:label1\" content=\"Escrito por\" \/>\n\t<meta name=\"twitter:data1\" content=\"Editor en Jefe\" \/>\n\t<meta name=\"twitter:label2\" content=\"Tiempo de lectura\" \/>\n\t<meta name=\"twitter:data2\" content=\"6 minutos\" \/>\n<!-- \/ Yoast SEO plugin. -->","yoast_head_json":{"title":"Morena pone bajo investigaci\u00f3n a Ministros y Jueces - NOTICIAS","robots":{"index":"index","follow":"follow","max-snippet":"max-snippet:-1","max-image-preview":"max-image-preview:large","max-video-preview":"max-video-preview:-1"},"canonical":"https:\/\/laredsocial-noticias.com\/wp\/morena-pone-bajo-investigacion-a-ministros-y-jueces\/","og_locale":"es_ES","og_type":"article","og_title":"Morena pone bajo investigaci\u00f3n a Ministros y Jueces - NOTICIAS","og_description":"Morena en el Senado hizo un llamado a los ministros de la Suprema Corte de Justicia de la Naci\u00f3n para...","og_url":"https:\/\/laredsocial-noticias.com\/wp\/morena-pone-bajo-investigacion-a-ministros-y-jueces\/","og_site_name":"NOTICIAS","article_published_time":"2018-12-11T22:58:22+00:00","article_modified_time":"2018-12-11T23:22:58+00:00","og_image":[{"width":1280,"height":914,"url":"https:\/\/laredsocial-noticias.com\/wp\/wp-content\/uploads\/2018\/09\/Ricardo-Monreal.jpg","type":"image\/jpeg"}],"author":"Editor en Jefe","twitter_card":"summary_large_image","twitter_misc":{"Escrito por":"Editor en Jefe","Tiempo de lectura":"6 minutos"},"schema":{"@context":"https:\/\/schema.org","@graph":[{"@type":"WebPage","@id":"https:\/\/laredsocial-noticias.com\/wp\/morena-pone-bajo-investigacion-a-ministros-y-jueces\/","url":"https:\/\/laredsocial-noticias.com\/wp\/morena-pone-bajo-investigacion-a-ministros-y-jueces\/","name":"Morena pone bajo investigaci\u00f3n a Ministros y Jueces - NOTICIAS","isPartOf":{"@id":"https:\/\/laredsocial-noticias.com\/wp\/#website"},"primaryImageOfPage":{"@id":"https:\/\/laredsocial-noticias.com\/wp\/morena-pone-bajo-investigacion-a-ministros-y-jueces\/#primaryimage"},"image":{"@id":"https:\/\/laredsocial-noticias.com\/wp\/morena-pone-bajo-investigacion-a-ministros-y-jueces\/#primaryimage"},"thumbnailUrl":"http:\/\/laredsocial-noticias.com\/wp\/wp-content\/uploads\/2018\/10\/MONREAL-AVILA.jpg","datePublished":"2018-12-11T22:58:22+00:00","dateModified":"2018-12-11T23:22:58+00:00","author":{"@id":"https:\/\/laredsocial-noticias.com\/wp\/#\/schema\/person\/0ce78643f2de7aae6f6ef10e8453a6e0"},"breadcrumb":{"@id":"https:\/\/laredsocial-noticias.com\/wp\/morena-pone-bajo-investigacion-a-ministros-y-jueces\/#breadcrumb"},"inLanguage":"es","potentialAction":[{"@type":"ReadAction","target":["https:\/\/laredsocial-noticias.com\/wp\/morena-pone-bajo-investigacion-a-ministros-y-jueces\/"]}]},{"@type":"ImageObject","inLanguage":"es","@id":"https:\/\/laredsocial-noticias.com\/wp\/morena-pone-bajo-investigacion-a-ministros-y-jueces\/#primaryimage","url":"","contentUrl":""},{"@type":"BreadcrumbList","@id":"https:\/\/laredsocial-noticias.com\/wp\/morena-pone-bajo-investigacion-a-ministros-y-jueces\/#breadcrumb","itemListElement":[{"@type":"ListItem","position":1,"name":"Portada","item":"https:\/\/laredsocial-noticias.com\/wp\/"},{"@type":"ListItem","position":2,"name":"Morena pone bajo investigaci\u00f3n a Ministros y Jueces"}]},{"@type":"WebSite","@id":"https:\/\/laredsocial-noticias.com\/wp\/#website","url":"https:\/\/laredsocial-noticias.com\/wp\/","name":"NOTICIAS","description":"Lo que se ve y se dice en las redes sociales","potentialAction":[{"@type":"SearchAction","target":{"@type":"EntryPoint","urlTemplate":"https:\/\/laredsocial-noticias.com\/wp\/?s={search_term_string}"},"query-input":{"@type":"PropertyValueSpecification","valueRequired":true,"valueName":"search_term_string"}}],"inLanguage":"es"},{"@type":"Person","@id":"https:\/\/laredsocial-noticias.com\/wp\/#\/schema\/person\/0ce78643f2de7aae6f6ef10e8453a6e0","name":"Editor en Jefe","url":"https:\/\/laredsocial-noticias.com\/wp\/author\/jorgeochoa\/"}]}},"_links":{"self":[{"href":"https:\/\/laredsocial-noticias.com\/wp\/wp-json\/wp\/v2\/posts\/105085","targetHints":{"allow":["GET"]}}],"collection":[{"href":"https:\/\/laredsocial-noticias.com\/wp\/wp-json\/wp\/v2\/posts"}],"about":[{"href":"https:\/\/laredsocial-noticias.com\/wp\/wp-json\/wp\/v2\/types\/post"}],"author":[{"embeddable":true,"href":"https:\/\/laredsocial-noticias.com\/wp\/wp-json\/wp\/v2\/users\/1"}],"replies":[{"embeddable":true,"href":"https:\/\/laredsocial-noticias.com\/wp\/wp-json\/wp\/v2\/comments?post=105085"}],"version-history":[{"count":4,"href":"https:\/\/laredsocial-noticias.com\/wp\/wp-json\/wp\/v2\/posts\/105085\/revisions"}],"predecessor-version":[{"id":105104,"href":"https:\/\/laredsocial-noticias.com\/wp\/wp-json\/wp\/v2\/posts\/105085\/revisions\/105104"}],"wp:attachment":[{"href":"https:\/\/laredsocial-noticias.com\/wp\/wp-json\/wp\/v2\/media?parent=105085"}],"wp:term":[{"taxonomy":"category","embeddable":true,"href":"https:\/\/laredsocial-noticias.com\/wp\/wp-json\/wp\/v2\/categories?post=105085"},{"taxonomy":"post_tag","embeddable":true,"href":"https:\/\/laredsocial-noticias.com\/wp\/wp-json\/wp\/v2\/tags?post=105085"}],"curies":[{"name":"wp","href":"https:\/\/api.w.org\/{rel}","templated":true}]}}