{"id":105482,"date":"2018-12-17T14:02:34","date_gmt":"2018-12-17T20:02:34","guid":{"rendered":"http:\/\/laredsocial-noticias.com\/wp\/?p=105482"},"modified":"2018-12-17T15:02:50","modified_gmt":"2018-12-17T20:02:50","slug":"fstse-respalda-desaparicion-del-seguro-popular","status":"publish","type":"post","link":"https:\/\/laredsocial-noticias.com\/wp\/fstse-respalda-desaparicion-del-seguro-popular\/","title":{"rendered":"FSTSE respalda desaparici\u00f3n del Seguro Popular"},"content":{"rendered":"<p>La Federaci\u00f3n de Sindicatos de Trabajadores al Servicio del Estado (FSTSE) respald\u00f3 la desaparici\u00f3n del Seguro Popular anunciada por el presidente Andr\u00e9s Manuel L\u00f3pez Obrador, al considerar que no daba resultados.<\/p>\n<p>Al tomar posesi\u00f3n para un periodo m\u00e1s al frente de la central, Joel Ayala Almeida apoy\u00f3 poner fin al programa de Seguro Popular, del que dijo siempre funcion\u00f3 incrustado en la estructura de la Secretar\u00eda de Salud con un ejercicio presupuestal muy alto y sin resultados.<\/p>\n<p>&#8220;Qu\u00e9 bueno que el presidente de la Rep\u00fablica ponga orden en este destino presupuestal porque este programa nunca fue ni seguro, ni popular como la FSTSE lo denunci\u00f3 hace m\u00e1s de tres a\u00f1os&#8221;, asegur\u00f3 el dirigente de esta central de trabajadores.<\/p>\n<p>Al concluir el Congreso Nacional Extraordinario y tomar protesta a la nueva dirigencia de la FSTSE para el periodo 2018-2024, Ayala Almeida asegur\u00f3 que lo que sigue ahora es acatar y cumplir las resoluciones de las comisiones dictaminadoras, por lo que &#8220;trabajaremos sin descanso y puntualmente en consolidar la seguridad en el empleo para los servidores p\u00fablicos de base&#8221;.<\/p>\n<p>Dijo que &#8220;est\u00e1 firme la encomienda propuesta y aprobada por los delegados efectivos a este Congreso Nacional Extraordinario de que debemos atender el impulso a la capacitaci\u00f3n laboral&#8221;; as\u00ed como consolidar y mantener vigente el respeto a la autonom\u00eda sindical y avanzar en la mejora de las condiciones laborales dentro de las instituciones del pa\u00eds y fortalecer ingreso salarial.<\/p>\n<p>Asegur\u00f3 que los principios juaristas los asumen los Trabajadores al Servicio del Estado y sus dirigencias, desde los 89 sindicatos nacionales hasta los comit\u00e9s estatales, &#8220;por lo que mantendremos firme la convicci\u00f3n de que nada por la fuerza respecto al programa de descentralizaci\u00f3n que lleva a cabo el gobierno federal, ser\u00e1 voluntaria la decisi\u00f3n de acatar este plan&#8221;.<\/p>\n<p>Adelant\u00f3 que la lucha y solidaridad a favor de los compa\u00f1eros jubilados y pensionados se multiplicar\u00e1, toda vez que ellos son quienes forjaron las instituciones del pa\u00eds que hoy le sirven a todos los mexicanos.<\/p>\n","protected":false},"excerpt":{"rendered":"<p>La Federaci\u00f3n de Sindicatos de Trabajadores al Servicio del Estado (FSTSE) respald\u00f3 la desaparici\u00f3n del Seguro Popular anunciada por el&#8230;<\/p>\n","protected":false},"author":1,"featured_media":0,"comment_status":"open","ping_status":"closed","sticky":false,"template":"","format":"standard","meta":{"footnotes":""},"categories":[],"tags":[],"class_list":["post-105482","post","type-post","status-publish","format-standard","hentry"],"yoast_head":"<!-- This site is optimized with the Yoast SEO plugin v26.5 - https:\/\/yoast.com\/wordpress\/plugins\/seo\/ -->\n<title>FSTSE respalda desaparici\u00f3n del Seguro Popular - NOTICIAS<\/title>\n<meta name=\"robots\" content=\"index, follow, max-snippet:-1, max-image-preview:large, max-video-preview:-1\" \/>\n<link rel=\"canonical\" href=\"https:\/\/laredsocial-noticias.com\/wp\/fstse-respalda-desaparicion-del-seguro-popular\/\" \/>\n<meta property=\"og:locale\" content=\"es_ES\" \/>\n<meta property=\"og:type\" content=\"article\" \/>\n<meta property=\"og:title\" content=\"FSTSE respalda desaparici\u00f3n del Seguro Popular - NOTICIAS\" \/>\n<meta property=\"og:description\" content=\"La Federaci\u00f3n de Sindicatos de Trabajadores al Servicio del Estado (FSTSE) respald\u00f3 la desaparici\u00f3n del Seguro Popular anunciada por el...\" \/>\n<meta property=\"og:url\" content=\"https:\/\/laredsocial-noticias.com\/wp\/fstse-respalda-desaparicion-del-seguro-popular\/\" \/>\n<meta property=\"og:site_name\" content=\"NOTICIAS\" \/>\n<meta property=\"article:published_time\" content=\"2018-12-17T20:02:34+00:00\" \/>\n<meta property=\"article:modified_time\" content=\"2018-12-17T20:02:50+00:00\" \/>\n<meta property=\"og:image\" content=\"https:\/\/laredsocial-noticias.com\/wp\/wp-content\/uploads\/2018\/12\/Seguro-Popular.jpg\" \/>\n\t<meta property=\"og:image:width\" content=\"640\" \/>\n\t<meta property=\"og:image:height\" content=\"511\" \/>\n\t<meta property=\"og:image:type\" content=\"image\/jpeg\" \/>\n<meta name=\"author\" content=\"Editor en Jefe\" \/>\n<meta name=\"twitter:card\" content=\"summary_large_image\" \/>\n<meta name=\"twitter:label1\" content=\"Escrito por\" \/>\n\t<meta name=\"twitter:data1\" content=\"Editor en Jefe\" \/>\n\t<meta name=\"twitter:label2\" content=\"Tiempo de lectura\" \/>\n\t<meta name=\"twitter:data2\" content=\"2 minutos\" \/>\n<!-- \/ Yoast SEO plugin. -->","yoast_head_json":{"title":"FSTSE respalda desaparici\u00f3n del Seguro Popular - NOTICIAS","robots":{"index":"index","follow":"follow","max-snippet":"max-snippet:-1","max-image-preview":"max-image-preview:large","max-video-preview":"max-video-preview:-1"},"canonical":"https:\/\/laredsocial-noticias.com\/wp\/fstse-respalda-desaparicion-del-seguro-popular\/","og_locale":"es_ES","og_type":"article","og_title":"FSTSE respalda desaparici\u00f3n del Seguro Popular - NOTICIAS","og_description":"La Federaci\u00f3n de Sindicatos de Trabajadores al Servicio del Estado (FSTSE) respald\u00f3 la desaparici\u00f3n del Seguro Popular anunciada por el...","og_url":"https:\/\/laredsocial-noticias.com\/wp\/fstse-respalda-desaparicion-del-seguro-popular\/","og_site_name":"NOTICIAS","article_published_time":"2018-12-17T20:02:34+00:00","article_modified_time":"2018-12-17T20:02:50+00:00","og_image":[{"width":640,"height":511,"url":"https:\/\/laredsocial-noticias.com\/wp\/wp-content\/uploads\/2018\/12\/Seguro-Popular.jpg","type":"image\/jpeg"}],"author":"Editor en Jefe","twitter_card":"summary_large_image","twitter_misc":{"Escrito por":"Editor en Jefe","Tiempo de lectura":"2 minutos"},"schema":{"@context":"https:\/\/schema.org","@graph":[{"@type":"WebPage","@id":"https:\/\/laredsocial-noticias.com\/wp\/fstse-respalda-desaparicion-del-seguro-popular\/","url":"https:\/\/laredsocial-noticias.com\/wp\/fstse-respalda-desaparicion-del-seguro-popular\/","name":"FSTSE respalda desaparici\u00f3n del Seguro Popular - NOTICIAS","isPartOf":{"@id":"https:\/\/laredsocial-noticias.com\/wp\/#website"},"datePublished":"2018-12-17T20:02:34+00:00","dateModified":"2018-12-17T20:02:50+00:00","author":{"@id":"https:\/\/laredsocial-noticias.com\/wp\/#\/schema\/person\/0ce78643f2de7aae6f6ef10e8453a6e0"},"breadcrumb":{"@id":"https:\/\/laredsocial-noticias.com\/wp\/fstse-respalda-desaparicion-del-seguro-popular\/#breadcrumb"},"inLanguage":"es","potentialAction":[{"@type":"ReadAction","target":["https:\/\/laredsocial-noticias.com\/wp\/fstse-respalda-desaparicion-del-seguro-popular\/"]}]},{"@type":"BreadcrumbList","@id":"https:\/\/laredsocial-noticias.com\/wp\/fstse-respalda-desaparicion-del-seguro-popular\/#breadcrumb","itemListElement":[{"@type":"ListItem","position":1,"name":"Portada","item":"https:\/\/laredsocial-noticias.com\/wp\/"},{"@type":"ListItem","position":2,"name":"FSTSE respalda desaparici\u00f3n del Seguro Popular"}]},{"@type":"WebSite","@id":"https:\/\/laredsocial-noticias.com\/wp\/#website","url":"https:\/\/laredsocial-noticias.com\/wp\/","name":"NOTICIAS","description":"Lo que se ve y se dice en las redes sociales","potentialAction":[{"@type":"SearchAction","target":{"@type":"EntryPoint","urlTemplate":"https:\/\/laredsocial-noticias.com\/wp\/?s={search_term_string}"},"query-input":{"@type":"PropertyValueSpecification","valueRequired":true,"valueName":"search_term_string"}}],"inLanguage":"es"},{"@type":"Person","@id":"https:\/\/laredsocial-noticias.com\/wp\/#\/schema\/person\/0ce78643f2de7aae6f6ef10e8453a6e0","name":"Editor en Jefe","url":"https:\/\/laredsocial-noticias.com\/wp\/author\/jorgeochoa\/"}]}},"_links":{"self":[{"href":"https:\/\/laredsocial-noticias.com\/wp\/wp-json\/wp\/v2\/posts\/105482","targetHints":{"allow":["GET"]}}],"collection":[{"href":"https:\/\/laredsocial-noticias.com\/wp\/wp-json\/wp\/v2\/posts"}],"about":[{"href":"https:\/\/laredsocial-noticias.com\/wp\/wp-json\/wp\/v2\/types\/post"}],"author":[{"embeddable":true,"href":"https:\/\/laredsocial-noticias.com\/wp\/wp-json\/wp\/v2\/users\/1"}],"replies":[{"embeddable":true,"href":"https:\/\/laredsocial-noticias.com\/wp\/wp-json\/wp\/v2\/comments?post=105482"}],"version-history":[{"count":1,"href":"https:\/\/laredsocial-noticias.com\/wp\/wp-json\/wp\/v2\/posts\/105482\/revisions"}],"predecessor-version":[{"id":105483,"href":"https:\/\/laredsocial-noticias.com\/wp\/wp-json\/wp\/v2\/posts\/105482\/revisions\/105483"}],"wp:attachment":[{"href":"https:\/\/laredsocial-noticias.com\/wp\/wp-json\/wp\/v2\/media?parent=105482"}],"wp:term":[{"taxonomy":"category","embeddable":true,"href":"https:\/\/laredsocial-noticias.com\/wp\/wp-json\/wp\/v2\/categories?post=105482"},{"taxonomy":"post_tag","embeddable":true,"href":"https:\/\/laredsocial-noticias.com\/wp\/wp-json\/wp\/v2\/tags?post=105482"}],"curies":[{"name":"wp","href":"https:\/\/api.w.org\/{rel}","templated":true}]}}