{"id":105614,"date":"2018-12-18T13:37:45","date_gmt":"2018-12-18T19:37:45","guid":{"rendered":"http:\/\/laredsocial-noticias.com\/wp\/?p=105614"},"modified":"2018-12-18T20:39:12","modified_gmt":"2018-12-19T01:39:12","slug":"recortes-pueden-debilitar-economia-cce","status":"publish","type":"post","link":"https:\/\/laredsocial-noticias.com\/wp\/recortes-pueden-debilitar-economia-cce\/","title":{"rendered":"Recortes pueden debilitar econom\u00eda: CCE"},"content":{"rendered":"<p>El recorte que se le dio en el Proyecto de Presupuesto de Egresos de 2019 a sectores claves como universidades, organismos aut\u00f3nomos, apoyos a peque\u00f1as y medianas empresas (Pymes), generar\u00e1 un debilitamiento econ\u00f3mico, asegur\u00f3 Juan Pablo Casta\u00f1\u00f3n Casta\u00f1\u00f3n, presidente del Consejo Coordinador Empresarial (CCE).<\/p>\n<p>En una llamada que sostuvo con medios de comunicaci\u00f3n, el l\u00edder empresarial asegur\u00f3 que el recorte de 80 por ciento que se le dio a sectores que inciden en las Pymes; as\u00ed como la disminuci\u00f3n de 40 por ciento de los apoyos para el campo y la desaparici\u00f3n de recursos para la innovaci\u00f3n productiva, inhibir\u00e1 la creaci\u00f3n de nuevos empleos, adem\u00e1s de que afectar\u00e1 a las econom\u00edas regionales.<\/p>\n<p>Por otra parte, la calificadora Fitch asegur\u00f3 que todav\u00eda reportan riesgos potenciales para el perfil crediticio, debido a que la propuesta de presupuesto proyecta un d\u00e9ficit del sector p\u00fablico no financiero de 2.5 por ciento del Producto Interno Bruto en 2019, similar a la estimaci\u00f3n de este a\u00f1o, de 2.4 por ciento.<\/p>\n","protected":false},"excerpt":{"rendered":"<p>El recorte que se le dio en el Proyecto de Presupuesto de Egresos de 2019 a sectores claves como universidades,&#8230;<\/p>\n","protected":false},"author":1,"featured_media":0,"comment_status":"open","ping_status":"closed","sticky":false,"template":"","format":"standard","meta":{"footnotes":""},"categories":[],"tags":[],"class_list":["post-105614","post","type-post","status-publish","format-standard","hentry"],"yoast_head":"<!-- This site is optimized with the Yoast SEO plugin v26.5 - https:\/\/yoast.com\/wordpress\/plugins\/seo\/ -->\n<title>Recortes pueden debilitar econom\u00eda: CCE - NOTICIAS<\/title>\n<meta name=\"robots\" content=\"index, follow, max-snippet:-1, max-image-preview:large, max-video-preview:-1\" \/>\n<link rel=\"canonical\" href=\"https:\/\/laredsocial-noticias.com\/wp\/recortes-pueden-debilitar-economia-cce\/\" \/>\n<meta property=\"og:locale\" content=\"es_ES\" \/>\n<meta property=\"og:type\" content=\"article\" \/>\n<meta property=\"og:title\" content=\"Recortes pueden debilitar econom\u00eda: CCE - NOTICIAS\" \/>\n<meta property=\"og:description\" content=\"El recorte que se le dio en el Proyecto de Presupuesto de Egresos de 2019 a sectores claves como universidades,...\" \/>\n<meta property=\"og:url\" content=\"https:\/\/laredsocial-noticias.com\/wp\/recortes-pueden-debilitar-economia-cce\/\" \/>\n<meta property=\"og:site_name\" content=\"NOTICIAS\" \/>\n<meta property=\"article:published_time\" content=\"2018-12-18T19:37:45+00:00\" \/>\n<meta property=\"article:modified_time\" content=\"2018-12-19T01:39:12+00:00\" \/>\n<meta property=\"og:image\" content=\"https:\/\/laredsocial-noticias.com\/wp\/wp-content\/uploads\/2018\/12\/juan-pablo-castan\u0303on-696x465.jpg\" \/>\n\t<meta property=\"og:image:width\" content=\"696\" \/>\n\t<meta property=\"og:image:height\" content=\"465\" \/>\n\t<meta property=\"og:image:type\" content=\"image\/jpeg\" \/>\n<meta name=\"author\" content=\"Editor en Jefe\" \/>\n<meta name=\"twitter:card\" content=\"summary_large_image\" \/>\n<meta name=\"twitter:label1\" content=\"Escrito por\" \/>\n\t<meta name=\"twitter:data1\" content=\"Editor en Jefe\" \/>\n\t<meta name=\"twitter:label2\" content=\"Tiempo de lectura\" \/>\n\t<meta name=\"twitter:data2\" content=\"1 minuto\" \/>\n<!-- \/ Yoast SEO plugin. -->","yoast_head_json":{"title":"Recortes pueden debilitar econom\u00eda: CCE - NOTICIAS","robots":{"index":"index","follow":"follow","max-snippet":"max-snippet:-1","max-image-preview":"max-image-preview:large","max-video-preview":"max-video-preview:-1"},"canonical":"https:\/\/laredsocial-noticias.com\/wp\/recortes-pueden-debilitar-economia-cce\/","og_locale":"es_ES","og_type":"article","og_title":"Recortes pueden debilitar econom\u00eda: CCE - NOTICIAS","og_description":"El recorte que se le dio en el Proyecto de Presupuesto de Egresos de 2019 a sectores claves como universidades,...","og_url":"https:\/\/laredsocial-noticias.com\/wp\/recortes-pueden-debilitar-economia-cce\/","og_site_name":"NOTICIAS","article_published_time":"2018-12-18T19:37:45+00:00","article_modified_time":"2018-12-19T01:39:12+00:00","og_image":[{"width":696,"height":465,"url":"https:\/\/laredsocial-noticias.com\/wp\/wp-content\/uploads\/2018\/12\/juan-pablo-castan\u0303on-696x465.jpg","type":"image\/jpeg"}],"author":"Editor en Jefe","twitter_card":"summary_large_image","twitter_misc":{"Escrito por":"Editor en Jefe","Tiempo de lectura":"1 minuto"},"schema":{"@context":"https:\/\/schema.org","@graph":[{"@type":"WebPage","@id":"https:\/\/laredsocial-noticias.com\/wp\/recortes-pueden-debilitar-economia-cce\/","url":"https:\/\/laredsocial-noticias.com\/wp\/recortes-pueden-debilitar-economia-cce\/","name":"Recortes pueden debilitar econom\u00eda: CCE - NOTICIAS","isPartOf":{"@id":"https:\/\/laredsocial-noticias.com\/wp\/#website"},"datePublished":"2018-12-18T19:37:45+00:00","dateModified":"2018-12-19T01:39:12+00:00","author":{"@id":"https:\/\/laredsocial-noticias.com\/wp\/#\/schema\/person\/0ce78643f2de7aae6f6ef10e8453a6e0"},"breadcrumb":{"@id":"https:\/\/laredsocial-noticias.com\/wp\/recortes-pueden-debilitar-economia-cce\/#breadcrumb"},"inLanguage":"es","potentialAction":[{"@type":"ReadAction","target":["https:\/\/laredsocial-noticias.com\/wp\/recortes-pueden-debilitar-economia-cce\/"]}]},{"@type":"BreadcrumbList","@id":"https:\/\/laredsocial-noticias.com\/wp\/recortes-pueden-debilitar-economia-cce\/#breadcrumb","itemListElement":[{"@type":"ListItem","position":1,"name":"Portada","item":"https:\/\/laredsocial-noticias.com\/wp\/"},{"@type":"ListItem","position":2,"name":"Recortes pueden debilitar econom\u00eda: CCE"}]},{"@type":"WebSite","@id":"https:\/\/laredsocial-noticias.com\/wp\/#website","url":"https:\/\/laredsocial-noticias.com\/wp\/","name":"NOTICIAS","description":"Lo que se ve y se dice en las redes sociales","potentialAction":[{"@type":"SearchAction","target":{"@type":"EntryPoint","urlTemplate":"https:\/\/laredsocial-noticias.com\/wp\/?s={search_term_string}"},"query-input":{"@type":"PropertyValueSpecification","valueRequired":true,"valueName":"search_term_string"}}],"inLanguage":"es"},{"@type":"Person","@id":"https:\/\/laredsocial-noticias.com\/wp\/#\/schema\/person\/0ce78643f2de7aae6f6ef10e8453a6e0","name":"Editor en Jefe","url":"https:\/\/laredsocial-noticias.com\/wp\/author\/jorgeochoa\/"}]}},"_links":{"self":[{"href":"https:\/\/laredsocial-noticias.com\/wp\/wp-json\/wp\/v2\/posts\/105614","targetHints":{"allow":["GET"]}}],"collection":[{"href":"https:\/\/laredsocial-noticias.com\/wp\/wp-json\/wp\/v2\/posts"}],"about":[{"href":"https:\/\/laredsocial-noticias.com\/wp\/wp-json\/wp\/v2\/types\/post"}],"author":[{"embeddable":true,"href":"https:\/\/laredsocial-noticias.com\/wp\/wp-json\/wp\/v2\/users\/1"}],"replies":[{"embeddable":true,"href":"https:\/\/laredsocial-noticias.com\/wp\/wp-json\/wp\/v2\/comments?post=105614"}],"version-history":[{"count":1,"href":"https:\/\/laredsocial-noticias.com\/wp\/wp-json\/wp\/v2\/posts\/105614\/revisions"}],"predecessor-version":[{"id":105615,"href":"https:\/\/laredsocial-noticias.com\/wp\/wp-json\/wp\/v2\/posts\/105614\/revisions\/105615"}],"wp:attachment":[{"href":"https:\/\/laredsocial-noticias.com\/wp\/wp-json\/wp\/v2\/media?parent=105614"}],"wp:term":[{"taxonomy":"category","embeddable":true,"href":"https:\/\/laredsocial-noticias.com\/wp\/wp-json\/wp\/v2\/categories?post=105614"},{"taxonomy":"post_tag","embeddable":true,"href":"https:\/\/laredsocial-noticias.com\/wp\/wp-json\/wp\/v2\/tags?post=105614"}],"curies":[{"name":"wp","href":"https:\/\/api.w.org\/{rel}","templated":true}]}}