{"id":107826,"date":"2019-01-22T16:23:36","date_gmt":"2019-01-22T22:23:36","guid":{"rendered":"http:\/\/laredsocial-noticias.com\/wp\/?p=107826"},"modified":"2019-01-22T17:24:07","modified_gmt":"2019-01-22T22:24:07","slug":"mexico-no-crecera-como-preveia-fmi","status":"publish","type":"post","link":"https:\/\/laredsocial-noticias.com\/wp\/mexico-no-crecera-como-preveia-fmi\/","title":{"rendered":"M\u00e9xico no crecer\u00e1 como preve\u00eda: FMI"},"content":{"rendered":"<p>El Fondo Monetario Internacional (FMI) se sum\u00f3 a las entidades que bajaron su expectativa de crecimiento econ\u00f3mico para M\u00e9xico, al ubicarla en 2.1 por ciento para 2019, contra una estimaci\u00f3n previa de 2.5 por ciento, aunque se mantiene por encima del resto de las proyecciones del sector privado.<\/p>\n<p>El organismo internacional presidido por Christine Lagarde coment\u00f3 que la disminuci\u00f3n en su pron\u00f3stico es consecuencia de un menor crecimiento internacional y una ca\u00edda en la inversi\u00f3n privada esperada para este a\u00f1o.<\/p>\n<p>La semana pasada Bank of America Merril Lynch redujo a la mitad la previsi\u00f3n de crecimiento para el pa\u00eds de dos por ciento a uno por ciento, mientras que el consenso de la \u00faltima encuesta de Citibanamex estim\u00f3 un repunte de 1.8 por ciento para 2019, tres d\u00e9cimas de punto por debajo a la expectativa del FMI.<\/p>\n<p>En su informe Perspectivas de la econom\u00eda mundial, el fondo mencion\u00f3 que la desaceleraci\u00f3n de M\u00e9xico tendr\u00e1 consecuencias para toda la regi\u00f3n, pues para los pr\u00f3ximos dos a\u00f1os el repunte en Am\u00e9rica Latina ser\u00e1 0.2 puntos menor para ubicarse en dos por ciento este a\u00f1o y 2.5 en 2020, aunque Venezuela tambi\u00e9n aporta al ritmo econ\u00f3mico semilento de la zona.<\/p>\n<p>\u201cLas rebajas s\u00f3lo se compensan parcialmente con una revisi\u00f3n al alza del pron\u00f3stico para 2019 para Brasil, donde se espera que contin\u00fae la recuperaci\u00f3n gradual de la recesi\u00f3n de 2015\u2033.<\/p>\n<p>El organismo internacional abund\u00f3 que otro riesgo, tanto para M\u00e9xico como para la econom\u00eda del resto del mundo es la tensi\u00f3n comercial que gener\u00f3 Estados Unidos con sus vecinos y con China.<\/p>\n<p>El FMI precis\u00f3 que si bien M\u00e9xico y Canad\u00e1 lograron la firma de la nueva versi\u00f3n del Tratado de Libre Comercio de Am\u00e9rica del Norte con la Uni\u00f3n Americana el pasado 30 de noviembre, el resultado final se mantiene pendiente, pues todav\u00eda tienen que ser ratificados por los congresos de los tres pa\u00edses.<\/p>\n<p>Una situaci\u00f3n similar ocurre con la disputa entre el pa\u00eds de las barras y las estrellas con China, ante la guerra comercial. Aunque la disputa est\u00e1 en pausa, despu\u00e9s de que los presidentes Donald Trump y Xi Jin Ping alcanzaron un acuerdo el pasado 30 de noviembre para congelar la guerra comercial por 90 d\u00edas, durante una reuni\u00f3n en el G20 de Buenos Aires, Argentina, las partes todav\u00eda no alcanzan un acuerdo definitivo.<\/p>\n<p>\u201cDe no resolverse las diferencias y de materializarse el consiguiente aumento de las barreras arancelarias, aumentar\u00edan los costos de los bienes intermedios y de capital importados y los precios de los bienes finales para los consumidores\u201d, advierte el FMI.<\/p>\n<p>Estos problemas pueden desembocar en una desaceleraci\u00f3n en las inversiones y moderar a\u00fan m\u00e1s el crecimiento, tanto a nivel nacional como regional, e incluso entre las econom\u00edas en v\u00edas de desarrollo.<\/p>\n<p>\u201cLos mercados emergentes y econom\u00edas en v\u00edas de desarrollo han estado sometidas a condiciones externas dif\u00edciles durante los \u00faltimos meses, en medio de tensiones comerciales, tasas de inter\u00e9s m\u00e1s altas en Estados Unidos, un d\u00f3lar m\u00e1s caro, fugas de capital y precios vol\u00e1tiles del crudo\u201d, advirti\u00f3 el organismo.<\/p>\n","protected":false},"excerpt":{"rendered":"<p>El Fondo Monetario Internacional (FMI) se sum\u00f3 a las entidades que bajaron su expectativa de crecimiento econ\u00f3mico para M\u00e9xico, al&#8230;<\/p>\n","protected":false},"author":1,"featured_media":0,"comment_status":"open","ping_status":"closed","sticky":false,"template":"","format":"standard","meta":{"footnotes":""},"categories":[],"tags":[],"class_list":["post-107826","post","type-post","status-publish","format-standard","hentry"],"yoast_head":"<!-- This site is optimized with the Yoast SEO plugin v26.5 - https:\/\/yoast.com\/wordpress\/plugins\/seo\/ -->\n<title>M\u00e9xico no crecer\u00e1 como preve\u00eda: FMI - NOTICIAS<\/title>\n<meta name=\"robots\" content=\"index, follow, max-snippet:-1, max-image-preview:large, max-video-preview:-1\" \/>\n<link rel=\"canonical\" href=\"https:\/\/laredsocial-noticias.com\/wp\/mexico-no-crecera-como-preveia-fmi\/\" \/>\n<meta property=\"og:locale\" content=\"es_ES\" \/>\n<meta property=\"og:type\" content=\"article\" \/>\n<meta property=\"og:title\" content=\"M\u00e9xico no crecer\u00e1 como preve\u00eda: FMI - NOTICIAS\" \/>\n<meta property=\"og:description\" content=\"El Fondo Monetario Internacional (FMI) se sum\u00f3 a las entidades que bajaron su expectativa de crecimiento econ\u00f3mico para M\u00e9xico, al...\" \/>\n<meta property=\"og:url\" content=\"https:\/\/laredsocial-noticias.com\/wp\/mexico-no-crecera-como-preveia-fmi\/\" \/>\n<meta property=\"og:site_name\" content=\"NOTICIAS\" \/>\n<meta property=\"article:published_time\" content=\"2019-01-22T22:23:36+00:00\" \/>\n<meta property=\"article:modified_time\" content=\"2019-01-22T22:24:07+00:00\" \/>\n<meta property=\"og:image\" content=\"https:\/\/laredsocial-noticias.com\/wp\/wp-content\/uploads\/2019\/01\/FMI-1.jpg\" \/>\n\t<meta property=\"og:image:width\" content=\"1920\" \/>\n\t<meta property=\"og:image:height\" content=\"1081\" \/>\n\t<meta property=\"og:image:type\" content=\"image\/jpeg\" \/>\n<meta name=\"author\" content=\"Editor en Jefe\" \/>\n<meta name=\"twitter:card\" content=\"summary_large_image\" \/>\n<meta name=\"twitter:label1\" content=\"Escrito por\" \/>\n\t<meta name=\"twitter:data1\" content=\"Editor en Jefe\" \/>\n\t<meta name=\"twitter:label2\" content=\"Tiempo de lectura\" \/>\n\t<meta name=\"twitter:data2\" content=\"3 minutos\" \/>\n<!-- \/ Yoast SEO plugin. -->","yoast_head_json":{"title":"M\u00e9xico no crecer\u00e1 como preve\u00eda: FMI - NOTICIAS","robots":{"index":"index","follow":"follow","max-snippet":"max-snippet:-1","max-image-preview":"max-image-preview:large","max-video-preview":"max-video-preview:-1"},"canonical":"https:\/\/laredsocial-noticias.com\/wp\/mexico-no-crecera-como-preveia-fmi\/","og_locale":"es_ES","og_type":"article","og_title":"M\u00e9xico no crecer\u00e1 como preve\u00eda: FMI - NOTICIAS","og_description":"El Fondo Monetario Internacional (FMI) se sum\u00f3 a las entidades que bajaron su expectativa de crecimiento econ\u00f3mico para M\u00e9xico, al...","og_url":"https:\/\/laredsocial-noticias.com\/wp\/mexico-no-crecera-como-preveia-fmi\/","og_site_name":"NOTICIAS","article_published_time":"2019-01-22T22:23:36+00:00","article_modified_time":"2019-01-22T22:24:07+00:00","og_image":[{"width":1920,"height":1081,"url":"https:\/\/laredsocial-noticias.com\/wp\/wp-content\/uploads\/2019\/01\/FMI-1.jpg","type":"image\/jpeg"}],"author":"Editor en Jefe","twitter_card":"summary_large_image","twitter_misc":{"Escrito por":"Editor en Jefe","Tiempo de lectura":"3 minutos"},"schema":{"@context":"https:\/\/schema.org","@graph":[{"@type":"WebPage","@id":"https:\/\/laredsocial-noticias.com\/wp\/mexico-no-crecera-como-preveia-fmi\/","url":"https:\/\/laredsocial-noticias.com\/wp\/mexico-no-crecera-como-preveia-fmi\/","name":"M\u00e9xico no crecer\u00e1 como preve\u00eda: FMI - NOTICIAS","isPartOf":{"@id":"https:\/\/laredsocial-noticias.com\/wp\/#website"},"datePublished":"2019-01-22T22:23:36+00:00","dateModified":"2019-01-22T22:24:07+00:00","author":{"@id":"https:\/\/laredsocial-noticias.com\/wp\/#\/schema\/person\/0ce78643f2de7aae6f6ef10e8453a6e0"},"breadcrumb":{"@id":"https:\/\/laredsocial-noticias.com\/wp\/mexico-no-crecera-como-preveia-fmi\/#breadcrumb"},"inLanguage":"es","potentialAction":[{"@type":"ReadAction","target":["https:\/\/laredsocial-noticias.com\/wp\/mexico-no-crecera-como-preveia-fmi\/"]}]},{"@type":"BreadcrumbList","@id":"https:\/\/laredsocial-noticias.com\/wp\/mexico-no-crecera-como-preveia-fmi\/#breadcrumb","itemListElement":[{"@type":"ListItem","position":1,"name":"Portada","item":"https:\/\/laredsocial-noticias.com\/wp\/"},{"@type":"ListItem","position":2,"name":"M\u00e9xico no crecer\u00e1 como preve\u00eda: FMI"}]},{"@type":"WebSite","@id":"https:\/\/laredsocial-noticias.com\/wp\/#website","url":"https:\/\/laredsocial-noticias.com\/wp\/","name":"NOTICIAS","description":"Lo que se ve y se dice en las redes sociales","potentialAction":[{"@type":"SearchAction","target":{"@type":"EntryPoint","urlTemplate":"https:\/\/laredsocial-noticias.com\/wp\/?s={search_term_string}"},"query-input":{"@type":"PropertyValueSpecification","valueRequired":true,"valueName":"search_term_string"}}],"inLanguage":"es"},{"@type":"Person","@id":"https:\/\/laredsocial-noticias.com\/wp\/#\/schema\/person\/0ce78643f2de7aae6f6ef10e8453a6e0","name":"Editor en Jefe","url":"https:\/\/laredsocial-noticias.com\/wp\/author\/jorgeochoa\/"}]}},"_links":{"self":[{"href":"https:\/\/laredsocial-noticias.com\/wp\/wp-json\/wp\/v2\/posts\/107826","targetHints":{"allow":["GET"]}}],"collection":[{"href":"https:\/\/laredsocial-noticias.com\/wp\/wp-json\/wp\/v2\/posts"}],"about":[{"href":"https:\/\/laredsocial-noticias.com\/wp\/wp-json\/wp\/v2\/types\/post"}],"author":[{"embeddable":true,"href":"https:\/\/laredsocial-noticias.com\/wp\/wp-json\/wp\/v2\/users\/1"}],"replies":[{"embeddable":true,"href":"https:\/\/laredsocial-noticias.com\/wp\/wp-json\/wp\/v2\/comments?post=107826"}],"version-history":[{"count":1,"href":"https:\/\/laredsocial-noticias.com\/wp\/wp-json\/wp\/v2\/posts\/107826\/revisions"}],"predecessor-version":[{"id":107827,"href":"https:\/\/laredsocial-noticias.com\/wp\/wp-json\/wp\/v2\/posts\/107826\/revisions\/107827"}],"wp:attachment":[{"href":"https:\/\/laredsocial-noticias.com\/wp\/wp-json\/wp\/v2\/media?parent=107826"}],"wp:term":[{"taxonomy":"category","embeddable":true,"href":"https:\/\/laredsocial-noticias.com\/wp\/wp-json\/wp\/v2\/categories?post=107826"},{"taxonomy":"post_tag","embeddable":true,"href":"https:\/\/laredsocial-noticias.com\/wp\/wp-json\/wp\/v2\/tags?post=107826"}],"curies":[{"name":"wp","href":"https:\/\/api.w.org\/{rel}","templated":true}]}}