{"id":108276,"date":"2019-01-29T10:58:37","date_gmt":"2019-01-29T15:58:37","guid":{"rendered":"http:\/\/laredsocial-noticias.com\/wp\/?p=108276"},"modified":"2019-01-29T11:51:29","modified_gmt":"2019-01-29T16:51:29","slug":"cnte-un-largo-conflicto-que-abona-el-si-para-la-gn-que-quiere-amlo","status":"publish","type":"post","link":"https:\/\/laredsocial-noticias.com\/wp\/cnte-un-largo-conflicto-que-abona-el-si-para-la-gn-que-quiere-amlo\/","title":{"rendered":"CNTE, un largo conflicto que abona el &#8220;S\u00cd&#8221; para la GN que quiere AMLO"},"content":{"rendered":"\n<figure class=\"wp-block-image\"><img decoding=\"async\" src=\"http:\/\/laredsocial-noticias.com\/wp\/wp-content\/uploads\/2017\/06\/silvano_aureoles.jpg\" alt=\"\" class=\"wp-image-72613\"\/><\/figure>\n\n\n\n<p>Si los maestros no levantan\nel bloqueo a las v\u00edas f\u00e9rreas, \u201cno habr\u00e1 mesa ni pagos\u201d, advirti\u00f3 tajante el\nlunes por la tarde el gobernador de Michoac\u00e1n, Silvano Aureoles Conejo.<\/p>\n\n\n\n<p>Mientras tanto, El\npresidente Andr\u00e9s Manuel L\u00f3pez Obrador critic\u00f3 al mandatario y lo acus\u00f3 de no\nhaber atendido el problema de los bloqueos a las v\u00edas f\u00e9rreas, pese a que se\ntrata de un delito de sabotaje a las v\u00edas generales de comunicaci\u00f3n.<\/p>\n\n\n\n<p>Es un nuevo conflicto, que\nse abre de cara a la discusi\u00f3n que prevalece a la instauraci\u00f3n en M\u00e9xico de la\nGuardia Nacional, que justificar\u00eda la presencia de la Marina y el Ej\u00e9rcito en\ntareas de seguridad p\u00fablica.<\/p>\n\n\n\n<p>El Presidente de la\nRep\u00fablica reproch\u00f3 que el gobernador Aureoles estuviera de gira en Europa&nbsp;y\n\u201cde repente se da esta bloqueo a las l\u00edneas del ferrocarril en momentos que se\nnos present\u00f3 el problema de desabasto del combustible&#8230;&#8221;<\/p>\n\n\n\n<p>L\u00f3pez Obrador se eximi\u00f3 de\nresponsabilidades en este conflicto al se\u00f1alar que adem\u00e1s de\n&#8220;sorpresivo&#8221;, se trata de un conflicto &#8220;que no corresponde al\ngobierno federal, un asunto de falta de pago a maestros estatales, una\nresponsabilidad del gobierno del estado&#8221;.<\/p>\n\n\n\n<p>Sin embargo, el art\u00edculo 140\ndel C\u00f3digo Penal Federal establece que es tambi\u00e9n responsabilidad del Gobierno\nde la Rep\u00fablica al implicar las v\u00edas generales de Comunicaci\u00f3n.<\/p>\n\n\n\n<p>&#8220;Se impondr\u00e1 pena de\ndos a veinte a\u00f1os de prisi\u00f3n y multa de mil a cincuenta mil pesos, al que da\u00f1e,\ndestruya o il\u00edcitamente entorpezca v\u00edas de comunicaci\u00f3n, servicios p\u00fablicos,\nfunciones de las dependencias del Estado&#8230;&#8221;<\/p>\n\n\n\n<p>La cr\u00edtica del Presidente se\nda incluso despu\u00e9s de que Silvano Aureoles se reuniera con el secretario de\nEducaci\u00f3n P\u00fablica, Esteban Moctezuma, para abordar el bloqueo, que lleva 14\nd\u00edas.<\/p>\n\n\n\n<p>\u201cAcordamos dar respuesta a\nlas demandas m\u00e1s urgentes de los maestros, que son el pago de sus quincenas y\notras peticiones, v\u00eda un adelanto de participaciones federales solicitadas por\nmi gobierno\u201d.<\/p>\n\n\n\n<p>Dijo que acordaron trabajar en\nuna mesa \u00fanica, Gobierno de M\u00e9xico y Gobierno de Michoac\u00e1n, para revisar el\nresto de los temas, en una \u201cruta que exige voluntad y disposici\u00f3n del\nmagisterio para que levanten ya el bloqueo; de no ser as\u00ed, no habr\u00e1 mesa ni\npagos&#8221;.<\/p>\n\n\n\n<p>En medio de estas\nnegociaciones, L\u00f3pez Obrador declar\u00f3 que el gobierno federal ya hizo su parte:\n&#8220;ya se transfirieron los fondos, que ahora se pide que se federalicen, eso\nes otra demanda, eso es otro asunto&#8230;&#8221;<\/p>\n\n\n\n<p>Que la Federaci\u00f3n se haga\ncargo de pagar algo que no le corresponde es otro asunto, dijo L\u00f3pez Obrador, porque\nlos maestros fueron contratados por el Gobierno de Michoac\u00e1n\u201d.&nbsp; <\/p>\n\n\n\n<p>Reiter\u00f3 que su gobierno no usar\u00e1 a la fuerza p\u00fablica para reprimirlos, por lo que pidi\u00f3 a los maestros disidentes su comprensi\u00f3n. En medio de este nuevo conflicto, se desarrolla en el Congreso la aprobaci\u00f3n de una moderna Guardia Nacional.<\/p>\n\n\n\n<p>De acuerdo con informaci\u00f3n de El Economista los 15 d\u00edas de bloqueos por parte de maestros en Michoac\u00e1n han generado, adem\u00e1s de p\u00e9rdidas directas de 1,700 millones de pesos a las empresas ferroviarias, una creciente imagen negativa de M\u00e9xico en el exterior, donde se cuestiona por qu\u00e9 unos grupos de personas afectan el comercio internacional, por lo que urge resolver la situaci\u00f3n, consider\u00f3 la vicepresidenta de la Asociaci\u00f3n Mexicana de Agentes Navieros (AMANAC), Norma Becerra.<\/p>\n\n\n\n<p>Sin ofrecer mayores detalles, dijo que \u201cya hay reclamos de embarcadores del otro lado del mundo. Nos cuestionan por qu\u00e9 no hemos entregado la carga a sus consignatarios y explicamos que es porque tenemos bloqueos a los ferrocarriles. Son comunicaciones internas, por ejemplo, de empresas de China o Singapur\u201d.<\/p>\n\n\n\n<p>La duraci\u00f3n de los siete bloqueos en Michoac\u00e1n es la m\u00e1s larga que se haya registrado a la fecha, cuyo efecto \u201cdomin\u00f3\u201d a\u00fan no cuantifica en su totalidad, pero los afectados piden ya a las autoridades una pronta soluci\u00f3n, porque se pude generar un desabasto de granos y materia prima para las industrias acerera o automotriz, entre otras.<\/p>\n\n\n\n<p>En un reporte elaborado por la Asociaci\u00f3n Mexicana de Ferrocarriles (AMF) y la AMANAC, sobre las afectaciones hasta se detalla que se han dejado de operar diariamente 18 trenes desde el puerto de Manzanillo y 12 desde el de L\u00e1zaro C\u00e1rdenas, as\u00ed como otros trenes con origen o destino a Guadalajara, el valle de M\u00e9xico, Toluca, Irapuato, Celaya, Monterrey y San Luis Potos\u00ed.<\/p>\n\n\n\n<p>\u201cAl d\u00eda de hoy (lunes), 251 trenes est\u00e1n afectados, impactando en el tr\u00e1nsito de 2.1 millones de toneladas de carga que dejaron de transportarse. M\u00e1s de 720 contenedores con exportaciones diarias v\u00eda ferrocarril desde el valle de M\u00e9xico hacia los puertos\u201d, puntualiz\u00f3 Norma Becerra.<\/p>\n\n\n\n<p>En entrevista, la vicepresidenta de la Asociaci\u00f3n Mexicana de Agentes Navieros afirm\u00f3 que tambi\u00e9n es necesario poner en el escenario los da\u00f1os que se est\u00e1n generando a las empresas mexicanas que buscan colocar sus productos fuera de M\u00e9xico y por el momento est\u00e1n detenidas en patios, v\u00edas o terminales.<\/p>\n\n\n\n<p>\u201cLa exportaci\u00f3n (de productos como cerveza, cer\u00e1mica o l\u00ednea blanca) es muy importante para el PIB de nuestro pa\u00eds. Tan s\u00f3lo en Ciudad de M\u00e9xico y Estado de M\u00e9xico, en la estaci\u00f3n ferroviaria del valle de M\u00e9xico, todos los d\u00edas se mueven 720 contenedores, que tampoco han podido salir\u201d, coment\u00f3.<\/p>\n\n\n\n<h2 class=\"wp-block-heading\">AMF enciende focos rojos<\/h2>\n\n\n\n<p>En entrevista radiof\u00f3nica, el director de la AMF, Iker de Luisa, estim\u00f3 que la afectaci\u00f3n de los bloques (la par\u00e1lisis de 2.1 millones de contenedores) es similar a un mes de tr\u00e1fico mar\u00edtimo en el puerto de L\u00e1zaro C\u00e1rdenas, por lo que es \u201curgente\u201d resolver a la brevedad la situaci\u00f3n.<\/p>\n\n\n\n<p>\u201cEl efecto domin\u00f3 que se est\u00e1 generando es muy grande porque en los contenedores vienen diversos productos, como granos, tablets o minerales, pero tambi\u00e9n hay vagones con combustibles que no pueden llegar a su destino\u201d, manifest\u00f3.<\/p>\n\n\n\n<p>Ante la imposibilidad de subir la carga a los trenes, el autotransporte ha sido una alternativa, ya rebasada, que permite movilizar una parte de la carga.<\/p>\n\n\n\n<p>De acuerdo con la AMANAC, cada semana llegan entre 13,000 y 14,000 contenedores a los puertos afectados. En Manzanillo hacen escala 15 l\u00edneas navieras, L\u00e1zaro C\u00e1rdenas, 13, y a la fecha hay retrasos acumulados de entrega de hasta 192 horas.<\/p>\n\n\n\n<p>\u201cCon la imposibilidad de poder sacar las cargas del puerto por ferrocarril, que tiene una participaci\u00f3n relevante, las terminales han dado la oportunidad para que se efect\u00faen los cambios de modalidad, de ferrocarril a cami\u00f3n, pero eso no es suficiente para dar los servicios requeridos\u201d, agreg\u00f3 la vicepresidenta de la asociaci\u00f3n.<\/p>\n\n\n\n<p>Otro de los efectos relacionados es la latente posibilidad de que los barcos se desv\u00eden a puertos de otros pa\u00edses y luego, cuando haya condiciones, trasladar la carga a M\u00e9xico, lo que elevar\u00eda considerablemente los costos para toda la cadena log\u00edstica.<\/p>\n\n\n\n<h2 class=\"wp-block-heading\">\u201c\u00a1Ya estuvo!\u201d: IP a CNTE<\/h2>\n\n\n\n<p>El sector empresarial del pa\u00eds alz\u00f3 la voz con un: \u201c\u00a1ya estuvo! de tolerar la ilegalidad\u201d que prevalece ante los bloqueos de la Coordinadora Nacional de Trabajadores de la Educaci\u00f3n (CNTE) en Michoac\u00e1n, y exigi\u00f3 al presidente de M\u00e9xico, Andr\u00e9s Manuel L\u00f3pez Obrador, aplicar el Estado de Derecho para dar soluci\u00f3n inmediata al problema que ha generado p\u00e9rdidas a la planta productiva nacional superiores a 14,000 millones de pesos en dos semanas.<\/p>\n\n\n\n<p>Patrones, industriales, comerciantes y cadenas de autoservicio urgieron poner fin al desorden en Michoac\u00e1n que realiza la CNTE desde el 14 de enero en las v\u00edas f\u00e9rreas, pues esto ha provocado que 200 trenes no logren pasar, afectando a 8,600 contenedores y m\u00e1s de 1,750 millones de toneladas en insumos y productos, que derivar\u00eda no s\u00f3lo en desabasto sino en descomposici\u00f3n de perecederos y hasta paros en las f\u00e1bricas.<\/p>\n\n\n\n<p>Juan Pablo Casta\u00f1\u00f3n, presidente del Consejo Coordinador Empresarial, acot\u00f3: \u201cno podemos permitir que medios estrat\u00e9gicos, como las v\u00edas de comunicaci\u00f3n ferroviarias, sean sujetos a extorsiones pol\u00edticas por parte de grupos minoritarios\u201d.<\/p>\n\n\n\n<p>Gustavo de Hoyos, presidente de la Confederaci\u00f3n Patronal de la Rep\u00fablica Mexicana, hizo un llamado urgente al gobierno federal a hacer valer el Estado de Derecho, sin importar filiaciones pol\u00edticas y salvaguardando los derechos humanos, y que hagan cumplir la ley y sea restablecido de inmediato el servicio ferroviario en Michoac\u00e1n, para que las mercanc\u00edas e insumos puedan llegar a su destino.<\/p>\n\n\n\n<p>Los empresarios se quejaron porque los bloqueos est\u00e1n afectando la ruta que conecta al puerto de L\u00e1zaro C\u00e1rdenas y Morelia con el centro del pa\u00eds, as\u00ed como la que va de Ciudad de M\u00e9xico hacia Guadalajara y todo el Pac\u00edfico norte y que pasa por Michoac\u00e1n.<\/p>\n\n\n\n<p>Los sectores m\u00e1s afectados son: agropecuario, automotriz, industria sider\u00fargica, as\u00ed como la producci\u00f3n de gasolina en plantas de Petr\u00f3leos Mexicanos.<\/p>\n\n\n\n<p>El presidente de la Confederaci\u00f3n de C\u00e1maras Nacionales de Comercio, Servicios y Turismo, Jos\u00e9 Manuel L\u00f3pez, afirm\u00f3 que ese problema perjudica a las importaciones y exportaciones a Asia y a algunas zonas de Estados Unidos.<\/p>\n\n\n\n<p>Seg\u00fan la Confederaci\u00f3n de C\u00e1maras Industriales, las demoras est\u00e1n causando p\u00e9rdidas por 1,000 millones de pesos diarios, sin contar los da\u00f1os colaterales. (Con informaci\u00f3n de Lilia Gonz\u00e1lez)<\/p>\n","protected":false},"excerpt":{"rendered":"<p>Si los maestros no levantan el bloqueo a las v\u00edas f\u00e9rreas, \u201cno habr\u00e1 mesa ni pagos\u201d, advirti\u00f3 tajante el lunes&#8230;<\/p>\n","protected":false},"author":1,"featured_media":0,"comment_status":"closed","ping_status":"open","sticky":false,"template":"","format":"standard","meta":{"footnotes":""},"categories":[],"tags":[],"class_list":["post-108276","post","type-post","status-publish","format-standard","hentry"],"yoast_head":"<!-- This site is optimized with the Yoast SEO plugin v26.5 - https:\/\/yoast.com\/wordpress\/plugins\/seo\/ -->\n<title>CNTE, un largo conflicto que abona el &quot;S\u00cd&quot; para la GN que quiere AMLO - NOTICIAS<\/title>\n<meta name=\"robots\" content=\"index, follow, max-snippet:-1, max-image-preview:large, max-video-preview:-1\" \/>\n<link rel=\"canonical\" href=\"https:\/\/laredsocial-noticias.com\/wp\/cnte-un-largo-conflicto-que-abona-el-si-para-la-gn-que-quiere-amlo\/\" \/>\n<meta property=\"og:locale\" content=\"es_ES\" \/>\n<meta property=\"og:type\" content=\"article\" \/>\n<meta property=\"og:title\" content=\"CNTE, un largo conflicto que abona el &quot;S\u00cd&quot; para la GN que quiere AMLO - NOTICIAS\" \/>\n<meta property=\"og:description\" content=\"Si los maestros no levantan el bloqueo a las v\u00edas f\u00e9rreas, \u201cno habr\u00e1 mesa ni pagos\u201d, advirti\u00f3 tajante el lunes...\" \/>\n<meta property=\"og:url\" content=\"https:\/\/laredsocial-noticias.com\/wp\/cnte-un-largo-conflicto-que-abona-el-si-para-la-gn-que-quiere-amlo\/\" \/>\n<meta property=\"og:site_name\" content=\"NOTICIAS\" \/>\n<meta property=\"article:published_time\" content=\"2019-01-29T15:58:37+00:00\" \/>\n<meta property=\"article:modified_time\" content=\"2019-01-29T16:51:29+00:00\" \/>\n<meta property=\"og:image\" content=\"https:\/\/laredsocial-noticias.com\/wp\/wp-content\/uploads\/2019\/01\/cnte-adeudo-mil-millones-pesos.jpg\" \/>\n\t<meta property=\"og:image:width\" content=\"795\" \/>\n\t<meta property=\"og:image:height\" content=\"530\" \/>\n\t<meta property=\"og:image:type\" content=\"image\/jpeg\" \/>\n<meta name=\"author\" content=\"Editor en Jefe\" \/>\n<meta name=\"twitter:card\" content=\"summary_large_image\" \/>\n<meta name=\"twitter:label1\" content=\"Escrito por\" \/>\n\t<meta name=\"twitter:data1\" content=\"Editor en Jefe\" \/>\n\t<meta name=\"twitter:label2\" content=\"Tiempo de lectura\" \/>\n\t<meta name=\"twitter:data2\" content=\"8 minutos\" \/>\n<!-- \/ Yoast SEO plugin. -->","yoast_head_json":{"title":"CNTE, un largo conflicto que abona el \"S\u00cd\" para la GN que quiere AMLO - NOTICIAS","robots":{"index":"index","follow":"follow","max-snippet":"max-snippet:-1","max-image-preview":"max-image-preview:large","max-video-preview":"max-video-preview:-1"},"canonical":"https:\/\/laredsocial-noticias.com\/wp\/cnte-un-largo-conflicto-que-abona-el-si-para-la-gn-que-quiere-amlo\/","og_locale":"es_ES","og_type":"article","og_title":"CNTE, un largo conflicto que abona el \"S\u00cd\" para la GN que quiere AMLO - NOTICIAS","og_description":"Si los maestros no levantan el bloqueo a las v\u00edas f\u00e9rreas, \u201cno habr\u00e1 mesa ni pagos\u201d, advirti\u00f3 tajante el lunes...","og_url":"https:\/\/laredsocial-noticias.com\/wp\/cnte-un-largo-conflicto-que-abona-el-si-para-la-gn-que-quiere-amlo\/","og_site_name":"NOTICIAS","article_published_time":"2019-01-29T15:58:37+00:00","article_modified_time":"2019-01-29T16:51:29+00:00","og_image":[{"width":795,"height":530,"url":"https:\/\/laredsocial-noticias.com\/wp\/wp-content\/uploads\/2019\/01\/cnte-adeudo-mil-millones-pesos.jpg","type":"image\/jpeg"}],"author":"Editor en Jefe","twitter_card":"summary_large_image","twitter_misc":{"Escrito por":"Editor en Jefe","Tiempo de lectura":"8 minutos"},"schema":{"@context":"https:\/\/schema.org","@graph":[{"@type":"WebPage","@id":"https:\/\/laredsocial-noticias.com\/wp\/cnte-un-largo-conflicto-que-abona-el-si-para-la-gn-que-quiere-amlo\/","url":"https:\/\/laredsocial-noticias.com\/wp\/cnte-un-largo-conflicto-que-abona-el-si-para-la-gn-que-quiere-amlo\/","name":"CNTE, un largo conflicto que abona el \"S\u00cd\" para la GN que quiere AMLO - NOTICIAS","isPartOf":{"@id":"https:\/\/laredsocial-noticias.com\/wp\/#website"},"primaryImageOfPage":{"@id":"https:\/\/laredsocial-noticias.com\/wp\/cnte-un-largo-conflicto-que-abona-el-si-para-la-gn-que-quiere-amlo\/#primaryimage"},"image":{"@id":"https:\/\/laredsocial-noticias.com\/wp\/cnte-un-largo-conflicto-que-abona-el-si-para-la-gn-que-quiere-amlo\/#primaryimage"},"thumbnailUrl":"http:\/\/laredsocial-noticias.com\/wp\/wp-content\/uploads\/2017\/06\/silvano_aureoles.jpg","datePublished":"2019-01-29T15:58:37+00:00","dateModified":"2019-01-29T16:51:29+00:00","author":{"@id":"https:\/\/laredsocial-noticias.com\/wp\/#\/schema\/person\/0ce78643f2de7aae6f6ef10e8453a6e0"},"breadcrumb":{"@id":"https:\/\/laredsocial-noticias.com\/wp\/cnte-un-largo-conflicto-que-abona-el-si-para-la-gn-que-quiere-amlo\/#breadcrumb"},"inLanguage":"es","potentialAction":[{"@type":"ReadAction","target":["https:\/\/laredsocial-noticias.com\/wp\/cnte-un-largo-conflicto-que-abona-el-si-para-la-gn-que-quiere-amlo\/"]}]},{"@type":"ImageObject","inLanguage":"es","@id":"https:\/\/laredsocial-noticias.com\/wp\/cnte-un-largo-conflicto-que-abona-el-si-para-la-gn-que-quiere-amlo\/#primaryimage","url":"","contentUrl":""},{"@type":"BreadcrumbList","@id":"https:\/\/laredsocial-noticias.com\/wp\/cnte-un-largo-conflicto-que-abona-el-si-para-la-gn-que-quiere-amlo\/#breadcrumb","itemListElement":[{"@type":"ListItem","position":1,"name":"Portada","item":"https:\/\/laredsocial-noticias.com\/wp\/"},{"@type":"ListItem","position":2,"name":"CNTE, un largo conflicto que abona el \u00abS\u00cd\u00bb para la GN que quiere AMLO"}]},{"@type":"WebSite","@id":"https:\/\/laredsocial-noticias.com\/wp\/#website","url":"https:\/\/laredsocial-noticias.com\/wp\/","name":"NOTICIAS","description":"Lo que se ve y se dice en las redes sociales","potentialAction":[{"@type":"SearchAction","target":{"@type":"EntryPoint","urlTemplate":"https:\/\/laredsocial-noticias.com\/wp\/?s={search_term_string}"},"query-input":{"@type":"PropertyValueSpecification","valueRequired":true,"valueName":"search_term_string"}}],"inLanguage":"es"},{"@type":"Person","@id":"https:\/\/laredsocial-noticias.com\/wp\/#\/schema\/person\/0ce78643f2de7aae6f6ef10e8453a6e0","name":"Editor en Jefe","url":"https:\/\/laredsocial-noticias.com\/wp\/author\/jorgeochoa\/"}]}},"_links":{"self":[{"href":"https:\/\/laredsocial-noticias.com\/wp\/wp-json\/wp\/v2\/posts\/108276","targetHints":{"allow":["GET"]}}],"collection":[{"href":"https:\/\/laredsocial-noticias.com\/wp\/wp-json\/wp\/v2\/posts"}],"about":[{"href":"https:\/\/laredsocial-noticias.com\/wp\/wp-json\/wp\/v2\/types\/post"}],"author":[{"embeddable":true,"href":"https:\/\/laredsocial-noticias.com\/wp\/wp-json\/wp\/v2\/users\/1"}],"replies":[{"embeddable":true,"href":"https:\/\/laredsocial-noticias.com\/wp\/wp-json\/wp\/v2\/comments?post=108276"}],"version-history":[{"count":2,"href":"https:\/\/laredsocial-noticias.com\/wp\/wp-json\/wp\/v2\/posts\/108276\/revisions"}],"predecessor-version":[{"id":108285,"href":"https:\/\/laredsocial-noticias.com\/wp\/wp-json\/wp\/v2\/posts\/108276\/revisions\/108285"}],"wp:attachment":[{"href":"https:\/\/laredsocial-noticias.com\/wp\/wp-json\/wp\/v2\/media?parent=108276"}],"wp:term":[{"taxonomy":"category","embeddable":true,"href":"https:\/\/laredsocial-noticias.com\/wp\/wp-json\/wp\/v2\/categories?post=108276"},{"taxonomy":"post_tag","embeddable":true,"href":"https:\/\/laredsocial-noticias.com\/wp\/wp-json\/wp\/v2\/tags?post=108276"}],"curies":[{"name":"wp","href":"https:\/\/api.w.org\/{rel}","templated":true}]}}