{"id":10955,"date":"2016-05-27T12:19:37","date_gmt":"2016-05-27T17:19:37","guid":{"rendered":"http:\/\/laredsocial-noticias.com\/wp\/?p=10955"},"modified":"2016-05-27T12:19:48","modified_gmt":"2016-05-27T17:19:48","slug":"preocupa-letalidad-desproporcionada-del-ejercito-mexicano-nyt","status":"publish","type":"post","link":"https:\/\/laredsocial-noticias.com\/wp\/preocupa-letalidad-desproporcionada-del-ejercito-mexicano-nyt\/","title":{"rendered":"Preocupa letalidad desproporcionada del Ej\u00e9rcito mexicano: NYT"},"content":{"rendered":"<p><strong>GUADALAJARA, 27 de mayo, (EL INFORMADOR \/ C\u00cdRCULO DIGITAL).-\u00a0<\/strong>La eficiencia con que Fuerzas Armadas de M\u00e9xico matan a los enemigos genera gran preocupaci\u00f3n, relata el New York Times en un investigaci\u00f3n publicada este viernes.<\/p>\n<p>El diario estadounidense cita un estudio realizado en 2015 por la UNAM, \u201c\u00cdndice de letalidad 2008-2014: Disminuyen los enfrentamientos, misma letalidad aumenta la opacidad\u201d, el cual se fundamenta estad\u00edsticas oficiales obtenidas mediante solicitudes de acceso a la informaci\u00f3n p\u00fablica.<\/p>\n<p>De acuerdo a esto, el Ej\u00e9rcito mata a ocho enemigos por cada uno que hiera, mientras que la Marina mata a 30 por cada herido.<\/p>\n<p>En su art\u00edculo, el NYT se\u00f1ala que los expertos dicen que la tasa de muertos de las fuerzas armadas mexicanas no tiene comparaci\u00f3n y que revela algo mucho m\u00e1s oscuro. Citan a Paul Chevigny, profesor jubilado de la Universidad de Nueva York y pionero del estudio de la letalidad en diferentes fuerzas armadas, quien dijo que \u201chay ejecuciones sumarias\u201d.<\/p>\n<p>Durante la \u00faltima d\u00e9cada, a medida que los marinos y soldados han sido enviados a la l\u00ednea de combate, las violaciones a los derechos humanos se han disparado. A\u00fan as\u00ed, son intocables y est\u00e1n protegidas por un Gobierno reacio a imponerse a la instituci\u00f3n.<\/p>\n<p>Desde que el entonces presidente Felipe Calder\u00f3n declarar la guerra a las drogas, se han tomado muy pocos pasos para investigar las miles de acusaciones de tortura, desapariciones forzadas y ejecuciones extrajudiciales que se han registrado.<\/p>\n<p>De las cuatro mil denuncias por tortura revisadas por la Procuradur\u00eda General de la Rep\u00fablica (PGR) desde 2006, s\u00f3lo 15 han terminado con una condena.<\/p>\n<p>El Ej\u00e9rcito ha matado a alrededor de tres mil personas entre 2007 y 2012. En ese periodo han muerto 158 soldados, contin\u00faa el art\u00edculo.<\/p>\n<p>Tortura e impunidad<\/p>\n<p>Juan E. M\u00e9ndez, relator especial sobre la tortura de Naciones Unidas, dijo que \u201cla tortura no solo es generalizada, sino que est\u00e1 rodeada por la impunidad. Si el Gobierno sabe que es frecuente y no se presentan cargos o aquellos que llegan a juicio no van a ning\u00fan sitio, la culpa es del Estado\u201d. Cabe recordar que despu\u00e9s de su visita a M\u00e9xico, las autoridades desestimaron sus declaraciones y lo desprestigiaron -ahora, no le permiten una nueva visita pronto-.<\/p>\n<p>Aunque las denuncias por tortura contra las fuerzas armadas han ca\u00eddo desde 2011, cuando se redujo el despliegue de militares en el pa\u00eds, la letalidad de los encuentros no ha disminuido seg\u00fan los datos hechos p\u00fablicos a principios de 2014.<\/p>\n<p>La relaci\u00f3n singular entre el Ej\u00e9rcito y el Gobierno se remonta a m\u00e1s de 70 a\u00f1os, cuando el pa\u00eds sali\u00f3 de una guerra civil. Para mantener la estabilidad, el partido gobernante lleg\u00f3 a un acuerdo con las fuerzas armadas: a cambio de una autonom\u00eda casi total, el Ej\u00e9rcito no intervendr\u00eda en pol\u00edtica.<\/p>\n<p>A diferencia de la mayor\u00eda de pa\u00edses de Am\u00e9rica Latina, en M\u00e9xico nunca ha habido un golpe de Estado. Y aunque el Gobierno a menudo no ha sido generoso con el presupuesto dedicado a la defensa, siempre ha protegido al Ej\u00e9rcito del escrutinio externo.<\/p>\n<p>Desde hace dos a\u00f1os, las fuerzas armadas dejaron de publicar las cifras de muertos. Sin esos datos, seg\u00fan los expertos consultados por el NYT, es muy dif\u00edcil saber el nivel de violencia real que ha alcanzado la guerra contra el crimen organizado.<\/p>\n<p>Art\u00edculo del New York Times <a href=\"http:\/\/www.nytimes.com\/es\/2016\/05\/26\/la-letalidad-desproporcionada-de-las-fuerzas-armadas-genera-preocupacion-en-mexico\/?em_pos=small&amp;emc=edit_bn_20160526&amp;nl=boletin&amp;nl_art=0&amp;nlid=74338093&amp;ref=headline&amp;te=1\" target=\"_blank\"><strong>AQU\u00cd.<\/strong><\/a><br \/>\nInforme de la UNAM <a href=\"http:\/\/www.juridicas.unam.mx\/novedades\/letalidad.pdf\" target=\"_blank\"><strong>AQU\u00cd<\/strong><\/a>.<\/p>\n","protected":false},"excerpt":{"rendered":"<p>GUADALAJARA, 27 de mayo, (EL INFORMADOR \/ C\u00cdRCULO DIGITAL).-\u00a0La eficiencia con que Fuerzas Armadas de M\u00e9xico matan a los enemigos&#8230;<\/p>\n","protected":false},"author":1,"featured_media":0,"comment_status":"closed","ping_status":"closed","sticky":false,"template":"","format":"standard","meta":{"footnotes":""},"categories":[1796,73],"tags":[332,77],"class_list":["post-10955","post","type-post","status-publish","format-standard","hentry","category-circulodigital","category-principal","tag-mexico","tag-principal"],"yoast_head":"<!-- This site is optimized with the Yoast SEO plugin v26.5 - https:\/\/yoast.com\/wordpress\/plugins\/seo\/ -->\n<title>Preocupa letalidad desproporcionada del Ej\u00e9rcito mexicano: NYT - NOTICIAS<\/title>\n<meta name=\"robots\" content=\"index, follow, max-snippet:-1, max-image-preview:large, max-video-preview:-1\" \/>\n<link rel=\"canonical\" href=\"https:\/\/laredsocial-noticias.com\/wp\/preocupa-letalidad-desproporcionada-del-ejercito-mexicano-nyt\/\" \/>\n<meta property=\"og:locale\" content=\"es_ES\" \/>\n<meta property=\"og:type\" content=\"article\" \/>\n<meta property=\"og:title\" content=\"Preocupa letalidad desproporcionada del Ej\u00e9rcito mexicano: NYT - NOTICIAS\" \/>\n<meta property=\"og:description\" content=\"GUADALAJARA, 27 de mayo, (EL INFORMADOR \/ C\u00cdRCULO DIGITAL).-\u00a0La eficiencia con que Fuerzas Armadas de M\u00e9xico matan a los enemigos...\" \/>\n<meta property=\"og:url\" content=\"https:\/\/laredsocial-noticias.com\/wp\/preocupa-letalidad-desproporcionada-del-ejercito-mexicano-nyt\/\" \/>\n<meta property=\"og:site_name\" content=\"NOTICIAS\" \/>\n<meta property=\"article:published_time\" content=\"2016-05-27T17:19:37+00:00\" \/>\n<meta property=\"article:modified_time\" content=\"2016-05-27T17:19:48+00:00\" \/>\n<meta name=\"author\" content=\"Editor en Jefe\" \/>\n<meta name=\"twitter:card\" content=\"summary_large_image\" \/>\n<meta name=\"twitter:label1\" content=\"Escrito por\" \/>\n\t<meta name=\"twitter:data1\" content=\"Editor en Jefe\" \/>\n\t<meta name=\"twitter:label2\" content=\"Tiempo de lectura\" \/>\n\t<meta name=\"twitter:data2\" content=\"3 minutos\" \/>\n<!-- \/ Yoast SEO plugin. -->","yoast_head_json":{"title":"Preocupa letalidad desproporcionada del Ej\u00e9rcito mexicano: NYT - NOTICIAS","robots":{"index":"index","follow":"follow","max-snippet":"max-snippet:-1","max-image-preview":"max-image-preview:large","max-video-preview":"max-video-preview:-1"},"canonical":"https:\/\/laredsocial-noticias.com\/wp\/preocupa-letalidad-desproporcionada-del-ejercito-mexicano-nyt\/","og_locale":"es_ES","og_type":"article","og_title":"Preocupa letalidad desproporcionada del Ej\u00e9rcito mexicano: NYT - NOTICIAS","og_description":"GUADALAJARA, 27 de mayo, (EL INFORMADOR \/ C\u00cdRCULO DIGITAL).-\u00a0La eficiencia con que Fuerzas Armadas de M\u00e9xico matan a los enemigos...","og_url":"https:\/\/laredsocial-noticias.com\/wp\/preocupa-letalidad-desproporcionada-del-ejercito-mexicano-nyt\/","og_site_name":"NOTICIAS","article_published_time":"2016-05-27T17:19:37+00:00","article_modified_time":"2016-05-27T17:19:48+00:00","author":"Editor en Jefe","twitter_card":"summary_large_image","twitter_misc":{"Escrito por":"Editor en Jefe","Tiempo de lectura":"3 minutos"},"schema":{"@context":"https:\/\/schema.org","@graph":[{"@type":"WebPage","@id":"https:\/\/laredsocial-noticias.com\/wp\/preocupa-letalidad-desproporcionada-del-ejercito-mexicano-nyt\/","url":"https:\/\/laredsocial-noticias.com\/wp\/preocupa-letalidad-desproporcionada-del-ejercito-mexicano-nyt\/","name":"Preocupa letalidad desproporcionada del Ej\u00e9rcito mexicano: NYT - NOTICIAS","isPartOf":{"@id":"https:\/\/laredsocial-noticias.com\/wp\/#website"},"datePublished":"2016-05-27T17:19:37+00:00","dateModified":"2016-05-27T17:19:48+00:00","author":{"@id":"https:\/\/laredsocial-noticias.com\/wp\/#\/schema\/person\/0ce78643f2de7aae6f6ef10e8453a6e0"},"breadcrumb":{"@id":"https:\/\/laredsocial-noticias.com\/wp\/preocupa-letalidad-desproporcionada-del-ejercito-mexicano-nyt\/#breadcrumb"},"inLanguage":"es","potentialAction":[{"@type":"ReadAction","target":["https:\/\/laredsocial-noticias.com\/wp\/preocupa-letalidad-desproporcionada-del-ejercito-mexicano-nyt\/"]}]},{"@type":"BreadcrumbList","@id":"https:\/\/laredsocial-noticias.com\/wp\/preocupa-letalidad-desproporcionada-del-ejercito-mexicano-nyt\/#breadcrumb","itemListElement":[{"@type":"ListItem","position":1,"name":"Portada","item":"https:\/\/laredsocial-noticias.com\/wp\/"},{"@type":"ListItem","position":2,"name":"Preocupa letalidad desproporcionada del Ej\u00e9rcito mexicano: NYT"}]},{"@type":"WebSite","@id":"https:\/\/laredsocial-noticias.com\/wp\/#website","url":"https:\/\/laredsocial-noticias.com\/wp\/","name":"NOTICIAS","description":"Lo que se ve y se dice en las redes sociales","potentialAction":[{"@type":"SearchAction","target":{"@type":"EntryPoint","urlTemplate":"https:\/\/laredsocial-noticias.com\/wp\/?s={search_term_string}"},"query-input":{"@type":"PropertyValueSpecification","valueRequired":true,"valueName":"search_term_string"}}],"inLanguage":"es"},{"@type":"Person","@id":"https:\/\/laredsocial-noticias.com\/wp\/#\/schema\/person\/0ce78643f2de7aae6f6ef10e8453a6e0","name":"Editor en Jefe","url":"https:\/\/laredsocial-noticias.com\/wp\/author\/jorgeochoa\/"}]}},"_links":{"self":[{"href":"https:\/\/laredsocial-noticias.com\/wp\/wp-json\/wp\/v2\/posts\/10955","targetHints":{"allow":["GET"]}}],"collection":[{"href":"https:\/\/laredsocial-noticias.com\/wp\/wp-json\/wp\/v2\/posts"}],"about":[{"href":"https:\/\/laredsocial-noticias.com\/wp\/wp-json\/wp\/v2\/types\/post"}],"author":[{"embeddable":true,"href":"https:\/\/laredsocial-noticias.com\/wp\/wp-json\/wp\/v2\/users\/1"}],"replies":[{"embeddable":true,"href":"https:\/\/laredsocial-noticias.com\/wp\/wp-json\/wp\/v2\/comments?post=10955"}],"version-history":[{"count":1,"href":"https:\/\/laredsocial-noticias.com\/wp\/wp-json\/wp\/v2\/posts\/10955\/revisions"}],"predecessor-version":[{"id":10956,"href":"https:\/\/laredsocial-noticias.com\/wp\/wp-json\/wp\/v2\/posts\/10955\/revisions\/10956"}],"wp:attachment":[{"href":"https:\/\/laredsocial-noticias.com\/wp\/wp-json\/wp\/v2\/media?parent=10955"}],"wp:term":[{"taxonomy":"category","embeddable":true,"href":"https:\/\/laredsocial-noticias.com\/wp\/wp-json\/wp\/v2\/categories?post=10955"},{"taxonomy":"post_tag","embeddable":true,"href":"https:\/\/laredsocial-noticias.com\/wp\/wp-json\/wp\/v2\/tags?post=10955"}],"curies":[{"name":"wp","href":"https:\/\/api.w.org\/{rel}","templated":true}]}}