{"id":109608,"date":"2019-02-19T09:33:48","date_gmt":"2019-02-19T15:33:48","guid":{"rendered":"http:\/\/laredsocial-noticias.com\/wp\/?p=109608"},"modified":"2019-02-19T09:34:27","modified_gmt":"2019-02-19T15:34:27","slug":"sanchez-cordero-anuncia-terna-para-ocupar-instituto-nacional-de-las-mujeres","status":"publish","type":"post","link":"https:\/\/laredsocial-noticias.com\/wp\/sanchez-cordero-anuncia-terna-para-ocupar-instituto-nacional-de-las-mujeres\/","title":{"rendered":"S\u00e1nchez Cordero anuncia terna para ocupar Instituto Nacional de las Mujeres"},"content":{"rendered":"<p>El presidente de M\u00e9xico, Andr\u00e9s Manuel L\u00f3pez Obrador, anunci\u00f3 esta ma\u00f1ana la terna para ocupar la titularidad del Instituto Nacional de las Mujeres (Inmujeres), y por la tarde-noche, como en otras ocasiones, se dar\u00e1 a conocer el nombre de quien dirigir\u00e1 ese organismo.<\/p>\n<p>La secretaria de Gobernaci\u00f3n, Olga S\u00e1nchez Cordero, fue la encargada de informar los nombres durante la conferencia matutina en Palacio Nacional.<\/p>\n<p>La terna la integran: Mar\u00eda Candelaria Ochoa \u00c1valos, psic\u00f3loga con maestr\u00eda en G\u00e9nero y Pol\u00edticas P\u00fablicas, y Sociolog\u00eda; doctora en Ciencias Sociales, excoordinadora de regidores de Movimiento Ciudadano en Guadalajara, y diputada de la LXIII Legislatura en el Congreso de Jalisco.<\/p>\n<p>Patricia Olamendi Torres, doctora en Derecho por la UNAM, integrante del grupo de trabajo del Consejo de Derechos Humanos de la ONU sobre temas de discriminaci\u00f3n y pr\u00e1cticas hacia las mujeres, y coordinadora del Mecanismo de Seguimiento de la Convenci\u00f3n Interamericana para Prevenir, Sancionar y Erradicar la Violencia contra la Mujer.<\/p>\n<p>La tercera es Nadine Gasman Zylbermann, quien tiene una maestr\u00eda en Harvard y un doctorado en Ciencias Pol\u00edticas en Salud por la Universidad Hopkings, adem\u00e1s de ser la representante de ONU Mujeres Brasil.<\/p>\n<p>La secretaria de Gobernaci\u00f3n precis\u00f3 que esta tarde se dar\u00e1 a conocer la resoluci\u00f3n de la terna y agradeci\u00f3 la respuesta a la convocatoria: &#8220;Participaron mujeres de las organizaciones civiles, del sector p\u00fablico y empresarial. La participaci\u00f3n de todas estas mujeres demostr\u00f3 el compromiso que tienen con sus derechos&#8221;.<\/p>\n<p>El Ejecutivo federal coment\u00f3 que durante el d\u00eda de hoy se tomar\u00e1 la decisi\u00f3n y asegur\u00f3 que se considerar\u00e1 la opini\u00f3n del grupo de mujeres del Gobierno de la Rep\u00fablica.<\/p>\n<p>&nbsp;<\/p>\n","protected":false},"excerpt":{"rendered":"<p>El presidente de M\u00e9xico, Andr\u00e9s Manuel L\u00f3pez Obrador, anunci\u00f3 esta ma\u00f1ana la terna para ocupar la titularidad del Instituto Nacional&#8230;<\/p>\n","protected":false},"author":1,"featured_media":0,"comment_status":"open","ping_status":"closed","sticky":false,"template":"","format":"standard","meta":{"footnotes":""},"categories":[6926,2801,6026,73],"tags":[4959,6257,77],"class_list":["post-109608","post","type-post","status-publish","format-standard","hentry","category-gobierno","category-politica","category-portada","category-principal","tag-featured","tag-portada","tag-principal"],"yoast_head":"<!-- This site is optimized with the Yoast SEO plugin v26.5 - https:\/\/yoast.com\/wordpress\/plugins\/seo\/ -->\n<title>S\u00e1nchez Cordero anuncia terna para ocupar Instituto Nacional de las Mujeres - NOTICIAS<\/title>\n<meta name=\"robots\" content=\"index, follow, max-snippet:-1, max-image-preview:large, max-video-preview:-1\" \/>\n<link rel=\"canonical\" href=\"https:\/\/laredsocial-noticias.com\/wp\/sanchez-cordero-anuncia-terna-para-ocupar-instituto-nacional-de-las-mujeres\/\" \/>\n<meta property=\"og:locale\" content=\"es_ES\" \/>\n<meta property=\"og:type\" content=\"article\" \/>\n<meta property=\"og:title\" content=\"S\u00e1nchez Cordero anuncia terna para ocupar Instituto Nacional de las Mujeres - NOTICIAS\" \/>\n<meta property=\"og:description\" content=\"El presidente de M\u00e9xico, Andr\u00e9s Manuel L\u00f3pez Obrador, anunci\u00f3 esta ma\u00f1ana la terna para ocupar la titularidad del Instituto Nacional...\" \/>\n<meta property=\"og:url\" content=\"https:\/\/laredsocial-noticias.com\/wp\/sanchez-cordero-anuncia-terna-para-ocupar-instituto-nacional-de-las-mujeres\/\" \/>\n<meta property=\"og:site_name\" content=\"NOTICIAS\" \/>\n<meta property=\"article:published_time\" content=\"2019-02-19T15:33:48+00:00\" \/>\n<meta property=\"article:modified_time\" content=\"2019-02-19T15:34:27+00:00\" \/>\n<meta property=\"og:image\" content=\"https:\/\/laredsocial-noticias.com\/wp\/wp-content\/uploads\/2019\/02\/90219003.jpg\" \/>\n\t<meta property=\"og:image:width\" content=\"2402\" \/>\n\t<meta property=\"og:image:height\" content=\"1600\" \/>\n\t<meta property=\"og:image:type\" content=\"image\/jpeg\" \/>\n<meta name=\"author\" content=\"Editor en Jefe\" \/>\n<meta name=\"twitter:card\" content=\"summary_large_image\" \/>\n<meta name=\"twitter:label1\" content=\"Escrito por\" \/>\n\t<meta name=\"twitter:data1\" content=\"Editor en Jefe\" \/>\n\t<meta name=\"twitter:label2\" content=\"Tiempo de lectura\" \/>\n\t<meta name=\"twitter:data2\" content=\"1 minuto\" \/>\n<!-- \/ Yoast SEO plugin. -->","yoast_head_json":{"title":"S\u00e1nchez Cordero anuncia terna para ocupar Instituto Nacional de las Mujeres - NOTICIAS","robots":{"index":"index","follow":"follow","max-snippet":"max-snippet:-1","max-image-preview":"max-image-preview:large","max-video-preview":"max-video-preview:-1"},"canonical":"https:\/\/laredsocial-noticias.com\/wp\/sanchez-cordero-anuncia-terna-para-ocupar-instituto-nacional-de-las-mujeres\/","og_locale":"es_ES","og_type":"article","og_title":"S\u00e1nchez Cordero anuncia terna para ocupar Instituto Nacional de las Mujeres - NOTICIAS","og_description":"El presidente de M\u00e9xico, Andr\u00e9s Manuel L\u00f3pez Obrador, anunci\u00f3 esta ma\u00f1ana la terna para ocupar la titularidad del Instituto Nacional...","og_url":"https:\/\/laredsocial-noticias.com\/wp\/sanchez-cordero-anuncia-terna-para-ocupar-instituto-nacional-de-las-mujeres\/","og_site_name":"NOTICIAS","article_published_time":"2019-02-19T15:33:48+00:00","article_modified_time":"2019-02-19T15:34:27+00:00","og_image":[{"width":2402,"height":1600,"url":"https:\/\/laredsocial-noticias.com\/wp\/wp-content\/uploads\/2019\/02\/90219003.jpg","type":"image\/jpeg"}],"author":"Editor en Jefe","twitter_card":"summary_large_image","twitter_misc":{"Escrito por":"Editor en Jefe","Tiempo de lectura":"1 minuto"},"schema":{"@context":"https:\/\/schema.org","@graph":[{"@type":"WebPage","@id":"https:\/\/laredsocial-noticias.com\/wp\/sanchez-cordero-anuncia-terna-para-ocupar-instituto-nacional-de-las-mujeres\/","url":"https:\/\/laredsocial-noticias.com\/wp\/sanchez-cordero-anuncia-terna-para-ocupar-instituto-nacional-de-las-mujeres\/","name":"S\u00e1nchez Cordero anuncia terna para ocupar Instituto Nacional de las Mujeres - NOTICIAS","isPartOf":{"@id":"https:\/\/laredsocial-noticias.com\/wp\/#website"},"datePublished":"2019-02-19T15:33:48+00:00","dateModified":"2019-02-19T15:34:27+00:00","author":{"@id":"https:\/\/laredsocial-noticias.com\/wp\/#\/schema\/person\/0ce78643f2de7aae6f6ef10e8453a6e0"},"breadcrumb":{"@id":"https:\/\/laredsocial-noticias.com\/wp\/sanchez-cordero-anuncia-terna-para-ocupar-instituto-nacional-de-las-mujeres\/#breadcrumb"},"inLanguage":"es","potentialAction":[{"@type":"ReadAction","target":["https:\/\/laredsocial-noticias.com\/wp\/sanchez-cordero-anuncia-terna-para-ocupar-instituto-nacional-de-las-mujeres\/"]}]},{"@type":"BreadcrumbList","@id":"https:\/\/laredsocial-noticias.com\/wp\/sanchez-cordero-anuncia-terna-para-ocupar-instituto-nacional-de-las-mujeres\/#breadcrumb","itemListElement":[{"@type":"ListItem","position":1,"name":"Portada","item":"https:\/\/laredsocial-noticias.com\/wp\/"},{"@type":"ListItem","position":2,"name":"S\u00e1nchez Cordero anuncia terna para ocupar Instituto Nacional de las Mujeres"}]},{"@type":"WebSite","@id":"https:\/\/laredsocial-noticias.com\/wp\/#website","url":"https:\/\/laredsocial-noticias.com\/wp\/","name":"NOTICIAS","description":"Lo que se ve y se dice en las redes sociales","potentialAction":[{"@type":"SearchAction","target":{"@type":"EntryPoint","urlTemplate":"https:\/\/laredsocial-noticias.com\/wp\/?s={search_term_string}"},"query-input":{"@type":"PropertyValueSpecification","valueRequired":true,"valueName":"search_term_string"}}],"inLanguage":"es"},{"@type":"Person","@id":"https:\/\/laredsocial-noticias.com\/wp\/#\/schema\/person\/0ce78643f2de7aae6f6ef10e8453a6e0","name":"Editor en Jefe","url":"https:\/\/laredsocial-noticias.com\/wp\/author\/jorgeochoa\/"}]}},"_links":{"self":[{"href":"https:\/\/laredsocial-noticias.com\/wp\/wp-json\/wp\/v2\/posts\/109608","targetHints":{"allow":["GET"]}}],"collection":[{"href":"https:\/\/laredsocial-noticias.com\/wp\/wp-json\/wp\/v2\/posts"}],"about":[{"href":"https:\/\/laredsocial-noticias.com\/wp\/wp-json\/wp\/v2\/types\/post"}],"author":[{"embeddable":true,"href":"https:\/\/laredsocial-noticias.com\/wp\/wp-json\/wp\/v2\/users\/1"}],"replies":[{"embeddable":true,"href":"https:\/\/laredsocial-noticias.com\/wp\/wp-json\/wp\/v2\/comments?post=109608"}],"version-history":[{"count":1,"href":"https:\/\/laredsocial-noticias.com\/wp\/wp-json\/wp\/v2\/posts\/109608\/revisions"}],"predecessor-version":[{"id":109609,"href":"https:\/\/laredsocial-noticias.com\/wp\/wp-json\/wp\/v2\/posts\/109608\/revisions\/109609"}],"wp:attachment":[{"href":"https:\/\/laredsocial-noticias.com\/wp\/wp-json\/wp\/v2\/media?parent=109608"}],"wp:term":[{"taxonomy":"category","embeddable":true,"href":"https:\/\/laredsocial-noticias.com\/wp\/wp-json\/wp\/v2\/categories?post=109608"},{"taxonomy":"post_tag","embeddable":true,"href":"https:\/\/laredsocial-noticias.com\/wp\/wp-json\/wp\/v2\/tags?post=109608"}],"curies":[{"name":"wp","href":"https:\/\/api.w.org\/{rel}","templated":true}]}}