{"id":109842,"date":"2019-02-22T18:34:50","date_gmt":"2019-02-23T00:34:50","guid":{"rendered":"http:\/\/laredsocial-noticias.com\/wp\/?p=109842"},"modified":"2019-02-22T18:34:50","modified_gmt":"2019-02-23T00:34:50","slug":"asegura-pri-que-mando-civil-en-guardia-nacional-es-logro-de-oposicion","status":"publish","type":"post","link":"https:\/\/laredsocial-noticias.com\/wp\/asegura-pri-que-mando-civil-en-guardia-nacional-es-logro-de-oposicion\/","title":{"rendered":"Asegura PRI que mando civil en Guardia Nacional es logro de oposici\u00f3n"},"content":{"rendered":"<ul>\n<li><strong>Albarr\u00e1n Mendoza, destaco negociaci\u00f3n y debate pol\u00edtico constructivo de Senadores priistas<\/strong><\/li>\n<\/ul>\n<p><a href=\"http:\/\/laredsocial-noticias.com\/wp\/wp-content\/uploads\/2019\/01\/FOTOEsteban-Albarran-Mendoza.jpg\"><img loading=\"lazy\" decoding=\"async\" class=\"size-medium wp-image-108398 alignright\" src=\"http:\/\/laredsocial-noticias.com\/wp\/wp-content\/uploads\/2019\/01\/FOTOEsteban-Albarran-Mendoza-284x300.jpg\" alt=\"\" width=\"284\" height=\"300\" \/><\/a><\/p>\n<p>&nbsp;<\/p>\n<p><strong>Por Guillermo Pimentel Balderas<\/strong><\/p>\n<p>El Partido Revolucionario Institucional (PRI) en el estado de Guerrero asegur\u00f3 que la aprobaci\u00f3n del proyecto legislativo que da luz verde a la creaci\u00f3n de la Guardia Nacional con un mando civil, es un acuerdo sin precedentes en la historia nacional.<\/p>\n<p>El presidente del tricolor en esta entidad, Esteban Albarr\u00e1n Mendoza, dijo que hay que destacar el peso que tuvieron en el debate y la negociaci\u00f3n pol\u00edtica, los argumentos de los senadores priistas y de otras bancadas opositoras para cerrar el paso a un mando militar de este cuerpo de seguridad.<\/p>\n<p>Calific\u00f3 a la oposici\u00f3n como razonada y propositiva y que abona al proyecto nacional, sin regateo alguno.<\/p>\n<p>Indic\u00f3 que los 127 votos logrados para la aprobaci\u00f3n de este proyecto en el Senado de la Rep\u00fablica, demuestran que m\u00e1s all\u00e1 del mayoriteo, la bancada de MORENA comprendi\u00f3 que era necesario concertar, buscar acuerdos y promover el apoyo de legisladores de todas las fracciones pol\u00edticas, pues se trata de un acuerdo a favor de los mexicanos.<\/p>\n<p>Esteban Albarr\u00e1n -ex senador tricolor-, asegur\u00f3 que este es un gran paso en la agenda pol\u00edtica nacional, pues con este acuerdo, los mexicanos contaremos con un \u00f3rgano que garantice en forma irrestricta la seguridad interior y cuidando el respeto a los derechos humanos.<\/p>\n<p>El dirigente del PRI estatal hizo un reconocimiento a los senadores priistas por su labor en pro de una Guardia Nacional con mando civil, que hoy fue aprobada por unanimidad en el Senado de la Rep\u00fablica, y que dijo, ofrece garant\u00edas y permitir\u00e1 que, tanto elementos del Ej\u00e9rcito Mexicano y la Armada de M\u00e9xico, se retiren en forma gradual de las tareas de seguridad p\u00fablica y puedan finalmente, regresar a sus bases.<\/p>\n<p>Para el Partido Revolucionario Institucional, la Guardia Nacional con car\u00e1cter civil es un logro impulsado por su bancada y avalado por el resto de las fuerzas pol\u00edticas, subray\u00f3 el dirigente estatal del PRI, pues tambi\u00e9n es una contribuci\u00f3n a mejorar a las polic\u00edas locales y a avanzar en la profesionalizaci\u00f3n de los cuerpos de seguridad, estatales y municipales.<\/p>\n<p>Albarr\u00e1n Mendoza expres\u00f3 su reconocimiento a la dirigente nacional de su partido, la senadora Claudia Ruiz Massieu, quien declar\u00f3, luego de la aprobaci\u00f3n de este proyecto por unanimidad, que esta decisi\u00f3n puede representar el inicio de una nueva etapa de acuerdos en el Senado de la Rep\u00fablica. Tambi\u00e9n, destac\u00f3 la participaci\u00f3n activa del gobernador H\u00e9ctor Astudillo Flores, en las tareas del an\u00e1lisis sobre el tema.<\/p>\n<p>La visi\u00f3n social de largo alcance del priismo apoya esta propuesta, a\u00f1adi\u00f3 el Albarr\u00e1n Mendoza, y se materializa en su oposici\u00f3n a militarizar a este \u00f3rgano de seguridad.<\/p>\n<p>Puntualiz\u00f3 que un proyecto como \u00e9ste, salvaguarda el federalismo y fortalece las acciones de seguridad en los estados y municipios al respaldar a las polic\u00edas locales bajo un esquema de corresponsabilidad.<\/p>\n<p>Por \u00faltimo, Esteban Albarr\u00e1n, al destacar que el PRI ha asumido con madurez y responsabilidad hist\u00f3rica su papel como oposici\u00f3n, se mostr\u00f3 complacido por la labor de sus compa\u00f1eros de partido, pues al apoyar este dictamen, est\u00e1n promoviendo que la Guardia Nacional sea integrada por elementos de las polic\u00edas federal, militar y naval y que ser\u00e1 un cuerpo de seguridad desmilitarizado, adscrito a la Secretar\u00eda de Seguridad P\u00fablica y Participaci\u00f3n Ciudadana, sujeto a controles democr\u00e1ticos por parte del Senado de la Rep\u00fablica.<\/p>\n","protected":false},"excerpt":{"rendered":"<p>Albarr\u00e1n Mendoza, destaco negociaci\u00f3n y debate pol\u00edtico constructivo de Senadores priistas &nbsp; Por Guillermo Pimentel Balderas El Partido Revolucionario Institucional&#8230;<\/p>\n","protected":false},"author":10,"featured_media":0,"comment_status":"closed","ping_status":"open","sticky":false,"template":"","format":"standard","meta":{"footnotes":""},"categories":[2379,25,37],"tags":[],"class_list":["post-109842","post","type-post","status-publish","format-standard","hentry","category-estados-2","category-partidos-politicos","category-pri"],"yoast_head":"<!-- This site is optimized with the Yoast SEO plugin v26.5 - https:\/\/yoast.com\/wordpress\/plugins\/seo\/ -->\n<title>Asegura PRI que mando civil en Guardia Nacional es logro de oposici\u00f3n - NOTICIAS<\/title>\n<meta name=\"robots\" content=\"index, follow, max-snippet:-1, max-image-preview:large, max-video-preview:-1\" \/>\n<link rel=\"canonical\" href=\"https:\/\/laredsocial-noticias.com\/wp\/asegura-pri-que-mando-civil-en-guardia-nacional-es-logro-de-oposicion\/\" \/>\n<meta property=\"og:locale\" content=\"es_ES\" \/>\n<meta property=\"og:type\" content=\"article\" \/>\n<meta property=\"og:title\" content=\"Asegura PRI que mando civil en Guardia Nacional es logro de oposici\u00f3n - NOTICIAS\" \/>\n<meta property=\"og:description\" content=\"Albarr\u00e1n Mendoza, destaco negociaci\u00f3n y debate pol\u00edtico constructivo de Senadores priistas &nbsp; Por Guillermo Pimentel Balderas El Partido Revolucionario Institucional...\" \/>\n<meta property=\"og:url\" content=\"https:\/\/laredsocial-noticias.com\/wp\/asegura-pri-que-mando-civil-en-guardia-nacional-es-logro-de-oposicion\/\" \/>\n<meta property=\"og:site_name\" content=\"NOTICIAS\" \/>\n<meta property=\"article:published_time\" content=\"2019-02-23T00:34:50+00:00\" \/>\n<meta property=\"og:image\" content=\"https:\/\/laredsocial-noticias.com\/wp\/wp-content\/uploads\/2019\/02\/Senado.jpg\" \/>\n\t<meta property=\"og:image:width\" content=\"960\" \/>\n\t<meta property=\"og:image:height\" content=\"500\" \/>\n\t<meta property=\"og:image:type\" content=\"image\/jpeg\" \/>\n<meta name=\"author\" content=\"Guillermo Pimentel\" \/>\n<meta name=\"twitter:card\" content=\"summary_large_image\" \/>\n<meta name=\"twitter:label1\" content=\"Escrito por\" \/>\n\t<meta name=\"twitter:data1\" content=\"Guillermo Pimentel\" \/>\n\t<meta name=\"twitter:label2\" content=\"Tiempo de lectura\" \/>\n\t<meta name=\"twitter:data2\" content=\"3 minutos\" \/>\n<!-- \/ Yoast SEO plugin. -->","yoast_head_json":{"title":"Asegura PRI que mando civil en Guardia Nacional es logro de oposici\u00f3n - NOTICIAS","robots":{"index":"index","follow":"follow","max-snippet":"max-snippet:-1","max-image-preview":"max-image-preview:large","max-video-preview":"max-video-preview:-1"},"canonical":"https:\/\/laredsocial-noticias.com\/wp\/asegura-pri-que-mando-civil-en-guardia-nacional-es-logro-de-oposicion\/","og_locale":"es_ES","og_type":"article","og_title":"Asegura PRI que mando civil en Guardia Nacional es logro de oposici\u00f3n - NOTICIAS","og_description":"Albarr\u00e1n Mendoza, destaco negociaci\u00f3n y debate pol\u00edtico constructivo de Senadores priistas &nbsp; Por Guillermo Pimentel Balderas El Partido Revolucionario Institucional...","og_url":"https:\/\/laredsocial-noticias.com\/wp\/asegura-pri-que-mando-civil-en-guardia-nacional-es-logro-de-oposicion\/","og_site_name":"NOTICIAS","article_published_time":"2019-02-23T00:34:50+00:00","og_image":[{"width":960,"height":500,"url":"https:\/\/laredsocial-noticias.com\/wp\/wp-content\/uploads\/2019\/02\/Senado.jpg","type":"image\/jpeg"}],"author":"Guillermo Pimentel","twitter_card":"summary_large_image","twitter_misc":{"Escrito por":"Guillermo Pimentel","Tiempo de lectura":"3 minutos"},"schema":{"@context":"https:\/\/schema.org","@graph":[{"@type":"WebPage","@id":"https:\/\/laredsocial-noticias.com\/wp\/asegura-pri-que-mando-civil-en-guardia-nacional-es-logro-de-oposicion\/","url":"https:\/\/laredsocial-noticias.com\/wp\/asegura-pri-que-mando-civil-en-guardia-nacional-es-logro-de-oposicion\/","name":"Asegura PRI que mando civil en Guardia Nacional es logro de oposici\u00f3n - NOTICIAS","isPartOf":{"@id":"https:\/\/laredsocial-noticias.com\/wp\/#website"},"primaryImageOfPage":{"@id":"https:\/\/laredsocial-noticias.com\/wp\/asegura-pri-que-mando-civil-en-guardia-nacional-es-logro-de-oposicion\/#primaryimage"},"image":{"@id":"https:\/\/laredsocial-noticias.com\/wp\/asegura-pri-que-mando-civil-en-guardia-nacional-es-logro-de-oposicion\/#primaryimage"},"thumbnailUrl":"http:\/\/laredsocial-noticias.com\/wp\/wp-content\/uploads\/2019\/01\/FOTOEsteban-Albarran-Mendoza-284x300.jpg","datePublished":"2019-02-23T00:34:50+00:00","author":{"@id":"https:\/\/laredsocial-noticias.com\/wp\/#\/schema\/person\/9c09eb8c35c46dac6d30e2baff4b64d6"},"breadcrumb":{"@id":"https:\/\/laredsocial-noticias.com\/wp\/asegura-pri-que-mando-civil-en-guardia-nacional-es-logro-de-oposicion\/#breadcrumb"},"inLanguage":"es","potentialAction":[{"@type":"ReadAction","target":["https:\/\/laredsocial-noticias.com\/wp\/asegura-pri-que-mando-civil-en-guardia-nacional-es-logro-de-oposicion\/"]}]},{"@type":"ImageObject","inLanguage":"es","@id":"https:\/\/laredsocial-noticias.com\/wp\/asegura-pri-que-mando-civil-en-guardia-nacional-es-logro-de-oposicion\/#primaryimage","url":"","contentUrl":""},{"@type":"BreadcrumbList","@id":"https:\/\/laredsocial-noticias.com\/wp\/asegura-pri-que-mando-civil-en-guardia-nacional-es-logro-de-oposicion\/#breadcrumb","itemListElement":[{"@type":"ListItem","position":1,"name":"Portada","item":"https:\/\/laredsocial-noticias.com\/wp\/"},{"@type":"ListItem","position":2,"name":"Asegura PRI que mando civil en Guardia Nacional es logro de oposici\u00f3n"}]},{"@type":"WebSite","@id":"https:\/\/laredsocial-noticias.com\/wp\/#website","url":"https:\/\/laredsocial-noticias.com\/wp\/","name":"NOTICIAS","description":"Lo que se ve y se dice en las redes sociales","potentialAction":[{"@type":"SearchAction","target":{"@type":"EntryPoint","urlTemplate":"https:\/\/laredsocial-noticias.com\/wp\/?s={search_term_string}"},"query-input":{"@type":"PropertyValueSpecification","valueRequired":true,"valueName":"search_term_string"}}],"inLanguage":"es"},{"@type":"Person","@id":"https:\/\/laredsocial-noticias.com\/wp\/#\/schema\/person\/9c09eb8c35c46dac6d30e2baff4b64d6","name":"Guillermo Pimentel","url":"https:\/\/laredsocial-noticias.com\/wp\/author\/guillermo\/"}]}},"_links":{"self":[{"href":"https:\/\/laredsocial-noticias.com\/wp\/wp-json\/wp\/v2\/posts\/109842","targetHints":{"allow":["GET"]}}],"collection":[{"href":"https:\/\/laredsocial-noticias.com\/wp\/wp-json\/wp\/v2\/posts"}],"about":[{"href":"https:\/\/laredsocial-noticias.com\/wp\/wp-json\/wp\/v2\/types\/post"}],"author":[{"embeddable":true,"href":"https:\/\/laredsocial-noticias.com\/wp\/wp-json\/wp\/v2\/users\/10"}],"replies":[{"embeddable":true,"href":"https:\/\/laredsocial-noticias.com\/wp\/wp-json\/wp\/v2\/comments?post=109842"}],"version-history":[{"count":1,"href":"https:\/\/laredsocial-noticias.com\/wp\/wp-json\/wp\/v2\/posts\/109842\/revisions"}],"predecessor-version":[{"id":109843,"href":"https:\/\/laredsocial-noticias.com\/wp\/wp-json\/wp\/v2\/posts\/109842\/revisions\/109843"}],"wp:attachment":[{"href":"https:\/\/laredsocial-noticias.com\/wp\/wp-json\/wp\/v2\/media?parent=109842"}],"wp:term":[{"taxonomy":"category","embeddable":true,"href":"https:\/\/laredsocial-noticias.com\/wp\/wp-json\/wp\/v2\/categories?post=109842"},{"taxonomy":"post_tag","embeddable":true,"href":"https:\/\/laredsocial-noticias.com\/wp\/wp-json\/wp\/v2\/tags?post=109842"}],"curies":[{"name":"wp","href":"https:\/\/api.w.org\/{rel}","templated":true}]}}