{"id":110133,"date":"2019-03-02T21:08:37","date_gmt":"2019-03-03T03:08:37","guid":{"rendered":"http:\/\/laredsocial-noticias.com\/wp\/?p=110133"},"modified":"2019-03-02T21:09:13","modified_gmt":"2019-03-03T03:09:13","slug":"senador-bernie-sanders-lanza-campana-en-pos-de-una-revolucion-politica","status":"publish","type":"post","link":"https:\/\/laredsocial-noticias.com\/wp\/senador-bernie-sanders-lanza-campana-en-pos-de-una-revolucion-politica\/","title":{"rendered":"Senador Bernie Sanders lanza campa\u00f1a en pos de una &#8220;revoluci\u00f3n pol\u00edtica&#8221;"},"content":{"rendered":"<p>El senador Bernie Sanders asegur\u00f3 hoy que pugnar\u00e1 por &#8220;una revoluci\u00f3n pol\u00edtica que va a transformar a Estados Unidos&#8221;, al arrancar en Brooklyn su campa\u00f1a por la candidatura dem\u00f3crata a la Presidencia estadunidense para 2020.<\/p>\n<p>&#8220;Gracias por ser parte de una campa\u00f1a que no solo va a ganar la nominaci\u00f3n dem\u00f3crata, que no solo va a derrotar a Donald Trump, que es el presidente m\u00e1s peligroso de la historia moderna de Estados Unidos, sino que con su ayuda vamos a transformar a este pa\u00eds&#8221;, dijo el pol\u00edtico entre v\u00edtores de sus partidarios.<\/p>\n<p>A diferencia de su primera campa\u00f1a por la Presidencia en los comicios de 2016, el senador independiente por Vermont habl\u00f3 esta vez sobre temas personales, como sus vivencias como hijo de un inmigrante que creci\u00f3 en una familia de clase media baja, y despu\u00e9s se convirti\u00f3 en un activista por los derechos civiles.<\/p>\n<p>En el acto participaron oradores como el representante por Carolina del Sur, Terry Alexander; el activista Shaun King y la exsenadora por Ohio, Nina Turner, quienes destacaron aspectos de la historia personal de Sanders y de su desarrollo como pol\u00edtico de izquierda.<\/p>\n<p>Tanto Sanders como los otros oradores resaltaron las diferencias en los or\u00edgenes del aspirante a la candidatura presidencial dem\u00f3crata con los del magnate republicano Donald Trump.<\/p>\n<p>&#8220;No ten\u00eda un padre que me diera millones de d\u00f3lares para construir rascacielos de lujo, casinos y clubes de campo (&#8230;) No provengo de una familia que me otorgara una asignaci\u00f3n de 200 mil (d\u00f3lares) por a\u00f1o a partir de los tres a\u00f1os&#8221;,\u00a0 manifest\u00f3 el pol\u00edtico de 77 a\u00f1os.<\/p>\n<p>&#8220;Esto no es un mito exagerado (&#8230;) Esta es la historia de origen de un revolucionario pol\u00edtico&#8221;, asever\u00f3 por su parte King.<\/p>\n<p>Colaboradores de Sanders han insistido en que el senador debe hablar m\u00e1s sobre su historia personal, tras considerar que puede ser un elemento que ayude a generar confianza entre los estadunidenses que no simpatizan con Trump.<\/p>\n<p>&#8220;Sanders es el hijo de un inmigrante jud\u00edo de Polonia y creci\u00f3 en un peque\u00f1o departamento con renta congelada en Flatbush (&#8230;) Se gradu\u00f3 en la escuela p\u00fablica James Madison High School y asisti\u00f3 al Brooklyn College, antes de graduarse de la Universidad de Chicago&#8221;, se\u00f1al\u00f3 su campa\u00f1a en un comunicado.<\/p>\n<p>Aunque gran parte de los discursos se centraron en aspectos biogr\u00e1ficos, Sanders tambi\u00e9n insisti\u00f3 en sus cr\u00edticas a la desigualdad de ingresos y la &#8220;clase multimillonaria&#8221;, a las compa\u00f1\u00edas de seguros y las farmac\u00e9uticas, adem\u00e1s de pronunciarse en contra de una pol\u00edtica exterior intervencionista.<\/p>\n<p>El evento de este s\u00e1bado tuvo adem\u00e1s como objetivo mostrar la amplitud de la coalici\u00f3n que apoya a Sanders, con una gran variedad de oradores, incluidos algunos de los estados en que el senador perdi\u00f3 en las primarias dem\u00f3cratas de 2016, como Carolina del Sur y Pensilvania.<\/p>\n<p>Tras el mitin en Brooklyn, Nueva York, Sanders viajar\u00e1 ma\u00f1ana domingo a Selma, Alabama, para conmemorar el aniversario de la marcha del &#8220;Domingo Sangriento&#8221; de 1965, report\u00f3 la cadena CNN.<\/p>\n<p>Posteriormente se dirigir\u00e1 a Chicago, donde se gradu\u00f3 de la universidad y particip\u00f3 activamente en el movimiento por los derechos civiles.<\/p>\n","protected":false},"excerpt":{"rendered":"<p>El senador Bernie Sanders asegur\u00f3 hoy que pugnar\u00e1 por &#8220;una revoluci\u00f3n pol\u00edtica que va a transformar a Estados Unidos&#8221;, al&#8230;<\/p>\n","protected":false},"author":1,"featured_media":0,"comment_status":"open","ping_status":"closed","sticky":false,"template":"","format":"standard","meta":{"footnotes":""},"categories":[101,6026,73],"tags":[4959,6257,77],"class_list":["post-110133","post","type-post","status-publish","format-standard","hentry","category-internacional","category-portada","category-principal","tag-featured","tag-portada","tag-principal"],"yoast_head":"<!-- This site is optimized with the Yoast SEO plugin v26.5 - https:\/\/yoast.com\/wordpress\/plugins\/seo\/ -->\n<title>Senador Bernie Sanders lanza campa\u00f1a en pos de una &quot;revoluci\u00f3n pol\u00edtica&quot; - NOTICIAS<\/title>\n<meta name=\"robots\" content=\"index, follow, max-snippet:-1, max-image-preview:large, max-video-preview:-1\" \/>\n<link rel=\"canonical\" href=\"https:\/\/laredsocial-noticias.com\/wp\/senador-bernie-sanders-lanza-campana-en-pos-de-una-revolucion-politica\/\" \/>\n<meta property=\"og:locale\" content=\"es_ES\" \/>\n<meta property=\"og:type\" content=\"article\" \/>\n<meta property=\"og:title\" content=\"Senador Bernie Sanders lanza campa\u00f1a en pos de una &quot;revoluci\u00f3n pol\u00edtica&quot; - NOTICIAS\" \/>\n<meta property=\"og:description\" content=\"El senador Bernie Sanders asegur\u00f3 hoy que pugnar\u00e1 por &#8220;una revoluci\u00f3n pol\u00edtica que va a transformar a Estados Unidos&#8221;, al...\" \/>\n<meta property=\"og:url\" content=\"https:\/\/laredsocial-noticias.com\/wp\/senador-bernie-sanders-lanza-campana-en-pos-de-una-revolucion-politica\/\" \/>\n<meta property=\"og:site_name\" content=\"NOTICIAS\" \/>\n<meta property=\"article:published_time\" content=\"2019-03-03T03:08:37+00:00\" \/>\n<meta property=\"article:modified_time\" content=\"2019-03-03T03:09:13+00:00\" \/>\n<meta property=\"og:image\" content=\"https:\/\/laredsocial-noticias.com\/wp\/wp-content\/uploads\/2019\/03\/D0sCXQoXQAI7LCQ.jpg\" \/>\n\t<meta property=\"og:image:width\" content=\"600\" \/>\n\t<meta property=\"og:image:height\" content=\"389\" \/>\n\t<meta property=\"og:image:type\" content=\"image\/jpeg\" \/>\n<meta name=\"author\" content=\"Editor en Jefe\" \/>\n<meta name=\"twitter:card\" content=\"summary_large_image\" \/>\n<meta name=\"twitter:label1\" content=\"Escrito por\" \/>\n\t<meta name=\"twitter:data1\" content=\"Editor en Jefe\" \/>\n\t<meta name=\"twitter:label2\" content=\"Tiempo de lectura\" \/>\n\t<meta name=\"twitter:data2\" content=\"3 minutos\" \/>\n<!-- \/ Yoast SEO plugin. -->","yoast_head_json":{"title":"Senador Bernie Sanders lanza campa\u00f1a en pos de una \"revoluci\u00f3n pol\u00edtica\" - NOTICIAS","robots":{"index":"index","follow":"follow","max-snippet":"max-snippet:-1","max-image-preview":"max-image-preview:large","max-video-preview":"max-video-preview:-1"},"canonical":"https:\/\/laredsocial-noticias.com\/wp\/senador-bernie-sanders-lanza-campana-en-pos-de-una-revolucion-politica\/","og_locale":"es_ES","og_type":"article","og_title":"Senador Bernie Sanders lanza campa\u00f1a en pos de una \"revoluci\u00f3n pol\u00edtica\" - NOTICIAS","og_description":"El senador Bernie Sanders asegur\u00f3 hoy que pugnar\u00e1 por &#8220;una revoluci\u00f3n pol\u00edtica que va a transformar a Estados Unidos&#8221;, al...","og_url":"https:\/\/laredsocial-noticias.com\/wp\/senador-bernie-sanders-lanza-campana-en-pos-de-una-revolucion-politica\/","og_site_name":"NOTICIAS","article_published_time":"2019-03-03T03:08:37+00:00","article_modified_time":"2019-03-03T03:09:13+00:00","og_image":[{"width":600,"height":389,"url":"https:\/\/laredsocial-noticias.com\/wp\/wp-content\/uploads\/2019\/03\/D0sCXQoXQAI7LCQ.jpg","type":"image\/jpeg"}],"author":"Editor en Jefe","twitter_card":"summary_large_image","twitter_misc":{"Escrito por":"Editor en Jefe","Tiempo de lectura":"3 minutos"},"schema":{"@context":"https:\/\/schema.org","@graph":[{"@type":"WebPage","@id":"https:\/\/laredsocial-noticias.com\/wp\/senador-bernie-sanders-lanza-campana-en-pos-de-una-revolucion-politica\/","url":"https:\/\/laredsocial-noticias.com\/wp\/senador-bernie-sanders-lanza-campana-en-pos-de-una-revolucion-politica\/","name":"Senador Bernie Sanders lanza campa\u00f1a en pos de una \"revoluci\u00f3n pol\u00edtica\" - NOTICIAS","isPartOf":{"@id":"https:\/\/laredsocial-noticias.com\/wp\/#website"},"datePublished":"2019-03-03T03:08:37+00:00","dateModified":"2019-03-03T03:09:13+00:00","author":{"@id":"https:\/\/laredsocial-noticias.com\/wp\/#\/schema\/person\/0ce78643f2de7aae6f6ef10e8453a6e0"},"breadcrumb":{"@id":"https:\/\/laredsocial-noticias.com\/wp\/senador-bernie-sanders-lanza-campana-en-pos-de-una-revolucion-politica\/#breadcrumb"},"inLanguage":"es","potentialAction":[{"@type":"ReadAction","target":["https:\/\/laredsocial-noticias.com\/wp\/senador-bernie-sanders-lanza-campana-en-pos-de-una-revolucion-politica\/"]}]},{"@type":"BreadcrumbList","@id":"https:\/\/laredsocial-noticias.com\/wp\/senador-bernie-sanders-lanza-campana-en-pos-de-una-revolucion-politica\/#breadcrumb","itemListElement":[{"@type":"ListItem","position":1,"name":"Portada","item":"https:\/\/laredsocial-noticias.com\/wp\/"},{"@type":"ListItem","position":2,"name":"Senador Bernie Sanders lanza campa\u00f1a en pos de una \u00abrevoluci\u00f3n pol\u00edtica\u00bb"}]},{"@type":"WebSite","@id":"https:\/\/laredsocial-noticias.com\/wp\/#website","url":"https:\/\/laredsocial-noticias.com\/wp\/","name":"NOTICIAS","description":"Lo que se ve y se dice en las redes sociales","potentialAction":[{"@type":"SearchAction","target":{"@type":"EntryPoint","urlTemplate":"https:\/\/laredsocial-noticias.com\/wp\/?s={search_term_string}"},"query-input":{"@type":"PropertyValueSpecification","valueRequired":true,"valueName":"search_term_string"}}],"inLanguage":"es"},{"@type":"Person","@id":"https:\/\/laredsocial-noticias.com\/wp\/#\/schema\/person\/0ce78643f2de7aae6f6ef10e8453a6e0","name":"Editor en Jefe","url":"https:\/\/laredsocial-noticias.com\/wp\/author\/jorgeochoa\/"}]}},"_links":{"self":[{"href":"https:\/\/laredsocial-noticias.com\/wp\/wp-json\/wp\/v2\/posts\/110133","targetHints":{"allow":["GET"]}}],"collection":[{"href":"https:\/\/laredsocial-noticias.com\/wp\/wp-json\/wp\/v2\/posts"}],"about":[{"href":"https:\/\/laredsocial-noticias.com\/wp\/wp-json\/wp\/v2\/types\/post"}],"author":[{"embeddable":true,"href":"https:\/\/laredsocial-noticias.com\/wp\/wp-json\/wp\/v2\/users\/1"}],"replies":[{"embeddable":true,"href":"https:\/\/laredsocial-noticias.com\/wp\/wp-json\/wp\/v2\/comments?post=110133"}],"version-history":[{"count":1,"href":"https:\/\/laredsocial-noticias.com\/wp\/wp-json\/wp\/v2\/posts\/110133\/revisions"}],"predecessor-version":[{"id":110134,"href":"https:\/\/laredsocial-noticias.com\/wp\/wp-json\/wp\/v2\/posts\/110133\/revisions\/110134"}],"wp:attachment":[{"href":"https:\/\/laredsocial-noticias.com\/wp\/wp-json\/wp\/v2\/media?parent=110133"}],"wp:term":[{"taxonomy":"category","embeddable":true,"href":"https:\/\/laredsocial-noticias.com\/wp\/wp-json\/wp\/v2\/categories?post=110133"},{"taxonomy":"post_tag","embeddable":true,"href":"https:\/\/laredsocial-noticias.com\/wp\/wp-json\/wp\/v2\/tags?post=110133"}],"curies":[{"name":"wp","href":"https:\/\/api.w.org\/{rel}","templated":true}]}}