{"id":11036,"date":"2016-05-27T20:53:54","date_gmt":"2016-05-28T01:53:54","guid":{"rendered":"http:\/\/laredsocial-noticias.com\/wp\/?p=11036"},"modified":"2016-05-27T20:54:07","modified_gmt":"2016-05-28T01:54:07","slug":"mexico-vive-en-una-democracia-asfixiada-gil-zuarth","status":"publish","type":"post","link":"https:\/\/laredsocial-noticias.com\/wp\/mexico-vive-en-una-democracia-asfixiada-gil-zuarth\/","title":{"rendered":"M\u00e9xico vive en una democracia asfixiada: Gil Zuarth"},"content":{"rendered":"<p><strong>CIUDAD DE M\u00c9XICO, 27 de mayo, (MENSAJE POL\u00cdTICO \/ C\u00cdRCULO DIGITAL).\u2014<\/strong>El presidente del Senado de la Rep\u00fablica, Roberto Gil Zuarth, lament\u00f3 que en el pa\u00eds estamos viviendo en una democracia sobre regulada, en la que no existe una discusi\u00f3n de fondo de las propuestas e ideas.<\/p>\n<p>\u201cVivimos una democracia en la que hay muchos spots que no dicen absolutamente nada, donde no hay debate. El gran d\u00e9ficit de nuestra democracia es que cada vez se contienen m\u00e1s las posibilidades de manifestaci\u00f3n y de expresi\u00f3n\u201d, asever\u00f3 el l\u00edder parlamentario.<\/p>\n<p>Al emitir un breve discurso sobre la libertad de expresi\u00f3n en nuestro pa\u00eds, Gil Zuarth reflexion\u00f3 sobre lo que estamos viviendo ahora en las campa\u00f1as estatales, y pidi\u00f3 que se revisen los formatos de los debates de los candidatos a gobernador.<\/p>\n<p>\u201cNo hay uno que se salve, son absolutamente r\u00edgidos, no permiten el encuentro, el intercambio de ideas, no permiten la cr\u00edtica, no permiten la polarizaci\u00f3n, la polemizaci\u00f3n, no permite absolutamente que el ciudadano se entere de lo que est\u00e1 en juego en una determinada elecci\u00f3n\u201d, expuso.<\/p>\n<p>Gil Zuarth consider\u00f3 que lo que debe hacerse es eliminar las restricciones al libre flujo de las ideas y de la informaci\u00f3n en M\u00e9xico.<\/p>\n<p>Expuso: \u201cHace algunos d\u00edas recib\u00ed a la ex Presidenta de Costa Rica, Laura Chinchilla, que condujo una misi\u00f3n de observaci\u00f3n electoral en el pasado proceso electoral. Y una de las conclusiones de la misi\u00f3n de observaci\u00f3n es que vivimos en una de las democracias m\u00e1s asfixiadas del planeta y que en consecuencia uno de los grandes problemas de insatisfacci\u00f3n con la democracia mexicana tiene que ver con la falta de debate p\u00fablico y abierto en nuestro pa\u00eds\u201d.<\/p>\n<p>Continu\u00f3 Gil Zuarth: \u201cYo estoy convencido de que tenemos que hacer una reforma profunda, que ampl\u00ede los canales y los m\u00e1rgenes de expresi\u00f3n y de manifestaci\u00f3n de las ideas\u201d.<\/p>\n<p>El presidente del Senado concluy\u00f3 que no va a ser f\u00e1cil esta tarea, porque habr\u00e1 unos que no quieran, \u201cporque les conviene la sobre espotizaci\u00f3n, pero sobre todo la falta de cr\u00edtica pol\u00edtica a las posiciones de cada uno\u201d.<\/p>\n<p><iframe loading=\"lazy\" title=\"Libertad de expresio\u0301n\" width=\"740\" height=\"416\" src=\"https:\/\/www.youtube.com\/embed\/AnhOUfSANPw?feature=oembed\" frameborder=\"0\" allow=\"accelerometer; autoplay; clipboard-write; encrypted-media; gyroscope; picture-in-picture; web-share\" referrerpolicy=\"strict-origin-when-cross-origin\" allowfullscreen><\/iframe><\/p>\n","protected":false},"excerpt":{"rendered":"<p>El presidente del Senado de la Rep\u00fablica, Roberto Gil Zuarth, lament\u00f3 que en el pa\u00eds estamos viviendo en una democracia sobre regulada, en la que no existe una discusi\u00f3n de fondo de las propuestas e ideas.<\/p>\n","protected":false},"author":1,"featured_media":0,"comment_status":"closed","ping_status":"closed","sticky":false,"template":"","format":"standard","meta":{"footnotes":""},"categories":[1796],"tags":[1348,388,2048,788,77,702],"class_list":["post-11036","post","type-post","status-publish","format-standard","hentry","category-circulodigital","tag-democracia","tag-especiales","tag-espotizacion","tag-gil-zuarth","tag-principal","tag-spots"],"yoast_head":"<!-- This site is optimized with the Yoast SEO plugin v26.5 - https:\/\/yoast.com\/wordpress\/plugins\/seo\/ -->\n<title>M\u00e9xico vive en una democracia asfixiada: Gil Zuarth - NOTICIAS<\/title>\n<meta name=\"robots\" content=\"index, follow, max-snippet:-1, max-image-preview:large, max-video-preview:-1\" \/>\n<link rel=\"canonical\" href=\"https:\/\/laredsocial-noticias.com\/wp\/mexico-vive-en-una-democracia-asfixiada-gil-zuarth\/\" \/>\n<meta property=\"og:locale\" content=\"es_ES\" \/>\n<meta property=\"og:type\" content=\"article\" \/>\n<meta property=\"og:title\" content=\"M\u00e9xico vive en una democracia asfixiada: Gil Zuarth - NOTICIAS\" \/>\n<meta property=\"og:description\" content=\"El presidente del Senado de la Rep\u00fablica, Roberto Gil Zuarth, lament\u00f3 que en el pa\u00eds estamos viviendo en una democracia sobre regulada, en la que no existe una discusi\u00f3n de fondo de las propuestas e ideas.\" \/>\n<meta property=\"og:url\" content=\"https:\/\/laredsocial-noticias.com\/wp\/mexico-vive-en-una-democracia-asfixiada-gil-zuarth\/\" \/>\n<meta property=\"og:site_name\" content=\"NOTICIAS\" \/>\n<meta property=\"article:published_time\" content=\"2016-05-28T01:53:54+00:00\" \/>\n<meta property=\"article:modified_time\" content=\"2016-05-28T01:54:07+00:00\" \/>\n<meta name=\"author\" content=\"Editor en Jefe\" \/>\n<meta name=\"twitter:card\" content=\"summary_large_image\" \/>\n<meta name=\"twitter:label1\" content=\"Escrito por\" \/>\n\t<meta name=\"twitter:data1\" content=\"Editor en Jefe\" \/>\n\t<meta name=\"twitter:label2\" content=\"Tiempo de lectura\" \/>\n\t<meta name=\"twitter:data2\" content=\"2 minutos\" \/>\n<!-- \/ Yoast SEO plugin. -->","yoast_head_json":{"title":"M\u00e9xico vive en una democracia asfixiada: Gil Zuarth - NOTICIAS","robots":{"index":"index","follow":"follow","max-snippet":"max-snippet:-1","max-image-preview":"max-image-preview:large","max-video-preview":"max-video-preview:-1"},"canonical":"https:\/\/laredsocial-noticias.com\/wp\/mexico-vive-en-una-democracia-asfixiada-gil-zuarth\/","og_locale":"es_ES","og_type":"article","og_title":"M\u00e9xico vive en una democracia asfixiada: Gil Zuarth - NOTICIAS","og_description":"El presidente del Senado de la Rep\u00fablica, Roberto Gil Zuarth, lament\u00f3 que en el pa\u00eds estamos viviendo en una democracia sobre regulada, en la que no existe una discusi\u00f3n de fondo de las propuestas e ideas.","og_url":"https:\/\/laredsocial-noticias.com\/wp\/mexico-vive-en-una-democracia-asfixiada-gil-zuarth\/","og_site_name":"NOTICIAS","article_published_time":"2016-05-28T01:53:54+00:00","article_modified_time":"2016-05-28T01:54:07+00:00","author":"Editor en Jefe","twitter_card":"summary_large_image","twitter_misc":{"Escrito por":"Editor en Jefe","Tiempo de lectura":"2 minutos"},"schema":{"@context":"https:\/\/schema.org","@graph":[{"@type":"WebPage","@id":"https:\/\/laredsocial-noticias.com\/wp\/mexico-vive-en-una-democracia-asfixiada-gil-zuarth\/","url":"https:\/\/laredsocial-noticias.com\/wp\/mexico-vive-en-una-democracia-asfixiada-gil-zuarth\/","name":"M\u00e9xico vive en una democracia asfixiada: Gil Zuarth - NOTICIAS","isPartOf":{"@id":"https:\/\/laredsocial-noticias.com\/wp\/#website"},"datePublished":"2016-05-28T01:53:54+00:00","dateModified":"2016-05-28T01:54:07+00:00","author":{"@id":"https:\/\/laredsocial-noticias.com\/wp\/#\/schema\/person\/0ce78643f2de7aae6f6ef10e8453a6e0"},"breadcrumb":{"@id":"https:\/\/laredsocial-noticias.com\/wp\/mexico-vive-en-una-democracia-asfixiada-gil-zuarth\/#breadcrumb"},"inLanguage":"es","potentialAction":[{"@type":"ReadAction","target":["https:\/\/laredsocial-noticias.com\/wp\/mexico-vive-en-una-democracia-asfixiada-gil-zuarth\/"]}]},{"@type":"BreadcrumbList","@id":"https:\/\/laredsocial-noticias.com\/wp\/mexico-vive-en-una-democracia-asfixiada-gil-zuarth\/#breadcrumb","itemListElement":[{"@type":"ListItem","position":1,"name":"Portada","item":"https:\/\/laredsocial-noticias.com\/wp\/"},{"@type":"ListItem","position":2,"name":"M\u00e9xico vive en una democracia asfixiada: Gil Zuarth"}]},{"@type":"WebSite","@id":"https:\/\/laredsocial-noticias.com\/wp\/#website","url":"https:\/\/laredsocial-noticias.com\/wp\/","name":"NOTICIAS","description":"Lo que se ve y se dice en las redes sociales","potentialAction":[{"@type":"SearchAction","target":{"@type":"EntryPoint","urlTemplate":"https:\/\/laredsocial-noticias.com\/wp\/?s={search_term_string}"},"query-input":{"@type":"PropertyValueSpecification","valueRequired":true,"valueName":"search_term_string"}}],"inLanguage":"es"},{"@type":"Person","@id":"https:\/\/laredsocial-noticias.com\/wp\/#\/schema\/person\/0ce78643f2de7aae6f6ef10e8453a6e0","name":"Editor en Jefe","url":"https:\/\/laredsocial-noticias.com\/wp\/author\/jorgeochoa\/"}]}},"_links":{"self":[{"href":"https:\/\/laredsocial-noticias.com\/wp\/wp-json\/wp\/v2\/posts\/11036","targetHints":{"allow":["GET"]}}],"collection":[{"href":"https:\/\/laredsocial-noticias.com\/wp\/wp-json\/wp\/v2\/posts"}],"about":[{"href":"https:\/\/laredsocial-noticias.com\/wp\/wp-json\/wp\/v2\/types\/post"}],"author":[{"embeddable":true,"href":"https:\/\/laredsocial-noticias.com\/wp\/wp-json\/wp\/v2\/users\/1"}],"replies":[{"embeddable":true,"href":"https:\/\/laredsocial-noticias.com\/wp\/wp-json\/wp\/v2\/comments?post=11036"}],"version-history":[{"count":1,"href":"https:\/\/laredsocial-noticias.com\/wp\/wp-json\/wp\/v2\/posts\/11036\/revisions"}],"predecessor-version":[{"id":11037,"href":"https:\/\/laredsocial-noticias.com\/wp\/wp-json\/wp\/v2\/posts\/11036\/revisions\/11037"}],"wp:attachment":[{"href":"https:\/\/laredsocial-noticias.com\/wp\/wp-json\/wp\/v2\/media?parent=11036"}],"wp:term":[{"taxonomy":"category","embeddable":true,"href":"https:\/\/laredsocial-noticias.com\/wp\/wp-json\/wp\/v2\/categories?post=11036"},{"taxonomy":"post_tag","embeddable":true,"href":"https:\/\/laredsocial-noticias.com\/wp\/wp-json\/wp\/v2\/tags?post=11036"}],"curies":[{"name":"wp","href":"https:\/\/api.w.org\/{rel}","templated":true}]}}