{"id":110691,"date":"2019-03-16T11:10:16","date_gmt":"2019-03-16T17:10:16","guid":{"rendered":"http:\/\/laredsocial-noticias.com\/wp\/?p=110691"},"modified":"2019-03-16T11:10:34","modified_gmt":"2019-03-16T17:10:34","slug":"la-atencion-de-la-enfermedad-renal-cronica-requiere-estrategia-integral-y-financiamiento-ssa","status":"publish","type":"post","link":"https:\/\/laredsocial-noticias.com\/wp\/la-atencion-de-la-enfermedad-renal-cronica-requiere-estrategia-integral-y-financiamiento-ssa\/","title":{"rendered":"La atenci\u00f3n de la Enfermedad Renal Cr\u00f3nica requiere estrategia integral y financiamiento: SSA"},"content":{"rendered":"<p>Al presidir el Foro de Transformaci\u00f3n del Sistema Nacional de Donaci\u00f3n y Trasplante de \u00d3rganos en M\u00e9xico, realizado por la Comisi\u00f3n de Salud de la C\u00e1mara de Diputados, que preside la diputada Miroslava S\u00e1nchez Galv\u00e1n, el Secretario de Salud destac\u00f3 que la enfermedad renal cr\u00f3nica es progresiva, silenciosa e irreversible, por lo que uno de cada dos pacientes requerir\u00e1 de un trasplante.<\/p>\n<p>El titular de Salud subray\u00f3 que este padecimiento ha sido desastroso, sobre todo, entre la poblaci\u00f3n campesina que se dedica a la siembra de la ca\u00f1a, como lo ha reconocido la Organizaci\u00f3n Panamericana de la Salud (OPS) que la considera una emergencia de salud p\u00fablica. La causa que provoca este padecimiento a\u00fan es desconocida, pero tiene un claro componente ocupacional y ambiental, inform\u00f3.<\/p>\n<p>Asegur\u00f3 que para hacer frente a esta problem\u00e1tica es indispensable contar con un financiamiento p\u00fablico que apoye, fortalezca e impulse el sistema nacional de donaci\u00f3n, as\u00ed como acciones que incrementen la tasa de donaci\u00f3n y trasplantes.<\/p>\n<p>Esto, a\u00f1adi\u00f3, solo ser\u00e1 posible a trav\u00e9s de la reducci\u00f3n de las inequidades en el acceso y garantizando el derecho de todas las personas a la protecci\u00f3n de la salud, sin olvidar las acciones que permitan prevenir actos de corrupci\u00f3n en materia de donaci\u00f3n y trasplantes.<\/p>\n<p>Reiter\u00f3 que en la Cuarta Transformaci\u00f3n se impulsar\u00e1 el Sistema Nacional de Donaci\u00f3n y Trasplantes de \u00d3rganos y la atenci\u00f3n de la enfermedad renal cr\u00f3nica como un acto de justicia hist\u00f3rica y de reivindicaci\u00f3n social.<\/p>\n<p>Alcocer Varela detall\u00f3 que la enfermedad se desarrolla en los campos de Am\u00e9rica Central, donde las condiciones laborales son extenuantes y precarias. El calor y la tensi\u00f3n de la jornada, provoca que los trabajadores sufran frecuencias card\u00edacas que llegan a superar en un 50 por ciento la m\u00e1xima calculada, seg\u00fan edad y sexo.<\/p>\n<p>Record\u00f3 que a inicios de los 90\u00b4s, se reportaron los primeros casos de enfermedad renal cr\u00f3nica no asociados con los factores de riesgo tradicionales, lo que puso al descubierto una epidemia silenciosa que afecta a trabajadores agr\u00edcolas, de 18 a 35 a\u00f1os, desde Panam\u00e1 hasta el sur de M\u00e9xico.<\/p>\n<p>Agreg\u00f3 que, al ser una enfermedad de r\u00e1pida progresi\u00f3n, los s\u00edntomas se diagnostican demasiado tarde, desbordando los servicios de salud y devastando vidas, as\u00ed como a familias de trabajadores en los campos de Centroam\u00e9rica.<\/p>\n<p>Es as\u00ed, como esta enfermedad configura tragedias personales y sociales por su pasar en los campos de nuestra tierra y en sus etapas finales se lleva la vida de miles de trabajadores ocupados en el corte de la ca\u00f1a de az\u00facar.<\/p>\n<p>Asistieron al foro el director general del Centro Nacional de Trasplantes, Salvador Aburto Morales; el jefe de Trasplantes del IMSS, Ignacio Guerra Gallo; el presidente de la Sociedad de Trasplantes de Am\u00e9rica Latina y el Caribe, Rafael Reyes Acevedo; y la presidenta de la Sociedad Mexicana de Trasplantes, Josefina Alber\u00fa G\u00f3mez.<\/p>\n","protected":false},"excerpt":{"rendered":"<p>Al presidir el Foro de Transformaci\u00f3n del Sistema Nacional de Donaci\u00f3n y Trasplante de \u00d3rganos en M\u00e9xico, realizado por la&#8230;<\/p>\n","protected":false},"author":1,"featured_media":0,"comment_status":"open","ping_status":"closed","sticky":false,"template":"","format":"standard","meta":{"footnotes":""},"categories":[78,6026,73,2776],"tags":[7380,77,3417],"class_list":["post-110691","post","type-post","status-publish","format-standard","hentry","category-nacional","category-portada","category-principal","category-sociedad","tag-enfermedad-renal-cronica","tag-principal","tag-ssa"],"yoast_head":"<!-- This site is optimized with the Yoast SEO plugin v26.5 - https:\/\/yoast.com\/wordpress\/plugins\/seo\/ -->\n<title>La atenci\u00f3n de la Enfermedad Renal Cr\u00f3nica requiere estrategia integral y financiamiento: SSA - NOTICIAS<\/title>\n<meta name=\"robots\" content=\"index, follow, max-snippet:-1, max-image-preview:large, max-video-preview:-1\" \/>\n<link rel=\"canonical\" href=\"https:\/\/laredsocial-noticias.com\/wp\/la-atencion-de-la-enfermedad-renal-cronica-requiere-estrategia-integral-y-financiamiento-ssa\/\" \/>\n<meta property=\"og:locale\" content=\"es_ES\" \/>\n<meta property=\"og:type\" content=\"article\" \/>\n<meta property=\"og:title\" content=\"La atenci\u00f3n de la Enfermedad Renal Cr\u00f3nica requiere estrategia integral y financiamiento: SSA - NOTICIAS\" \/>\n<meta property=\"og:description\" content=\"Al presidir el Foro de Transformaci\u00f3n del Sistema Nacional de Donaci\u00f3n y Trasplante de \u00d3rganos en M\u00e9xico, realizado por la...\" \/>\n<meta property=\"og:url\" content=\"https:\/\/laredsocial-noticias.com\/wp\/la-atencion-de-la-enfermedad-renal-cronica-requiere-estrategia-integral-y-financiamiento-ssa\/\" \/>\n<meta property=\"og:site_name\" content=\"NOTICIAS\" \/>\n<meta property=\"article:published_time\" content=\"2019-03-16T17:10:16+00:00\" \/>\n<meta property=\"article:modified_time\" content=\"2019-03-16T17:10:34+00:00\" \/>\n<meta name=\"author\" content=\"Editor en Jefe\" \/>\n<meta name=\"twitter:card\" content=\"summary_large_image\" \/>\n<meta name=\"twitter:label1\" content=\"Escrito por\" \/>\n\t<meta name=\"twitter:data1\" content=\"Editor en Jefe\" \/>\n\t<meta name=\"twitter:label2\" content=\"Tiempo de lectura\" \/>\n\t<meta name=\"twitter:data2\" content=\"3 minutos\" \/>\n<!-- \/ Yoast SEO plugin. -->","yoast_head_json":{"title":"La atenci\u00f3n de la Enfermedad Renal Cr\u00f3nica requiere estrategia integral y financiamiento: SSA - NOTICIAS","robots":{"index":"index","follow":"follow","max-snippet":"max-snippet:-1","max-image-preview":"max-image-preview:large","max-video-preview":"max-video-preview:-1"},"canonical":"https:\/\/laredsocial-noticias.com\/wp\/la-atencion-de-la-enfermedad-renal-cronica-requiere-estrategia-integral-y-financiamiento-ssa\/","og_locale":"es_ES","og_type":"article","og_title":"La atenci\u00f3n de la Enfermedad Renal Cr\u00f3nica requiere estrategia integral y financiamiento: SSA - NOTICIAS","og_description":"Al presidir el Foro de Transformaci\u00f3n del Sistema Nacional de Donaci\u00f3n y Trasplante de \u00d3rganos en M\u00e9xico, realizado por la...","og_url":"https:\/\/laredsocial-noticias.com\/wp\/la-atencion-de-la-enfermedad-renal-cronica-requiere-estrategia-integral-y-financiamiento-ssa\/","og_site_name":"NOTICIAS","article_published_time":"2019-03-16T17:10:16+00:00","article_modified_time":"2019-03-16T17:10:34+00:00","author":"Editor en Jefe","twitter_card":"summary_large_image","twitter_misc":{"Escrito por":"Editor en Jefe","Tiempo de lectura":"3 minutos"},"schema":{"@context":"https:\/\/schema.org","@graph":[{"@type":"WebPage","@id":"https:\/\/laredsocial-noticias.com\/wp\/la-atencion-de-la-enfermedad-renal-cronica-requiere-estrategia-integral-y-financiamiento-ssa\/","url":"https:\/\/laredsocial-noticias.com\/wp\/la-atencion-de-la-enfermedad-renal-cronica-requiere-estrategia-integral-y-financiamiento-ssa\/","name":"La atenci\u00f3n de la Enfermedad Renal Cr\u00f3nica requiere estrategia integral y financiamiento: SSA - NOTICIAS","isPartOf":{"@id":"https:\/\/laredsocial-noticias.com\/wp\/#website"},"datePublished":"2019-03-16T17:10:16+00:00","dateModified":"2019-03-16T17:10:34+00:00","author":{"@id":"https:\/\/laredsocial-noticias.com\/wp\/#\/schema\/person\/0ce78643f2de7aae6f6ef10e8453a6e0"},"breadcrumb":{"@id":"https:\/\/laredsocial-noticias.com\/wp\/la-atencion-de-la-enfermedad-renal-cronica-requiere-estrategia-integral-y-financiamiento-ssa\/#breadcrumb"},"inLanguage":"es","potentialAction":[{"@type":"ReadAction","target":["https:\/\/laredsocial-noticias.com\/wp\/la-atencion-de-la-enfermedad-renal-cronica-requiere-estrategia-integral-y-financiamiento-ssa\/"]}]},{"@type":"BreadcrumbList","@id":"https:\/\/laredsocial-noticias.com\/wp\/la-atencion-de-la-enfermedad-renal-cronica-requiere-estrategia-integral-y-financiamiento-ssa\/#breadcrumb","itemListElement":[{"@type":"ListItem","position":1,"name":"Portada","item":"https:\/\/laredsocial-noticias.com\/wp\/"},{"@type":"ListItem","position":2,"name":"La atenci\u00f3n de la Enfermedad Renal Cr\u00f3nica requiere estrategia integral y financiamiento: SSA"}]},{"@type":"WebSite","@id":"https:\/\/laredsocial-noticias.com\/wp\/#website","url":"https:\/\/laredsocial-noticias.com\/wp\/","name":"NOTICIAS","description":"Lo que se ve y se dice en las redes sociales","potentialAction":[{"@type":"SearchAction","target":{"@type":"EntryPoint","urlTemplate":"https:\/\/laredsocial-noticias.com\/wp\/?s={search_term_string}"},"query-input":{"@type":"PropertyValueSpecification","valueRequired":true,"valueName":"search_term_string"}}],"inLanguage":"es"},{"@type":"Person","@id":"https:\/\/laredsocial-noticias.com\/wp\/#\/schema\/person\/0ce78643f2de7aae6f6ef10e8453a6e0","name":"Editor en Jefe","url":"https:\/\/laredsocial-noticias.com\/wp\/author\/jorgeochoa\/"}]}},"_links":{"self":[{"href":"https:\/\/laredsocial-noticias.com\/wp\/wp-json\/wp\/v2\/posts\/110691","targetHints":{"allow":["GET"]}}],"collection":[{"href":"https:\/\/laredsocial-noticias.com\/wp\/wp-json\/wp\/v2\/posts"}],"about":[{"href":"https:\/\/laredsocial-noticias.com\/wp\/wp-json\/wp\/v2\/types\/post"}],"author":[{"embeddable":true,"href":"https:\/\/laredsocial-noticias.com\/wp\/wp-json\/wp\/v2\/users\/1"}],"replies":[{"embeddable":true,"href":"https:\/\/laredsocial-noticias.com\/wp\/wp-json\/wp\/v2\/comments?post=110691"}],"version-history":[{"count":1,"href":"https:\/\/laredsocial-noticias.com\/wp\/wp-json\/wp\/v2\/posts\/110691\/revisions"}],"predecessor-version":[{"id":110692,"href":"https:\/\/laredsocial-noticias.com\/wp\/wp-json\/wp\/v2\/posts\/110691\/revisions\/110692"}],"wp:attachment":[{"href":"https:\/\/laredsocial-noticias.com\/wp\/wp-json\/wp\/v2\/media?parent=110691"}],"wp:term":[{"taxonomy":"category","embeddable":true,"href":"https:\/\/laredsocial-noticias.com\/wp\/wp-json\/wp\/v2\/categories?post=110691"},{"taxonomy":"post_tag","embeddable":true,"href":"https:\/\/laredsocial-noticias.com\/wp\/wp-json\/wp\/v2\/tags?post=110691"}],"curies":[{"name":"wp","href":"https:\/\/api.w.org\/{rel}","templated":true}]}}