{"id":112198,"date":"2019-04-10T17:52:19","date_gmt":"2019-04-10T22:52:19","guid":{"rendered":"http:\/\/laredsocial-noticias.com\/wp\/?p=112198"},"modified":"2019-04-10T17:55:19","modified_gmt":"2019-04-10T22:55:19","slug":"actualiza-procuraduria-agraria-conocimientos-juridicos-agrarios-de-su-personal","status":"publish","type":"post","link":"https:\/\/laredsocial-noticias.com\/wp\/actualiza-procuraduria-agraria-conocimientos-juridicos-agrarios-de-su-personal\/","title":{"rendered":"Actualiza Procuradur\u00eda Agraria conocimientos jur\u00eddicos agrarios de su personal"},"content":{"rendered":"<ul>\n<li><strong>Inicia programa de capacitaci\u00f3n integral para abogados y visitadores <\/strong><\/li>\n<li><strong>Contribuir\u00e1 a defensa de derechos de pueblos originarios, ejidos y comunidades<\/strong><\/li>\n<\/ul>\n<p><strong>\u00a0<a href=\"http:\/\/laredsocial-noticias.com\/wp\/wp-content\/uploads\/2019\/04\/PA-Capacitaci\u00f3n-2.jpg\"><img class=\"alignnone size-medium wp-image-112199\" alt=\"\" \/><\/a><a href=\"http:\/\/laredsocial-noticias.com\/wp\/wp-content\/uploads\/2019\/04\/PA-Capacitaci\u00f3n-2.jpg\"><img class=\"alignnone size-medium wp-image-112199\" alt=\"\" \/><\/a><\/strong><\/p>\n<p>&nbsp;<\/p>\n<p><strong>Por Guillermo Pimentel Balderas<\/strong><\/p>\n<p>Con el prop\u00f3sito central de que el personal de la Procuradur\u00eda Agraria (PA) actualice sus conocimientos jur\u00eddicos para contribuir a la defensa y protecci\u00f3n de los derechos fundamentales de pueblos originarios, ejidos y comunidades, dio inicio el programa de capacitaci\u00f3n integral para abogados y visitadores agrarios en el sureste del pa\u00eds<\/p>\n<p>La Procuradur\u00eda Agraria y la Fundaci\u00f3n para el Debido Proceso (DPLF), acordaron llevar a cabo, a partir de este mi\u00e9rcoles 10 de abril, un \u201cPrograma de Formaci\u00f3n en Derechos Humanos del Sujeto Agrario\u201d, en el que toman parte activa m\u00e1s de un centenar de Visitadores y Abogados Agrarios adscritos a las representaciones estatales en Campeche, Yucat\u00e1n y Quintana Roo, as\u00ed como en Tabasco, Chiapas y Oaxaca.<\/p>\n<p>Este primer taller de formaci\u00f3n integral, de cinco que se han programado, se imparte de forma presencial y en l\u00ednea a 130 Abogados y Visitadores Agrarios de las seis entidades federativas se\u00f1aladas, de tal forma que el personal cuente con todas las herramientas jur\u00eddicas necesarias para asegurar la defensa de los derechos y libertades de los sujetos agrarios y pueblos originarios.<\/p>\n<p>De acuerdo a informaci\u00f3n de la PA, este inicio de capacitaci\u00f3n que imparten especialistas en materia de derechos humanos, en las instalaciones de la CONAFOR de la ciudad de Campeche, se enmarca dentro de los actos conmemorativos que la Instituci\u00f3n \u2014encabezada por el Procurador Agrario, Luis Hern\u00e1ndez Palacios Mir\u00f3n\u2014 ha organizado con motivo del centenario luctuoso del General Emiliano Zapata Salazar.<\/p>\n<p>Para la Instituci\u00f3n, este Programa de Formaci\u00f3n en Derechos Humanos del Sujeto Agrario, reviste una gran importancia, toda vez que la procuraci\u00f3n de la justicia agraria conlleva la realizaci\u00f3n de aut\u00e9nticas acciones que permitan cumplir a cabalidad con el sentido social que la Ley Agraria le mandata al Ombudsman Agrario en la protecci\u00f3n, defensa y salvaguarda de los derechos y patrimonio de ejidatarios, comuneros y pueblos ind\u00edgenas.<\/p>\n<p>En este sentido, la capacitaci\u00f3n y actualizaci\u00f3n del personal operativo de campo es primordial, principalmente en los temas relativos al respeto de los Derechos Humanos y al cumplimiento cabal del debido proceso, entendido \u00e9ste como una garant\u00eda procesal que debe estar presente en toda clase de procesos, no s\u00f3lo en aquellos de orden penal, sino de tipo civil, administrativo y de manera muy importante en los de car\u00e1cter agrario.<\/p>\n<p>La Fundaci\u00f3n para el Debido Proceso es una organizaci\u00f3n integrada por profesionales, cuyo mandato es promover el Estado de Derecho a trav\u00e9s del an\u00e1lisis y la propuesta, la cooperaci\u00f3n con organizaciones e instituciones p\u00fablicas y privadas, el intercambio de experiencias y las acciones de cabildeo e incidencia, que viene trabajando desde el 2015 en los estados de la Pen\u00ednsula de Yucat\u00e1n en la promoci\u00f3n de los derechos humanos de los pueblos ind\u00edgenas de dicha regi\u00f3n.<\/p>\n<p>&nbsp;<\/p>\n","protected":false},"excerpt":{"rendered":"<p>Inicia programa de capacitaci\u00f3n integral para abogados y visitadores Contribuir\u00e1 a defensa de derechos de pueblos originarios, ejidos y comunidades&#8230;<\/p>\n","protected":false},"author":10,"featured_media":0,"comment_status":"closed","ping_status":"closed","sticky":false,"template":"","format":"standard","meta":{"footnotes":""},"categories":[3419],"tags":[],"class_list":["post-112198","post","type-post","status-publish","format-standard","hentry","category-procuraduria-agraria"],"yoast_head":"<!-- This site is optimized with the Yoast SEO plugin v26.5 - https:\/\/yoast.com\/wordpress\/plugins\/seo\/ -->\n<title>Actualiza Procuradur\u00eda Agraria conocimientos jur\u00eddicos agrarios de su personal - NOTICIAS<\/title>\n<meta name=\"robots\" content=\"index, follow, max-snippet:-1, max-image-preview:large, max-video-preview:-1\" \/>\n<link rel=\"canonical\" href=\"https:\/\/laredsocial-noticias.com\/wp\/actualiza-procuraduria-agraria-conocimientos-juridicos-agrarios-de-su-personal\/\" \/>\n<meta property=\"og:locale\" content=\"es_ES\" \/>\n<meta property=\"og:type\" content=\"article\" \/>\n<meta property=\"og:title\" content=\"Actualiza Procuradur\u00eda Agraria conocimientos jur\u00eddicos agrarios de su personal - NOTICIAS\" \/>\n<meta property=\"og:description\" content=\"Inicia programa de capacitaci\u00f3n integral para abogados y visitadores Contribuir\u00e1 a defensa de derechos de pueblos originarios, ejidos y comunidades...\" \/>\n<meta property=\"og:url\" content=\"https:\/\/laredsocial-noticias.com\/wp\/actualiza-procuraduria-agraria-conocimientos-juridicos-agrarios-de-su-personal\/\" \/>\n<meta property=\"og:site_name\" content=\"NOTICIAS\" \/>\n<meta property=\"article:published_time\" content=\"2019-04-10T22:52:19+00:00\" \/>\n<meta property=\"article:modified_time\" content=\"2019-04-10T22:55:19+00:00\" \/>\n<meta name=\"author\" content=\"Guillermo Pimentel\" \/>\n<meta name=\"twitter:card\" content=\"summary_large_image\" \/>\n<meta name=\"twitter:label1\" content=\"Escrito por\" \/>\n\t<meta name=\"twitter:data1\" content=\"Guillermo Pimentel\" \/>\n\t<meta name=\"twitter:label2\" content=\"Tiempo de lectura\" \/>\n\t<meta name=\"twitter:data2\" content=\"3 minutos\" \/>\n<!-- \/ Yoast SEO plugin. -->","yoast_head_json":{"title":"Actualiza Procuradur\u00eda Agraria conocimientos jur\u00eddicos agrarios de su personal - NOTICIAS","robots":{"index":"index","follow":"follow","max-snippet":"max-snippet:-1","max-image-preview":"max-image-preview:large","max-video-preview":"max-video-preview:-1"},"canonical":"https:\/\/laredsocial-noticias.com\/wp\/actualiza-procuraduria-agraria-conocimientos-juridicos-agrarios-de-su-personal\/","og_locale":"es_ES","og_type":"article","og_title":"Actualiza Procuradur\u00eda Agraria conocimientos jur\u00eddicos agrarios de su personal - NOTICIAS","og_description":"Inicia programa de capacitaci\u00f3n integral para abogados y visitadores Contribuir\u00e1 a defensa de derechos de pueblos originarios, ejidos y comunidades...","og_url":"https:\/\/laredsocial-noticias.com\/wp\/actualiza-procuraduria-agraria-conocimientos-juridicos-agrarios-de-su-personal\/","og_site_name":"NOTICIAS","article_published_time":"2019-04-10T22:52:19+00:00","article_modified_time":"2019-04-10T22:55:19+00:00","author":"Guillermo Pimentel","twitter_card":"summary_large_image","twitter_misc":{"Escrito por":"Guillermo Pimentel","Tiempo de lectura":"3 minutos"},"schema":{"@context":"https:\/\/schema.org","@graph":[{"@type":"WebPage","@id":"https:\/\/laredsocial-noticias.com\/wp\/actualiza-procuraduria-agraria-conocimientos-juridicos-agrarios-de-su-personal\/","url":"https:\/\/laredsocial-noticias.com\/wp\/actualiza-procuraduria-agraria-conocimientos-juridicos-agrarios-de-su-personal\/","name":"Actualiza Procuradur\u00eda Agraria conocimientos jur\u00eddicos agrarios de su personal - NOTICIAS","isPartOf":{"@id":"https:\/\/laredsocial-noticias.com\/wp\/#website"},"datePublished":"2019-04-10T22:52:19+00:00","dateModified":"2019-04-10T22:55:19+00:00","author":{"@id":"https:\/\/laredsocial-noticias.com\/wp\/#\/schema\/person\/9c09eb8c35c46dac6d30e2baff4b64d6"},"breadcrumb":{"@id":"https:\/\/laredsocial-noticias.com\/wp\/actualiza-procuraduria-agraria-conocimientos-juridicos-agrarios-de-su-personal\/#breadcrumb"},"inLanguage":"es","potentialAction":[{"@type":"ReadAction","target":["https:\/\/laredsocial-noticias.com\/wp\/actualiza-procuraduria-agraria-conocimientos-juridicos-agrarios-de-su-personal\/"]}]},{"@type":"BreadcrumbList","@id":"https:\/\/laredsocial-noticias.com\/wp\/actualiza-procuraduria-agraria-conocimientos-juridicos-agrarios-de-su-personal\/#breadcrumb","itemListElement":[{"@type":"ListItem","position":1,"name":"Portada","item":"https:\/\/laredsocial-noticias.com\/wp\/"},{"@type":"ListItem","position":2,"name":"Actualiza Procuradur\u00eda Agraria conocimientos jur\u00eddicos agrarios de su personal"}]},{"@type":"WebSite","@id":"https:\/\/laredsocial-noticias.com\/wp\/#website","url":"https:\/\/laredsocial-noticias.com\/wp\/","name":"NOTICIAS","description":"Lo que se ve y se dice en las redes sociales","potentialAction":[{"@type":"SearchAction","target":{"@type":"EntryPoint","urlTemplate":"https:\/\/laredsocial-noticias.com\/wp\/?s={search_term_string}"},"query-input":{"@type":"PropertyValueSpecification","valueRequired":true,"valueName":"search_term_string"}}],"inLanguage":"es"},{"@type":"Person","@id":"https:\/\/laredsocial-noticias.com\/wp\/#\/schema\/person\/9c09eb8c35c46dac6d30e2baff4b64d6","name":"Guillermo Pimentel","url":"https:\/\/laredsocial-noticias.com\/wp\/author\/guillermo\/"}]}},"_links":{"self":[{"href":"https:\/\/laredsocial-noticias.com\/wp\/wp-json\/wp\/v2\/posts\/112198","targetHints":{"allow":["GET"]}}],"collection":[{"href":"https:\/\/laredsocial-noticias.com\/wp\/wp-json\/wp\/v2\/posts"}],"about":[{"href":"https:\/\/laredsocial-noticias.com\/wp\/wp-json\/wp\/v2\/types\/post"}],"author":[{"embeddable":true,"href":"https:\/\/laredsocial-noticias.com\/wp\/wp-json\/wp\/v2\/users\/10"}],"replies":[{"embeddable":true,"href":"https:\/\/laredsocial-noticias.com\/wp\/wp-json\/wp\/v2\/comments?post=112198"}],"version-history":[{"count":3,"href":"https:\/\/laredsocial-noticias.com\/wp\/wp-json\/wp\/v2\/posts\/112198\/revisions"}],"predecessor-version":[{"id":112203,"href":"https:\/\/laredsocial-noticias.com\/wp\/wp-json\/wp\/v2\/posts\/112198\/revisions\/112203"}],"wp:attachment":[{"href":"https:\/\/laredsocial-noticias.com\/wp\/wp-json\/wp\/v2\/media?parent=112198"}],"wp:term":[{"taxonomy":"category","embeddable":true,"href":"https:\/\/laredsocial-noticias.com\/wp\/wp-json\/wp\/v2\/categories?post=112198"},{"taxonomy":"post_tag","embeddable":true,"href":"https:\/\/laredsocial-noticias.com\/wp\/wp-json\/wp\/v2\/tags?post=112198"}],"curies":[{"name":"wp","href":"https:\/\/api.w.org\/{rel}","templated":true}]}}