{"id":112417,"date":"2019-04-14T20:16:09","date_gmt":"2019-04-15T01:16:09","guid":{"rendered":"http:\/\/laredsocial-noticias.com\/wp\/?p=112417"},"modified":"2019-04-14T20:16:29","modified_gmt":"2019-04-15T01:16:29","slug":"derogar-la-reforma-educativa-seria-un-retroceso-afirman-expertos","status":"publish","type":"post","link":"https:\/\/laredsocial-noticias.com\/wp\/derogar-la-reforma-educativa-seria-un-retroceso-afirman-expertos\/","title":{"rendered":"Derogar la reforma educativa ser\u00eda un retroceso, afirman expertos"},"content":{"rendered":"<p>Derogar la reforma educativa aprobada en 2012 ser\u00eda un retroceso para M\u00e9xico, pues permitir\u00eda que el sindicato magisterial se apodere de la educaci\u00f3n y la calidad en las escuelas disminuir\u00eda, se\u00f1alaron especialistas consultados por EL UNIVERSAL.<\/p>\n<p>Este s\u00e1bado, el presidente Andr\u00e9s Manuel L\u00f3pez Obrador, indic\u00f3 que si su gobierno no llega a un acuerdo con la Coordinadora Nacional de Trabajadores de la Educaci\u00f3n (CNTE) por la reforma educativa, cancelar\u00eda las normas propuestas por \u00e9l y las implementadas por Enrique Pe\u00f1a Nieto.<\/p>\n<p>Expertos criticaron esa postura, al argumentar que representar\u00eda un retroceso para la educaci\u00f3n de M\u00e9xico, adem\u00e1s de que es una medida que no se puede tomar por decreto presidencial.<\/p>\n<p>\u201cCon esa decisi\u00f3n el sector educativo volver\u00eda a quedar en manos del sindicato. Todo lo que tiene que ver con distribuci\u00f3n de las plazas, la promoci\u00f3n de profesores en el escalaf\u00f3n docente y los cambios de planteles. Tambi\u00e9n se eliminar\u00eda la posibilidad de contar con los mejores maestros, asegurando esto a trav\u00e9s de las evaluaciones\u201d, se\u00f1al\u00f3 Roberto Rodr\u00edguez G\u00f3mez, investigador del Instituto de Investigaciones Sociales de la UNAM.<\/p>\n<p>El especialista en temas educativos a\u00f1adi\u00f3 que \u201cpara derogar la reforma se necesita modificar la Constituci\u00f3n, pero no se puede realizar esa acci\u00f3n por voluntad presidencial sin pasar por los \u00f3rganos legislativos, es decir, las C\u00e1maras de Diputados, Senadores y las Legislaturas de los estados\u201d.<\/p>\n<p>En este punto estuvo de acuerdo Marco Fern\u00e1ndez, de la organizaci\u00f3n M\u00e9xico Eval\u00faa, quien tambi\u00e9n a\u00f1adi\u00f3 que la propuesta \u201ces una contradicci\u00f3n con lo que ha dicho el Presidente sobre su desacuerdo con las pr\u00e1cticas de herencia y venta de plazas. Justo el marco jur\u00eddico que permiti\u00f3 esas malas pr\u00e1cticas era el previo a 2013\u201d.<\/p>\n<p>Seg\u00fan el especialista, los concursos para el ingreso y promoci\u00f3n en el servicio profesional docente impidieron que el sindicato magisterial continuara con la venta de plazas.<\/p>\n<p>Carlos Ornelas, investigador de la UAM, dijo que \u201cla parte m\u00e1s negativa de la propuesta del Presidente es que de nueva cuenta el sindicato podr\u00eda colonizar la educaci\u00f3n b\u00e1sica, es decir, tendr\u00eda una capacidad de negociaci\u00f3n muy fuerte a escala local y ning\u00fan gobernador tendr\u00eda poder para enfrentarlos\u201d.<\/p>\n<p>Alma Maldonado, doctora en Educaci\u00f3n Superior e investigadora del Cinvestav, a\u00f1adi\u00f3 que lo m\u00e1s preocupante del plan de L\u00f3pez Obrador ser\u00eda la eliminaci\u00f3n del Instituto Nacional para la Evaluaci\u00f3n de la Educaci\u00f3n (INEE), \u201cporque genera informaci\u00f3n vital sobre el sector educativo\u201d.<\/p>\n","protected":false},"excerpt":{"rendered":"<p>Derogar la reforma educativa aprobada en 2012 ser\u00eda un retroceso para M\u00e9xico, pues permitir\u00eda que el sindicato magisterial se apodere&#8230;<\/p>\n","protected":false},"author":1,"featured_media":0,"comment_status":"open","ping_status":"closed","sticky":false,"template":"","format":"standard","meta":{"footnotes":""},"categories":[91,2835,6026,73],"tags":[7627,77,3658],"class_list":["post-112417","post","type-post","status-publish","format-standard","hentry","category-cdmx","category-ciudad-de-mexico","category-portada","category-principal","tag-derogacion","tag-principal","tag-reforma-politica"],"yoast_head":"<!-- This site is optimized with the Yoast SEO plugin v26.5 - https:\/\/yoast.com\/wordpress\/plugins\/seo\/ -->\n<title>Derogar la reforma educativa ser\u00eda un retroceso, afirman expertos - NOTICIAS<\/title>\n<meta name=\"robots\" content=\"index, follow, max-snippet:-1, max-image-preview:large, max-video-preview:-1\" \/>\n<link rel=\"canonical\" href=\"https:\/\/laredsocial-noticias.com\/wp\/derogar-la-reforma-educativa-seria-un-retroceso-afirman-expertos\/\" \/>\n<meta property=\"og:locale\" content=\"es_ES\" \/>\n<meta property=\"og:type\" content=\"article\" \/>\n<meta property=\"og:title\" content=\"Derogar la reforma educativa ser\u00eda un retroceso, afirman expertos - NOTICIAS\" \/>\n<meta property=\"og:description\" content=\"Derogar la reforma educativa aprobada en 2012 ser\u00eda un retroceso para M\u00e9xico, pues permitir\u00eda que el sindicato magisterial se apodere...\" \/>\n<meta property=\"og:url\" content=\"https:\/\/laredsocial-noticias.com\/wp\/derogar-la-reforma-educativa-seria-un-retroceso-afirman-expertos\/\" \/>\n<meta property=\"og:site_name\" content=\"NOTICIAS\" \/>\n<meta property=\"article:published_time\" content=\"2019-04-15T01:16:09+00:00\" \/>\n<meta property=\"article:modified_time\" content=\"2019-04-15T01:16:29+00:00\" \/>\n<meta name=\"author\" content=\"Editor en Jefe\" \/>\n<meta name=\"twitter:card\" content=\"summary_large_image\" \/>\n<meta name=\"twitter:label1\" content=\"Escrito por\" \/>\n\t<meta name=\"twitter:data1\" content=\"Editor en Jefe\" \/>\n\t<meta name=\"twitter:label2\" content=\"Tiempo de lectura\" \/>\n\t<meta name=\"twitter:data2\" content=\"2 minutos\" \/>\n<!-- \/ Yoast SEO plugin. -->","yoast_head_json":{"title":"Derogar la reforma educativa ser\u00eda un retroceso, afirman expertos - NOTICIAS","robots":{"index":"index","follow":"follow","max-snippet":"max-snippet:-1","max-image-preview":"max-image-preview:large","max-video-preview":"max-video-preview:-1"},"canonical":"https:\/\/laredsocial-noticias.com\/wp\/derogar-la-reforma-educativa-seria-un-retroceso-afirman-expertos\/","og_locale":"es_ES","og_type":"article","og_title":"Derogar la reforma educativa ser\u00eda un retroceso, afirman expertos - NOTICIAS","og_description":"Derogar la reforma educativa aprobada en 2012 ser\u00eda un retroceso para M\u00e9xico, pues permitir\u00eda que el sindicato magisterial se apodere...","og_url":"https:\/\/laredsocial-noticias.com\/wp\/derogar-la-reforma-educativa-seria-un-retroceso-afirman-expertos\/","og_site_name":"NOTICIAS","article_published_time":"2019-04-15T01:16:09+00:00","article_modified_time":"2019-04-15T01:16:29+00:00","author":"Editor en Jefe","twitter_card":"summary_large_image","twitter_misc":{"Escrito por":"Editor en Jefe","Tiempo de lectura":"2 minutos"},"schema":{"@context":"https:\/\/schema.org","@graph":[{"@type":"WebPage","@id":"https:\/\/laredsocial-noticias.com\/wp\/derogar-la-reforma-educativa-seria-un-retroceso-afirman-expertos\/","url":"https:\/\/laredsocial-noticias.com\/wp\/derogar-la-reforma-educativa-seria-un-retroceso-afirman-expertos\/","name":"Derogar la reforma educativa ser\u00eda un retroceso, afirman expertos - NOTICIAS","isPartOf":{"@id":"https:\/\/laredsocial-noticias.com\/wp\/#website"},"datePublished":"2019-04-15T01:16:09+00:00","dateModified":"2019-04-15T01:16:29+00:00","author":{"@id":"https:\/\/laredsocial-noticias.com\/wp\/#\/schema\/person\/0ce78643f2de7aae6f6ef10e8453a6e0"},"breadcrumb":{"@id":"https:\/\/laredsocial-noticias.com\/wp\/derogar-la-reforma-educativa-seria-un-retroceso-afirman-expertos\/#breadcrumb"},"inLanguage":"es","potentialAction":[{"@type":"ReadAction","target":["https:\/\/laredsocial-noticias.com\/wp\/derogar-la-reforma-educativa-seria-un-retroceso-afirman-expertos\/"]}]},{"@type":"BreadcrumbList","@id":"https:\/\/laredsocial-noticias.com\/wp\/derogar-la-reforma-educativa-seria-un-retroceso-afirman-expertos\/#breadcrumb","itemListElement":[{"@type":"ListItem","position":1,"name":"Portada","item":"https:\/\/laredsocial-noticias.com\/wp\/"},{"@type":"ListItem","position":2,"name":"Derogar la reforma educativa ser\u00eda un retroceso, afirman expertos"}]},{"@type":"WebSite","@id":"https:\/\/laredsocial-noticias.com\/wp\/#website","url":"https:\/\/laredsocial-noticias.com\/wp\/","name":"NOTICIAS","description":"Lo que se ve y se dice en las redes sociales","potentialAction":[{"@type":"SearchAction","target":{"@type":"EntryPoint","urlTemplate":"https:\/\/laredsocial-noticias.com\/wp\/?s={search_term_string}"},"query-input":{"@type":"PropertyValueSpecification","valueRequired":true,"valueName":"search_term_string"}}],"inLanguage":"es"},{"@type":"Person","@id":"https:\/\/laredsocial-noticias.com\/wp\/#\/schema\/person\/0ce78643f2de7aae6f6ef10e8453a6e0","name":"Editor en Jefe","url":"https:\/\/laredsocial-noticias.com\/wp\/author\/jorgeochoa\/"}]}},"_links":{"self":[{"href":"https:\/\/laredsocial-noticias.com\/wp\/wp-json\/wp\/v2\/posts\/112417","targetHints":{"allow":["GET"]}}],"collection":[{"href":"https:\/\/laredsocial-noticias.com\/wp\/wp-json\/wp\/v2\/posts"}],"about":[{"href":"https:\/\/laredsocial-noticias.com\/wp\/wp-json\/wp\/v2\/types\/post"}],"author":[{"embeddable":true,"href":"https:\/\/laredsocial-noticias.com\/wp\/wp-json\/wp\/v2\/users\/1"}],"replies":[{"embeddable":true,"href":"https:\/\/laredsocial-noticias.com\/wp\/wp-json\/wp\/v2\/comments?post=112417"}],"version-history":[{"count":1,"href":"https:\/\/laredsocial-noticias.com\/wp\/wp-json\/wp\/v2\/posts\/112417\/revisions"}],"predecessor-version":[{"id":112418,"href":"https:\/\/laredsocial-noticias.com\/wp\/wp-json\/wp\/v2\/posts\/112417\/revisions\/112418"}],"wp:attachment":[{"href":"https:\/\/laredsocial-noticias.com\/wp\/wp-json\/wp\/v2\/media?parent=112417"}],"wp:term":[{"taxonomy":"category","embeddable":true,"href":"https:\/\/laredsocial-noticias.com\/wp\/wp-json\/wp\/v2\/categories?post=112417"},{"taxonomy":"post_tag","embeddable":true,"href":"https:\/\/laredsocial-noticias.com\/wp\/wp-json\/wp\/v2\/tags?post=112417"}],"curies":[{"name":"wp","href":"https:\/\/api.w.org\/{rel}","templated":true}]}}