{"id":11255,"date":"2016-05-31T08:45:09","date_gmt":"2016-05-31T13:45:09","guid":{"rendered":"http:\/\/laredsocial-noticias.com\/wp\/?p=11255"},"modified":"2016-05-31T08:45:09","modified_gmt":"2016-05-31T13:45:09","slug":"redes-sociales-ya-rebasan-a-periodicos-como-medio-de-comunicacion","status":"publish","type":"post","link":"https:\/\/laredsocial-noticias.com\/wp\/redes-sociales-ya-rebasan-a-periodicos-como-medio-de-comunicacion\/","title":{"rendered":"Redes Sociales ya rebasan a peri\u00f3dicos como medio de comunicaci\u00f3n"},"content":{"rendered":"<p><img loading=\"lazy\" decoding=\"async\" class=\"alignright size-full wp-image-11256\" src=\"http:\/\/laredsocial-noticias.com\/wp\/wp-content\/uploads\/2016\/05\/CESOP2.png\" alt=\"CESOP2\" width=\"600\" height=\"223\" data-wp-pid=\"11256\" \/><\/p>\n<p>De acuerdo con una encuesta levantada por el Centro de Estudios Sociales y de Opini\u00f3n P\u00fablica de la C\u00e1mara de Diputados, un 92% de encuestados considera que las redes sociales facilitan enterarse de lo que sucede en el pa\u00eds.<\/p>\n<p>Para mantenerse informado 42.2% utiliza la televisi\u00f3n, 20% Internet, 14.4% las redes sociales, 11.6% utiliza los peri\u00f3dicos y 9.9% la radio. 62.1% de los ciudadanos conf\u00eda poco o nada en la informaci\u00f3n que maneja la televisi\u00f3n, as\u00ed como 59.3% conf\u00edan poco o nada en la informaci\u00f3n de la radio.<\/p>\n<p>El 45.6% de los encuestados considera que con el simple hecho de mostrar un video, audio o fotograf\u00eda en internet es suficiente para que las autoridades act\u00faen como si se hiciera una denuncia formal, sin embargo el 48.9% considera que no es suficiente.<\/p>\n<p>El 67% de la poblaci\u00f3n est\u00e1 a favor de que se grabe un video y se exhiba en internet cuando un ciudadano incurra en alguna falta o delito, as\u00ed mismo 72% est\u00e1 de acuerdo en que se grave y se exhiba a una autoridad que abuse de su poder.<\/p>\n<p>86.4% de los encuestados considera que las redes sociales incrementan la participaci\u00f3n ciudadana y creen que las autoridades deben atender las denuncias de ciudadanos que se realizan v\u00eda redes sociales e internet.<\/p>\n<p>La encuesta muestra que 84% de la poblaci\u00f3n sabe que es una red social y sabe o ha o\u00eddo hablar de alguna en espec\u00edfico. La red social m\u00e1s conocida por los ciudadanos fue Facebook con 85.92% de menciones, seguida de Twitter con 55.25% e Instagram con 48.58%.<\/p>\n<p>La investigaci\u00f3n identific\u00f3 que algunas aplicaciones de mensajer\u00eda instant\u00e1nea (Chat) son consideradas como redes sociales, registrando Whats app con 46.52% de menciones entre los ciudadanos. Del 64.5% de los usuarios de alguna red social, 97.5% usan Facebook, 76% Instagram y 52.3% Twitter, as\u00ed como 56.17% mencionaron usar Whatsapp.<\/p>\n<p>El 46.8% de los encuestados opinan que el contenido de las redes sociales es utilizado para compartir con familiares y amigos, 11.8% consider\u00f3 que es para informar sobre acontecimientos y 7.7% para publicidad, destacando que 26% considera que el contenido de las redes sociales es utilizado para todas las anteriores.<\/p>\n<p>La encuesta realizada por el CESOP muestra que 40% de los entrevistados manifestaron que las redes sociales fortalecen la comunicaci\u00f3n con la familia, contrastando con 40% que consideran que la debilitan. Resalta que 72.8% de los encuestados opina que las redes sociales fortalecen la libertad de expresi\u00f3n, as\u00ed como 62.22% considera que fortalecen la participaci\u00f3n social y movilizaciones.<\/p>\n<p>El estudio evidencia que m\u00e1s del 90% de los entrevistados consideran que el uso de las redes sociales podr\u00eda provocar adicci\u00f3n o distracciones que afectan la vida cotidiana. Adem\u00e1s, 82.9% de los encuestados considera que la informaci\u00f3n en las redes sociales no se encuentra segura. M\u00e1s del 90% de los\u00a0 entrevistados consideraron que los mayores peligros en las redes sociales son mostrar informaci\u00f3n personal, platicar con gente extra\u00f1a, tener citas con gente desconocida, mostrar ubicaci\u00f3n en todo momento y publicar fotograf\u00edas familiares (89.4%).<\/p>\n<p>73.9% de los ciudadanos saben o han escuchado que en las redes sociales se comparte contenido discriminatorio. 72.4% de la muestra conoce o ha escuchado hablar del Cyberbullying o del Cyberstalking. M\u00e1s de 45% de los encuestados conoce o sabe de alguien que ha sido insultado, humillado, difamado o exhibido, destacando que uno de cada cuatro usuarios de redes sociales han sido acosados.<\/p>\n<p>38.4% de los encuestados consideraron que las mujeres tienen la mayor probabilidad de ser v\u00edctimas del mal uso de las redes sociales, y 25% consider\u00f3 que los hombres son quienes tienen mayor probabilidad de hacer mal uso de estos medios. 70% de la muestra considera que con una regulaci\u00f3n de las redes sociales disminuir\u00eda el \u00edndice de delitos que se comenten utilizando estos medios. 65.6% de los entrevistados est\u00e1 de acuerdo con que las autoridades puedan utilizar conversaciones privadas en redes sociales como evidencia ante alg\u00fan delito.<\/p>\n<p>&nbsp;<\/p>\n<p>&nbsp;<\/p>\n","protected":false},"excerpt":{"rendered":"<p>De acuerdo con una encuesta levantada por el Centro de Estudios Sociales y de Opini\u00f3n P\u00fablica de la C\u00e1mara de&#8230;<\/p>\n","protected":false},"author":1,"featured_media":0,"comment_status":"open","ping_status":"open","sticky":false,"template":"","format":"standard","meta":{"footnotes":""},"categories":[1207,946],"tags":[],"class_list":["post-11255","post","type-post","status-publish","format-standard","hentry","category-camara-de-diputados","category-cultura-y-entretenimiento"],"yoast_head":"<!-- This site is optimized with the Yoast SEO plugin v26.5 - https:\/\/yoast.com\/wordpress\/plugins\/seo\/ -->\n<title>Redes Sociales ya rebasan a peri\u00f3dicos como medio de comunicaci\u00f3n - NOTICIAS<\/title>\n<meta name=\"robots\" content=\"index, follow, max-snippet:-1, max-image-preview:large, max-video-preview:-1\" \/>\n<link rel=\"canonical\" href=\"https:\/\/laredsocial-noticias.com\/wp\/redes-sociales-ya-rebasan-a-periodicos-como-medio-de-comunicacion\/\" \/>\n<meta property=\"og:locale\" content=\"es_ES\" \/>\n<meta property=\"og:type\" content=\"article\" \/>\n<meta property=\"og:title\" content=\"Redes Sociales ya rebasan a peri\u00f3dicos como medio de comunicaci\u00f3n - NOTICIAS\" \/>\n<meta property=\"og:description\" content=\"De acuerdo con una encuesta levantada por el Centro de Estudios Sociales y de Opini\u00f3n P\u00fablica de la C\u00e1mara de...\" \/>\n<meta property=\"og:url\" content=\"https:\/\/laredsocial-noticias.com\/wp\/redes-sociales-ya-rebasan-a-periodicos-como-medio-de-comunicacion\/\" \/>\n<meta property=\"og:site_name\" content=\"NOTICIAS\" \/>\n<meta property=\"article:published_time\" content=\"2016-05-31T13:45:09+00:00\" \/>\n<meta property=\"og:image\" content=\"http:\/\/laredsocial-noticias.com\/wp\/wp-content\/uploads\/2016\/05\/CESOP2.png\" \/>\n<meta name=\"author\" content=\"Editor en Jefe\" \/>\n<meta name=\"twitter:card\" content=\"summary_large_image\" \/>\n<meta name=\"twitter:label1\" content=\"Escrito por\" \/>\n\t<meta name=\"twitter:data1\" content=\"Editor en Jefe\" \/>\n\t<meta name=\"twitter:label2\" content=\"Tiempo de lectura\" \/>\n\t<meta name=\"twitter:data2\" content=\"3 minutos\" \/>\n<!-- \/ Yoast SEO plugin. -->","yoast_head_json":{"title":"Redes Sociales ya rebasan a peri\u00f3dicos como medio de comunicaci\u00f3n - NOTICIAS","robots":{"index":"index","follow":"follow","max-snippet":"max-snippet:-1","max-image-preview":"max-image-preview:large","max-video-preview":"max-video-preview:-1"},"canonical":"https:\/\/laredsocial-noticias.com\/wp\/redes-sociales-ya-rebasan-a-periodicos-como-medio-de-comunicacion\/","og_locale":"es_ES","og_type":"article","og_title":"Redes Sociales ya rebasan a peri\u00f3dicos como medio de comunicaci\u00f3n - NOTICIAS","og_description":"De acuerdo con una encuesta levantada por el Centro de Estudios Sociales y de Opini\u00f3n P\u00fablica de la C\u00e1mara de...","og_url":"https:\/\/laredsocial-noticias.com\/wp\/redes-sociales-ya-rebasan-a-periodicos-como-medio-de-comunicacion\/","og_site_name":"NOTICIAS","article_published_time":"2016-05-31T13:45:09+00:00","og_image":[{"url":"http:\/\/laredsocial-noticias.com\/wp\/wp-content\/uploads\/2016\/05\/CESOP2.png","type":"","width":"","height":""}],"author":"Editor en Jefe","twitter_card":"summary_large_image","twitter_misc":{"Escrito por":"Editor en Jefe","Tiempo de lectura":"3 minutos"},"schema":{"@context":"https:\/\/schema.org","@graph":[{"@type":"WebPage","@id":"https:\/\/laredsocial-noticias.com\/wp\/redes-sociales-ya-rebasan-a-periodicos-como-medio-de-comunicacion\/","url":"https:\/\/laredsocial-noticias.com\/wp\/redes-sociales-ya-rebasan-a-periodicos-como-medio-de-comunicacion\/","name":"Redes Sociales ya rebasan a peri\u00f3dicos como medio de comunicaci\u00f3n - NOTICIAS","isPartOf":{"@id":"https:\/\/laredsocial-noticias.com\/wp\/#website"},"primaryImageOfPage":{"@id":"https:\/\/laredsocial-noticias.com\/wp\/redes-sociales-ya-rebasan-a-periodicos-como-medio-de-comunicacion\/#primaryimage"},"image":{"@id":"https:\/\/laredsocial-noticias.com\/wp\/redes-sociales-ya-rebasan-a-periodicos-como-medio-de-comunicacion\/#primaryimage"},"thumbnailUrl":"http:\/\/laredsocial-noticias.com\/wp\/wp-content\/uploads\/2016\/05\/CESOP2.png","datePublished":"2016-05-31T13:45:09+00:00","author":{"@id":"https:\/\/laredsocial-noticias.com\/wp\/#\/schema\/person\/0ce78643f2de7aae6f6ef10e8453a6e0"},"breadcrumb":{"@id":"https:\/\/laredsocial-noticias.com\/wp\/redes-sociales-ya-rebasan-a-periodicos-como-medio-de-comunicacion\/#breadcrumb"},"inLanguage":"es","potentialAction":[{"@type":"ReadAction","target":["https:\/\/laredsocial-noticias.com\/wp\/redes-sociales-ya-rebasan-a-periodicos-como-medio-de-comunicacion\/"]}]},{"@type":"ImageObject","inLanguage":"es","@id":"https:\/\/laredsocial-noticias.com\/wp\/redes-sociales-ya-rebasan-a-periodicos-como-medio-de-comunicacion\/#primaryimage","url":"http:\/\/laredsocial-noticias.com\/wp\/wp-content\/uploads\/2016\/05\/CESOP2.png","contentUrl":"http:\/\/laredsocial-noticias.com\/wp\/wp-content\/uploads\/2016\/05\/CESOP2.png"},{"@type":"BreadcrumbList","@id":"https:\/\/laredsocial-noticias.com\/wp\/redes-sociales-ya-rebasan-a-periodicos-como-medio-de-comunicacion\/#breadcrumb","itemListElement":[{"@type":"ListItem","position":1,"name":"Portada","item":"https:\/\/laredsocial-noticias.com\/wp\/"},{"@type":"ListItem","position":2,"name":"Redes Sociales ya rebasan a peri\u00f3dicos como medio de comunicaci\u00f3n"}]},{"@type":"WebSite","@id":"https:\/\/laredsocial-noticias.com\/wp\/#website","url":"https:\/\/laredsocial-noticias.com\/wp\/","name":"NOTICIAS","description":"Lo que se ve y se dice en las redes sociales","potentialAction":[{"@type":"SearchAction","target":{"@type":"EntryPoint","urlTemplate":"https:\/\/laredsocial-noticias.com\/wp\/?s={search_term_string}"},"query-input":{"@type":"PropertyValueSpecification","valueRequired":true,"valueName":"search_term_string"}}],"inLanguage":"es"},{"@type":"Person","@id":"https:\/\/laredsocial-noticias.com\/wp\/#\/schema\/person\/0ce78643f2de7aae6f6ef10e8453a6e0","name":"Editor en Jefe","url":"https:\/\/laredsocial-noticias.com\/wp\/author\/jorgeochoa\/"}]}},"_links":{"self":[{"href":"https:\/\/laredsocial-noticias.com\/wp\/wp-json\/wp\/v2\/posts\/11255","targetHints":{"allow":["GET"]}}],"collection":[{"href":"https:\/\/laredsocial-noticias.com\/wp\/wp-json\/wp\/v2\/posts"}],"about":[{"href":"https:\/\/laredsocial-noticias.com\/wp\/wp-json\/wp\/v2\/types\/post"}],"author":[{"embeddable":true,"href":"https:\/\/laredsocial-noticias.com\/wp\/wp-json\/wp\/v2\/users\/1"}],"replies":[{"embeddable":true,"href":"https:\/\/laredsocial-noticias.com\/wp\/wp-json\/wp\/v2\/comments?post=11255"}],"version-history":[{"count":1,"href":"https:\/\/laredsocial-noticias.com\/wp\/wp-json\/wp\/v2\/posts\/11255\/revisions"}],"predecessor-version":[{"id":11257,"href":"https:\/\/laredsocial-noticias.com\/wp\/wp-json\/wp\/v2\/posts\/11255\/revisions\/11257"}],"wp:attachment":[{"href":"https:\/\/laredsocial-noticias.com\/wp\/wp-json\/wp\/v2\/media?parent=11255"}],"wp:term":[{"taxonomy":"category","embeddable":true,"href":"https:\/\/laredsocial-noticias.com\/wp\/wp-json\/wp\/v2\/categories?post=11255"},{"taxonomy":"post_tag","embeddable":true,"href":"https:\/\/laredsocial-noticias.com\/wp\/wp-json\/wp\/v2\/tags?post=11255"}],"curies":[{"name":"wp","href":"https:\/\/api.w.org\/{rel}","templated":true}]}}