{"id":112550,"date":"2019-04-17T07:01:21","date_gmt":"2019-04-17T12:01:21","guid":{"rendered":"http:\/\/laredsocial-noticias.com\/wp\/?p=112550"},"modified":"2019-04-16T23:04:11","modified_gmt":"2019-04-17T04:04:11","slug":"usas-lentes-de-contacto-aqui-algunos-consejos-para-cuidarlos-en-vacaciones","status":"publish","type":"post","link":"https:\/\/laredsocial-noticias.com\/wp\/usas-lentes-de-contacto-aqui-algunos-consejos-para-cuidarlos-en-vacaciones\/","title":{"rendered":"\u00bfUsas lentes de contacto? Aqu\u00ed algunos consejos para cuidarlos en vacaciones"},"content":{"rendered":"<p><em><strong>\u2022 La oxigenaci\u00f3n, limpieza y cambio de estuche son fundamentales. <\/strong><\/em><br \/>\n<em><strong>\u2022 Los lentes de contacto de reemplazo diario son ideales cuando estas de vacaciones.<\/strong><\/em><\/p>\n<p>Se acercan las fechas de vacaciones y con \u00e9stas se aumenta el n\u00famero de visitas a playas y a locaciones con climas c\u00e1lidos. Planificar el viaje es clave para no llevarse sorpresas desagradables esto tambi\u00e9n aplica para la salud visual.<\/p>\n<p>Como todos sabemos, una de las ventajas de los lentes de contacto es que son m\u00e1s c\u00f3modos que los lentes de armaz\u00f3n y no limitan el campo de visi\u00f3n. Esto, sin duda, es muy importante mientras estamos de vacaciones, ya que, mientras nos divertimos, los anteojos pueden perderse o romperse, por otro lado, queremos usar nuestros lentes antisolares, pero continuar viendo claramente.<\/p>\n<p>Por lo tanto, Alcon, empresa l\u00edder en el cuidado visual, te comparte algunas sugerencias para el cuidado y buen uso de lentes de contacto en vacaciones:<\/p>\n<p>\u2022 Verificar el grado de oxigenaci\u00f3n que tienen tus lentes de contacto. Actualmente existe una gran variedad de lentes de contacto, algunos permiten un gran paso de ox\u00edgeno a trav\u00e9s del lente hacia tu ojo, lo que permite una mejor salud de la c\u00f3rnea.<\/p>\n<p>\u2022 Aunque planifiquemos el viaje con anticipaci\u00f3n, no estamos exentos de descuidos y podr\u00edamos olvidar la soluci\u00f3n para limpieza y desinfecci\u00f3n de nuestros lentes de contacto. Ante ello, hoy existe una buena alternativa: los lentes de contacto de reemplazo diario, pues estos no requieren el uso de soluciones para su limpieza ya que se usan y se desechan diariamente. ii<\/p>\n<p>\u2022 Sabemos que en lugares donde hay agua, existen microorganismos, por lo que debemos ser cuidadosos si estamos usando lentes de contacto. Si entramos en alguna alberca o al mar, debemos recordar al salir retirarnos los lentes de contacto y colocarlos para desinfectarse (en caso de usar lentes de contacto de reemplazo mensual), o al salir del agua retirar los lentes y colocar un par nuevo (en caso de usar lentes de reemplazo diario); siguiendo esta importante recomendaci\u00f3n puedes prevenir que los lentes se contaminen con microorganismos y evitar riesgos para tus ojos. iii<\/p>\n<p>\u2022 El aseo es fundamental. Si usas lentes de contacto de reemplazo mensual, no olvides que cada vez que te retiras los lentes debes lavarlos frot\u00e1ndolos en la palma de tu mano por 10 segundo, enjuagarlos con la soluci\u00f3n recomendada por tu especialista y guardarlos en el estuche con suficiente soluci\u00f3n. Adicional a esto, cuando colocas tus lentes por la ma\u00f1ana, debes eliminar la soluci\u00f3n que qued\u00f3 en el estuche y lavar el estuche con usando jab\u00f3n neutro, enjuagando con suficiente agua y el \u00faltimo enjuague con la misma soluci\u00f3n para lentes de contacto. iv<\/p>\n<p>\u2022 A manera de prevenci\u00f3n, no est\u00e1 por dem\u00e1s llevar tus lentes de armaz\u00f3n, pero es recomendable hacer la transici\u00f3n a lentes de contacto, los cuales permiten un estilo de vida activo sin limitar la visi\u00f3n.<\/p>\n<p>Comprometido con mejorar las experiencias de los usuarios de lentes de contacto, Alcon, l\u00edder global en el cuidado visual, tiene un amplio portafolio de productos que se adaptan a diferentes necesidades.<\/p>\n<p>Si quieres saber m\u00e1s sobre lentes de contacto visita: www.airoptix.mx<\/p>\n","protected":false},"excerpt":{"rendered":"<p>\u2022 La oxigenaci\u00f3n, limpieza y cambio de estuche son fundamentales. \u2022 Los lentes de contacto de reemplazo diario son ideales&#8230;<\/p>\n","protected":false},"author":1,"featured_media":0,"comment_status":"open","ping_status":"closed","sticky":false,"template":"","format":"standard","meta":{"footnotes":""},"categories":[6026,73,2849,2776],"tags":[4959,7649,77,69],"class_list":["post-112550","post","type-post","status-publish","format-standard","hentry","category-portada","category-principal","category-salud","category-sociedad","tag-featured","tag-lentes-de-contacto","tag-principal","tag-salud"],"yoast_head":"<!-- This site is optimized with the Yoast SEO plugin v26.5 - https:\/\/yoast.com\/wordpress\/plugins\/seo\/ -->\n<title>\u00bfUsas lentes de contacto? Aqu\u00ed algunos consejos para cuidarlos en vacaciones - NOTICIAS<\/title>\n<meta name=\"robots\" content=\"index, follow, max-snippet:-1, max-image-preview:large, max-video-preview:-1\" \/>\n<link rel=\"canonical\" href=\"https:\/\/laredsocial-noticias.com\/wp\/usas-lentes-de-contacto-aqui-algunos-consejos-para-cuidarlos-en-vacaciones\/\" \/>\n<meta property=\"og:locale\" content=\"es_ES\" \/>\n<meta property=\"og:type\" content=\"article\" \/>\n<meta property=\"og:title\" content=\"\u00bfUsas lentes de contacto? Aqu\u00ed algunos consejos para cuidarlos en vacaciones - NOTICIAS\" \/>\n<meta property=\"og:description\" content=\"\u2022 La oxigenaci\u00f3n, limpieza y cambio de estuche son fundamentales. \u2022 Los lentes de contacto de reemplazo diario son ideales...\" \/>\n<meta property=\"og:url\" content=\"https:\/\/laredsocial-noticias.com\/wp\/usas-lentes-de-contacto-aqui-algunos-consejos-para-cuidarlos-en-vacaciones\/\" \/>\n<meta property=\"og:site_name\" content=\"NOTICIAS\" \/>\n<meta property=\"article:published_time\" content=\"2019-04-17T12:01:21+00:00\" \/>\n<meta name=\"author\" content=\"Editor en Jefe\" \/>\n<meta name=\"twitter:card\" content=\"summary_large_image\" \/>\n<meta name=\"twitter:label1\" content=\"Escrito por\" \/>\n\t<meta name=\"twitter:data1\" content=\"Editor en Jefe\" \/>\n\t<meta name=\"twitter:label2\" content=\"Tiempo de lectura\" \/>\n\t<meta name=\"twitter:data2\" content=\"3 minutos\" \/>\n<!-- \/ Yoast SEO plugin. -->","yoast_head_json":{"title":"\u00bfUsas lentes de contacto? Aqu\u00ed algunos consejos para cuidarlos en vacaciones - NOTICIAS","robots":{"index":"index","follow":"follow","max-snippet":"max-snippet:-1","max-image-preview":"max-image-preview:large","max-video-preview":"max-video-preview:-1"},"canonical":"https:\/\/laredsocial-noticias.com\/wp\/usas-lentes-de-contacto-aqui-algunos-consejos-para-cuidarlos-en-vacaciones\/","og_locale":"es_ES","og_type":"article","og_title":"\u00bfUsas lentes de contacto? Aqu\u00ed algunos consejos para cuidarlos en vacaciones - NOTICIAS","og_description":"\u2022 La oxigenaci\u00f3n, limpieza y cambio de estuche son fundamentales. \u2022 Los lentes de contacto de reemplazo diario son ideales...","og_url":"https:\/\/laredsocial-noticias.com\/wp\/usas-lentes-de-contacto-aqui-algunos-consejos-para-cuidarlos-en-vacaciones\/","og_site_name":"NOTICIAS","article_published_time":"2019-04-17T12:01:21+00:00","author":"Editor en Jefe","twitter_card":"summary_large_image","twitter_misc":{"Escrito por":"Editor en Jefe","Tiempo de lectura":"3 minutos"},"schema":{"@context":"https:\/\/schema.org","@graph":[{"@type":"WebPage","@id":"https:\/\/laredsocial-noticias.com\/wp\/usas-lentes-de-contacto-aqui-algunos-consejos-para-cuidarlos-en-vacaciones\/","url":"https:\/\/laredsocial-noticias.com\/wp\/usas-lentes-de-contacto-aqui-algunos-consejos-para-cuidarlos-en-vacaciones\/","name":"\u00bfUsas lentes de contacto? Aqu\u00ed algunos consejos para cuidarlos en vacaciones - NOTICIAS","isPartOf":{"@id":"https:\/\/laredsocial-noticias.com\/wp\/#website"},"datePublished":"2019-04-17T12:01:21+00:00","author":{"@id":"https:\/\/laredsocial-noticias.com\/wp\/#\/schema\/person\/0ce78643f2de7aae6f6ef10e8453a6e0"},"breadcrumb":{"@id":"https:\/\/laredsocial-noticias.com\/wp\/usas-lentes-de-contacto-aqui-algunos-consejos-para-cuidarlos-en-vacaciones\/#breadcrumb"},"inLanguage":"es","potentialAction":[{"@type":"ReadAction","target":["https:\/\/laredsocial-noticias.com\/wp\/usas-lentes-de-contacto-aqui-algunos-consejos-para-cuidarlos-en-vacaciones\/"]}]},{"@type":"BreadcrumbList","@id":"https:\/\/laredsocial-noticias.com\/wp\/usas-lentes-de-contacto-aqui-algunos-consejos-para-cuidarlos-en-vacaciones\/#breadcrumb","itemListElement":[{"@type":"ListItem","position":1,"name":"Portada","item":"https:\/\/laredsocial-noticias.com\/wp\/"},{"@type":"ListItem","position":2,"name":"\u00bfUsas lentes de contacto? Aqu\u00ed algunos consejos para cuidarlos en vacaciones"}]},{"@type":"WebSite","@id":"https:\/\/laredsocial-noticias.com\/wp\/#website","url":"https:\/\/laredsocial-noticias.com\/wp\/","name":"NOTICIAS","description":"Lo que se ve y se dice en las redes sociales","potentialAction":[{"@type":"SearchAction","target":{"@type":"EntryPoint","urlTemplate":"https:\/\/laredsocial-noticias.com\/wp\/?s={search_term_string}"},"query-input":{"@type":"PropertyValueSpecification","valueRequired":true,"valueName":"search_term_string"}}],"inLanguage":"es"},{"@type":"Person","@id":"https:\/\/laredsocial-noticias.com\/wp\/#\/schema\/person\/0ce78643f2de7aae6f6ef10e8453a6e0","name":"Editor en Jefe","url":"https:\/\/laredsocial-noticias.com\/wp\/author\/jorgeochoa\/"}]}},"_links":{"self":[{"href":"https:\/\/laredsocial-noticias.com\/wp\/wp-json\/wp\/v2\/posts\/112550","targetHints":{"allow":["GET"]}}],"collection":[{"href":"https:\/\/laredsocial-noticias.com\/wp\/wp-json\/wp\/v2\/posts"}],"about":[{"href":"https:\/\/laredsocial-noticias.com\/wp\/wp-json\/wp\/v2\/types\/post"}],"author":[{"embeddable":true,"href":"https:\/\/laredsocial-noticias.com\/wp\/wp-json\/wp\/v2\/users\/1"}],"replies":[{"embeddable":true,"href":"https:\/\/laredsocial-noticias.com\/wp\/wp-json\/wp\/v2\/comments?post=112550"}],"version-history":[{"count":1,"href":"https:\/\/laredsocial-noticias.com\/wp\/wp-json\/wp\/v2\/posts\/112550\/revisions"}],"predecessor-version":[{"id":112551,"href":"https:\/\/laredsocial-noticias.com\/wp\/wp-json\/wp\/v2\/posts\/112550\/revisions\/112551"}],"wp:attachment":[{"href":"https:\/\/laredsocial-noticias.com\/wp\/wp-json\/wp\/v2\/media?parent=112550"}],"wp:term":[{"taxonomy":"category","embeddable":true,"href":"https:\/\/laredsocial-noticias.com\/wp\/wp-json\/wp\/v2\/categories?post=112550"},{"taxonomy":"post_tag","embeddable":true,"href":"https:\/\/laredsocial-noticias.com\/wp\/wp-json\/wp\/v2\/tags?post=112550"}],"curies":[{"name":"wp","href":"https:\/\/api.w.org\/{rel}","templated":true}]}}