{"id":116263,"date":"2019-07-05T20:47:03","date_gmt":"2019-07-06T01:47:03","guid":{"rendered":"http:\/\/laredsocial-noticias.com\/wp\/?p=116263"},"modified":"2019-07-05T20:47:17","modified_gmt":"2019-07-06T01:47:17","slug":"en-proceso-de-retiro-los-anuncios-espectaculares-irregulares-de-la-cdmx","status":"publish","type":"post","link":"https:\/\/laredsocial-noticias.com\/wp\/en-proceso-de-retiro-los-anuncios-espectaculares-irregulares-de-la-cdmx\/","title":{"rendered":"En proceso de retiro, los anuncios espectaculares irregulares de la CDMX"},"content":{"rendered":"<p>La Jefa de Gobierno, Claudia Sheinbaum, inform\u00f3 que se llevan 40 procesos iniciados en el retiro de espectaculares que no tienen permisos y los que son de riesgos, para los cuales se habl\u00f3 con los due\u00f1os y est\u00e1n dispuestos a que se cambie la Ley, las Normas y el Reglamento por oras alternativas adem\u00e1s, de se emitir\u00e1 un Decreto sobre el tema.<br \/>\nAgreg\u00f3, que el GCDMX asignar\u00e1 un porcentaje de recursos para el retiro de espectaculares y anunci\u00f3 que \u201cYa no se dar\u00e1n m\u00e1s permisos para espectaculares a\u00e9reos como es el caso de las azoteas\u201d y prosigui\u00f3 \u201cPrimero debe de haber un procedimiento legal y luego el retiro de espectaculares\u201d.<br \/>\nTodo lo anterior ser\u00e1 en conjunto con el Instituto de Verificaci\u00f3n Administrativa, la Secretaria de Desarrollo Urbano y Vivienda y las 16 Alcald\u00edas, \u201cQuienes ya tienen atribuciones que la Constituci\u00f3n les da\u201d, finaliz\u00f3<\/p>\n","protected":false},"excerpt":{"rendered":"<p>La Jefa de Gobierno, Claudia Sheinbaum, inform\u00f3 que se llevan 40 procesos iniciados en el retiro de espectaculares que no&#8230;<\/p>\n","protected":false},"author":1,"featured_media":0,"comment_status":"open","ping_status":"closed","sticky":false,"template":"","format":"standard","meta":{"footnotes":""},"categories":[91,2835,6026,73],"tags":[8298,261,77],"class_list":["post-116263","post","type-post","status-publish","format-standard","hentry","category-cdmx","category-ciudad-de-mexico","category-portada","category-principal","tag-anuncio-espectaculares","tag-cdmx","tag-principal"],"yoast_head":"<!-- This site is optimized with the Yoast SEO plugin v26.5 - https:\/\/yoast.com\/wordpress\/plugins\/seo\/ -->\n<title>En proceso de retiro, los anuncios espectaculares irregulares de la CDMX - NOTICIAS<\/title>\n<meta name=\"robots\" content=\"index, follow, max-snippet:-1, max-image-preview:large, max-video-preview:-1\" \/>\n<link rel=\"canonical\" href=\"https:\/\/laredsocial-noticias.com\/wp\/en-proceso-de-retiro-los-anuncios-espectaculares-irregulares-de-la-cdmx\/\" \/>\n<meta property=\"og:locale\" content=\"es_ES\" \/>\n<meta property=\"og:type\" content=\"article\" \/>\n<meta property=\"og:title\" content=\"En proceso de retiro, los anuncios espectaculares irregulares de la CDMX - NOTICIAS\" \/>\n<meta property=\"og:description\" content=\"La Jefa de Gobierno, Claudia Sheinbaum, inform\u00f3 que se llevan 40 procesos iniciados en el retiro de espectaculares que no...\" \/>\n<meta property=\"og:url\" content=\"https:\/\/laredsocial-noticias.com\/wp\/en-proceso-de-retiro-los-anuncios-espectaculares-irregulares-de-la-cdmx\/\" \/>\n<meta property=\"og:site_name\" content=\"NOTICIAS\" \/>\n<meta property=\"article:published_time\" content=\"2019-07-06T01:47:03+00:00\" \/>\n<meta property=\"article:modified_time\" content=\"2019-07-06T01:47:17+00:00\" \/>\n<meta name=\"author\" content=\"Editor en Jefe\" \/>\n<meta name=\"twitter:card\" content=\"summary_large_image\" \/>\n<meta name=\"twitter:label1\" content=\"Escrito por\" \/>\n\t<meta name=\"twitter:data1\" content=\"Editor en Jefe\" \/>\n\t<meta name=\"twitter:label2\" content=\"Tiempo de lectura\" \/>\n\t<meta name=\"twitter:data2\" content=\"1 minuto\" \/>\n<!-- \/ Yoast SEO plugin. -->","yoast_head_json":{"title":"En proceso de retiro, los anuncios espectaculares irregulares de la CDMX - NOTICIAS","robots":{"index":"index","follow":"follow","max-snippet":"max-snippet:-1","max-image-preview":"max-image-preview:large","max-video-preview":"max-video-preview:-1"},"canonical":"https:\/\/laredsocial-noticias.com\/wp\/en-proceso-de-retiro-los-anuncios-espectaculares-irregulares-de-la-cdmx\/","og_locale":"es_ES","og_type":"article","og_title":"En proceso de retiro, los anuncios espectaculares irregulares de la CDMX - NOTICIAS","og_description":"La Jefa de Gobierno, Claudia Sheinbaum, inform\u00f3 que se llevan 40 procesos iniciados en el retiro de espectaculares que no...","og_url":"https:\/\/laredsocial-noticias.com\/wp\/en-proceso-de-retiro-los-anuncios-espectaculares-irregulares-de-la-cdmx\/","og_site_name":"NOTICIAS","article_published_time":"2019-07-06T01:47:03+00:00","article_modified_time":"2019-07-06T01:47:17+00:00","author":"Editor en Jefe","twitter_card":"summary_large_image","twitter_misc":{"Escrito por":"Editor en Jefe","Tiempo de lectura":"1 minuto"},"schema":{"@context":"https:\/\/schema.org","@graph":[{"@type":"WebPage","@id":"https:\/\/laredsocial-noticias.com\/wp\/en-proceso-de-retiro-los-anuncios-espectaculares-irregulares-de-la-cdmx\/","url":"https:\/\/laredsocial-noticias.com\/wp\/en-proceso-de-retiro-los-anuncios-espectaculares-irregulares-de-la-cdmx\/","name":"En proceso de retiro, los anuncios espectaculares irregulares de la CDMX - NOTICIAS","isPartOf":{"@id":"https:\/\/laredsocial-noticias.com\/wp\/#website"},"datePublished":"2019-07-06T01:47:03+00:00","dateModified":"2019-07-06T01:47:17+00:00","author":{"@id":"https:\/\/laredsocial-noticias.com\/wp\/#\/schema\/person\/0ce78643f2de7aae6f6ef10e8453a6e0"},"breadcrumb":{"@id":"https:\/\/laredsocial-noticias.com\/wp\/en-proceso-de-retiro-los-anuncios-espectaculares-irregulares-de-la-cdmx\/#breadcrumb"},"inLanguage":"es","potentialAction":[{"@type":"ReadAction","target":["https:\/\/laredsocial-noticias.com\/wp\/en-proceso-de-retiro-los-anuncios-espectaculares-irregulares-de-la-cdmx\/"]}]},{"@type":"BreadcrumbList","@id":"https:\/\/laredsocial-noticias.com\/wp\/en-proceso-de-retiro-los-anuncios-espectaculares-irregulares-de-la-cdmx\/#breadcrumb","itemListElement":[{"@type":"ListItem","position":1,"name":"Portada","item":"https:\/\/laredsocial-noticias.com\/wp\/"},{"@type":"ListItem","position":2,"name":"En proceso de retiro, los anuncios espectaculares irregulares de la CDMX"}]},{"@type":"WebSite","@id":"https:\/\/laredsocial-noticias.com\/wp\/#website","url":"https:\/\/laredsocial-noticias.com\/wp\/","name":"NOTICIAS","description":"Lo que se ve y se dice en las redes sociales","potentialAction":[{"@type":"SearchAction","target":{"@type":"EntryPoint","urlTemplate":"https:\/\/laredsocial-noticias.com\/wp\/?s={search_term_string}"},"query-input":{"@type":"PropertyValueSpecification","valueRequired":true,"valueName":"search_term_string"}}],"inLanguage":"es"},{"@type":"Person","@id":"https:\/\/laredsocial-noticias.com\/wp\/#\/schema\/person\/0ce78643f2de7aae6f6ef10e8453a6e0","name":"Editor en Jefe","url":"https:\/\/laredsocial-noticias.com\/wp\/author\/jorgeochoa\/"}]}},"_links":{"self":[{"href":"https:\/\/laredsocial-noticias.com\/wp\/wp-json\/wp\/v2\/posts\/116263","targetHints":{"allow":["GET"]}}],"collection":[{"href":"https:\/\/laredsocial-noticias.com\/wp\/wp-json\/wp\/v2\/posts"}],"about":[{"href":"https:\/\/laredsocial-noticias.com\/wp\/wp-json\/wp\/v2\/types\/post"}],"author":[{"embeddable":true,"href":"https:\/\/laredsocial-noticias.com\/wp\/wp-json\/wp\/v2\/users\/1"}],"replies":[{"embeddable":true,"href":"https:\/\/laredsocial-noticias.com\/wp\/wp-json\/wp\/v2\/comments?post=116263"}],"version-history":[{"count":1,"href":"https:\/\/laredsocial-noticias.com\/wp\/wp-json\/wp\/v2\/posts\/116263\/revisions"}],"predecessor-version":[{"id":116264,"href":"https:\/\/laredsocial-noticias.com\/wp\/wp-json\/wp\/v2\/posts\/116263\/revisions\/116264"}],"wp:attachment":[{"href":"https:\/\/laredsocial-noticias.com\/wp\/wp-json\/wp\/v2\/media?parent=116263"}],"wp:term":[{"taxonomy":"category","embeddable":true,"href":"https:\/\/laredsocial-noticias.com\/wp\/wp-json\/wp\/v2\/categories?post=116263"},{"taxonomy":"post_tag","embeddable":true,"href":"https:\/\/laredsocial-noticias.com\/wp\/wp-json\/wp\/v2\/tags?post=116263"}],"curies":[{"name":"wp","href":"https:\/\/api.w.org\/{rel}","templated":true}]}}