{"id":116634,"date":"2019-07-11T16:47:12","date_gmt":"2019-07-11T21:47:12","guid":{"rendered":"http:\/\/laredsocial-noticias.com\/wp\/?p=116634"},"modified":"2019-07-11T16:47:21","modified_gmt":"2019-07-11T21:47:21","slug":"arman-bloque-contra-ampliacion-de-mandato-en-bc","status":"publish","type":"post","link":"https:\/\/laredsocial-noticias.com\/wp\/arman-bloque-contra-ampliacion-de-mandato-en-bc\/","title":{"rendered":"Arman bloque contra ampliaci\u00f3n de mandato en BC"},"content":{"rendered":"<p>Las dirigencias nacionales del PRI, PAN, PRD y MC estudian ya presentar, en bloque, ante la Suprema Corte de Justicia de la Naci\u00f3n una acci\u00f3n de inconstitucionalidad, en contra de la reforma constitucional en el estado de Baja California, para prorrogar el periodo de la gubernatura de Jaime Bonilla, de Morena, de dos a cinco a\u00f1os.<\/p>\n<p>Los partidos anticiparon tambi\u00e9n que ya preparan la expulsi\u00f3n, y hasta juicios pol\u00edticos, en contra de alrededor de 17 de sus diputados locales que aprobaron la iniciativa propuesta por Morena, partido que, con s\u00f3lo tres curules de las 25 que conforman el Congreso del estado, impuso su voluntad.<\/p>\n<p>De los 12 legisladores de la mayor\u00eda del PAN en la C\u00e1mara de Diputados en la entidad, 11 apoyaron la reforma, cinco del PRI y uno de Movimiento Ciudadano. \u00c9ste \u00faltimo \u2013el \u00fanico que este partido tiene en el Congreso local\u2013 ya est\u00e1 en proceso de expulsi\u00f3n, anunci\u00f3 el dirigente nacional del partido, Clemente Casta\u00f1eda.<\/p>\n<p>Con 21 votos a favor y un voto nulo \u2013en una votaci\u00f3n secreta, por c\u00e9dula y en una urna\u2013 el Congreso del estado reform\u00f3 el Art\u00edculo Octavo Transitorio del Decreto 112 de la Constituci\u00f3n estatal, a fin de que la administraci\u00f3n del gobernador electo, Jaime Bonilla, abarque de noviembre de 2019 a octubre de 2024, y no s\u00f3lo hasta octubre de 2021, como se hab\u00eda establecido en la reforma constitucional de 2014.<\/p>\n<p>\u201cSe enviar\u00e1n a la Comisi\u00f3n de Orden para su expulsi\u00f3n a los panistas que votaron a favor de esta resoluci\u00f3n, ya que actuaron ilegalmente, en traici\u00f3n al partido, a sus principios y su doctrina\u201d, adelant\u00f3 el presidente de Acci\u00f3n Nacional, Marko Cort\u00e9s, y coment\u00f3 que el PAN y otros partidos presentar\u00e1n una acci\u00f3n de inconstitucionalidad ante la Suprema Corte de Justicia de la Naci\u00f3n, para \u201cechar atr\u00e1s esta resoluci\u00f3n del Congreso del estado\u201d.<\/p>\n<p>Aunque explicaron que a\u00fan revisan si presentar\u00e1n un solo recurso o cada quien el suyo, pero todos el mismo d\u00eda, en las dirigencias coincidieron en que \u201cla idea es hacer presi\u00f3n juntos\u201d.<\/p>\n<p>En el CEN del PRI se indic\u00f3 que \u201cse rechaza la actuaci\u00f3n de los diputados locales del PRI en la aprobaci\u00f3n de esta reforma\u201d, por lo que la Comisi\u00f3n Nacional de Justicia Partidaria y la Comisi\u00f3n Nacional de \u00c9tica \u201crevisar\u00e1n el tema y determinar\u00e1n las sanciones correspondientes\u201d.<\/p>\n<p>\u00c1ngel \u00c1vila, de la Direcci\u00f3n Nacional Extraordinaria del PRD \u2013partido con una sola diputada en el Congreso local, que vot\u00f3 en contra\u2013 indic\u00f3 que \u201ciremos juntos, porque los diputados de Morena s\u00f3lo buscan beneficiar al candidato electo, Jaime Bonilla\u201d, y afirm\u00f3 que solicitar\u00e1n \u201cjuicio pol\u00edtico contra todos los diputados que aprobaron las reformas\u201d.<\/p>\n<p>\u201cEs una verg\u00fcenza que se digan representantes ciudadanos, cuando son los primeros en infringir la Constituci\u00f3n y s\u00f3lo buscan beneficiar a Jaime Bonilla, a pesar de que tiene antecedentes de privatizar el agua en Baja California, beneficiando los intereses particulares de Estados Unidos\u201d.<\/p>\n<p>El l\u00edder nacional de Movimiento Ciudadano, Clemente Casta\u00f1eda, asegur\u00f3 que \u201caunque buscaremos ir todos los partidos, en MC ya iniciamos el proceso de expulsi\u00f3n del diputado que us\u00f3 nuestro nombre\u201d (Job Montoya Gaxiola).<\/p>\n<p>\u201cEn nuestro partido no va a haber tolerancia para quienes traicionen nuestras convicciones, ni para quienes incurran en complicidades con el r\u00e9gimen, sea del color que sea. Es inaceptable el nivel de complicidad que se observ\u00f3 de parte de pr\u00e1cticamente todos los diputados locales\u201d, sostuvo.<\/p>\n","protected":false},"excerpt":{"rendered":"<p>Las dirigencias nacionales del PRI, PAN, PRD y MC estudian ya presentar, en bloque, ante la Suprema Corte de Justicia&#8230;<\/p>\n","protected":false},"author":1,"featured_media":0,"comment_status":"open","ping_status":"closed","sticky":false,"template":"","format":"standard","meta":{"footnotes":""},"categories":[78,2801,6026,73],"tags":[1938,4959,8370,608,77],"class_list":["post-116634","post","type-post","status-publish","format-standard","hentry","category-nacional","category-politica","category-portada","category-principal","tag-baja-california","tag-featured","tag-mandato-jaime-bonilla","tag-pan","tag-principal"],"yoast_head":"<!-- This site is optimized with the Yoast SEO plugin v26.5 - https:\/\/yoast.com\/wordpress\/plugins\/seo\/ -->\n<title>Arman bloque contra ampliaci\u00f3n de mandato en BC - NOTICIAS<\/title>\n<meta name=\"robots\" content=\"index, follow, max-snippet:-1, max-image-preview:large, max-video-preview:-1\" \/>\n<link rel=\"canonical\" href=\"https:\/\/laredsocial-noticias.com\/wp\/arman-bloque-contra-ampliacion-de-mandato-en-bc\/\" \/>\n<meta property=\"og:locale\" content=\"es_ES\" \/>\n<meta property=\"og:type\" content=\"article\" \/>\n<meta property=\"og:title\" content=\"Arman bloque contra ampliaci\u00f3n de mandato en BC - NOTICIAS\" \/>\n<meta property=\"og:description\" content=\"Las dirigencias nacionales del PRI, PAN, PRD y MC estudian ya presentar, en bloque, ante la Suprema Corte de Justicia...\" \/>\n<meta property=\"og:url\" content=\"https:\/\/laredsocial-noticias.com\/wp\/arman-bloque-contra-ampliacion-de-mandato-en-bc\/\" \/>\n<meta property=\"og:site_name\" content=\"NOTICIAS\" \/>\n<meta property=\"article:published_time\" content=\"2019-07-11T21:47:12+00:00\" \/>\n<meta property=\"article:modified_time\" content=\"2019-07-11T21:47:21+00:00\" \/>\n<meta name=\"author\" content=\"Editor en Jefe\" \/>\n<meta name=\"twitter:card\" content=\"summary_large_image\" \/>\n<meta name=\"twitter:label1\" content=\"Escrito por\" \/>\n\t<meta name=\"twitter:data1\" content=\"Editor en Jefe\" \/>\n\t<meta name=\"twitter:label2\" content=\"Tiempo de lectura\" \/>\n\t<meta name=\"twitter:data2\" content=\"3 minutos\" \/>\n<!-- \/ Yoast SEO plugin. -->","yoast_head_json":{"title":"Arman bloque contra ampliaci\u00f3n de mandato en BC - NOTICIAS","robots":{"index":"index","follow":"follow","max-snippet":"max-snippet:-1","max-image-preview":"max-image-preview:large","max-video-preview":"max-video-preview:-1"},"canonical":"https:\/\/laredsocial-noticias.com\/wp\/arman-bloque-contra-ampliacion-de-mandato-en-bc\/","og_locale":"es_ES","og_type":"article","og_title":"Arman bloque contra ampliaci\u00f3n de mandato en BC - NOTICIAS","og_description":"Las dirigencias nacionales del PRI, PAN, PRD y MC estudian ya presentar, en bloque, ante la Suprema Corte de Justicia...","og_url":"https:\/\/laredsocial-noticias.com\/wp\/arman-bloque-contra-ampliacion-de-mandato-en-bc\/","og_site_name":"NOTICIAS","article_published_time":"2019-07-11T21:47:12+00:00","article_modified_time":"2019-07-11T21:47:21+00:00","author":"Editor en Jefe","twitter_card":"summary_large_image","twitter_misc":{"Escrito por":"Editor en Jefe","Tiempo de lectura":"3 minutos"},"schema":{"@context":"https:\/\/schema.org","@graph":[{"@type":"WebPage","@id":"https:\/\/laredsocial-noticias.com\/wp\/arman-bloque-contra-ampliacion-de-mandato-en-bc\/","url":"https:\/\/laredsocial-noticias.com\/wp\/arman-bloque-contra-ampliacion-de-mandato-en-bc\/","name":"Arman bloque contra ampliaci\u00f3n de mandato en BC - NOTICIAS","isPartOf":{"@id":"https:\/\/laredsocial-noticias.com\/wp\/#website"},"datePublished":"2019-07-11T21:47:12+00:00","dateModified":"2019-07-11T21:47:21+00:00","author":{"@id":"https:\/\/laredsocial-noticias.com\/wp\/#\/schema\/person\/0ce78643f2de7aae6f6ef10e8453a6e0"},"breadcrumb":{"@id":"https:\/\/laredsocial-noticias.com\/wp\/arman-bloque-contra-ampliacion-de-mandato-en-bc\/#breadcrumb"},"inLanguage":"es","potentialAction":[{"@type":"ReadAction","target":["https:\/\/laredsocial-noticias.com\/wp\/arman-bloque-contra-ampliacion-de-mandato-en-bc\/"]}]},{"@type":"BreadcrumbList","@id":"https:\/\/laredsocial-noticias.com\/wp\/arman-bloque-contra-ampliacion-de-mandato-en-bc\/#breadcrumb","itemListElement":[{"@type":"ListItem","position":1,"name":"Portada","item":"https:\/\/laredsocial-noticias.com\/wp\/"},{"@type":"ListItem","position":2,"name":"Arman bloque contra ampliaci\u00f3n de mandato en BC"}]},{"@type":"WebSite","@id":"https:\/\/laredsocial-noticias.com\/wp\/#website","url":"https:\/\/laredsocial-noticias.com\/wp\/","name":"NOTICIAS","description":"Lo que se ve y se dice en las redes sociales","potentialAction":[{"@type":"SearchAction","target":{"@type":"EntryPoint","urlTemplate":"https:\/\/laredsocial-noticias.com\/wp\/?s={search_term_string}"},"query-input":{"@type":"PropertyValueSpecification","valueRequired":true,"valueName":"search_term_string"}}],"inLanguage":"es"},{"@type":"Person","@id":"https:\/\/laredsocial-noticias.com\/wp\/#\/schema\/person\/0ce78643f2de7aae6f6ef10e8453a6e0","name":"Editor en Jefe","url":"https:\/\/laredsocial-noticias.com\/wp\/author\/jorgeochoa\/"}]}},"_links":{"self":[{"href":"https:\/\/laredsocial-noticias.com\/wp\/wp-json\/wp\/v2\/posts\/116634","targetHints":{"allow":["GET"]}}],"collection":[{"href":"https:\/\/laredsocial-noticias.com\/wp\/wp-json\/wp\/v2\/posts"}],"about":[{"href":"https:\/\/laredsocial-noticias.com\/wp\/wp-json\/wp\/v2\/types\/post"}],"author":[{"embeddable":true,"href":"https:\/\/laredsocial-noticias.com\/wp\/wp-json\/wp\/v2\/users\/1"}],"replies":[{"embeddable":true,"href":"https:\/\/laredsocial-noticias.com\/wp\/wp-json\/wp\/v2\/comments?post=116634"}],"version-history":[{"count":0,"href":"https:\/\/laredsocial-noticias.com\/wp\/wp-json\/wp\/v2\/posts\/116634\/revisions"}],"wp:attachment":[{"href":"https:\/\/laredsocial-noticias.com\/wp\/wp-json\/wp\/v2\/media?parent=116634"}],"wp:term":[{"taxonomy":"category","embeddable":true,"href":"https:\/\/laredsocial-noticias.com\/wp\/wp-json\/wp\/v2\/categories?post=116634"},{"taxonomy":"post_tag","embeddable":true,"href":"https:\/\/laredsocial-noticias.com\/wp\/wp-json\/wp\/v2\/tags?post=116634"}],"curies":[{"name":"wp","href":"https:\/\/api.w.org\/{rel}","templated":true}]}}