{"id":117683,"date":"2019-07-27T14:04:06","date_gmt":"2019-07-27T19:04:06","guid":{"rendered":"http:\/\/laredsocial-noticias.com\/wp\/?p=117683"},"modified":"2019-07-27T14:04:27","modified_gmt":"2019-07-27T19:04:27","slug":"impondran-de-tres-a-quince-anos-de-carcel-a-quien-cometa-robo-de-medicamentos","status":"publish","type":"post","link":"https:\/\/laredsocial-noticias.com\/wp\/impondran-de-tres-a-quince-anos-de-carcel-a-quien-cometa-robo-de-medicamentos\/","title":{"rendered":"Impondr\u00e1n de tres a quince a\u00f1os de c\u00e1rcel a quien cometa robo de medicamentos"},"content":{"rendered":"<p>La Comisi\u00f3n de Justicia, presidida por la diputada Mar\u00eda del Pilar Ortega Mart\u00ednez, aprob\u00f3 un dictamen que agrega el art\u00edculo 368 sextus al C\u00f3digo Penal Federal, para establecer pena de tres a quince a\u00f1os de prisi\u00f3n y de quinientos a cuatro mil d\u00edas de multa, a quien cometa el delito de robo de medicamentos.<\/p>\n<p>Adem\u00e1s, si quien cometi\u00f3 el robo es un servidor p\u00fablico o los medicamentos robados pertenecen al sector p\u00fablico, se aumentar\u00e1 la pena hasta en una mitad y, en su caso, ameritar\u00e1 la destituci\u00f3n o suspensi\u00f3n de su cargo o comisi\u00f3n.<\/p>\n<p>El dictamen indica que se entender\u00e1n como medicamentos, los establecidos por la Ley General de Salud.<\/p>\n<p>La comisi\u00f3n refiri\u00f3 que el comercio ilegal es favorecido por una regulaci\u00f3n ineficiente, alentada por la impunidad que crea un entorno de corrupci\u00f3n, la falta de supervisi\u00f3n en los canales comerciales y una pena ambigua por la falta de existencia de un tipo penal espec\u00edfico.<\/p>\n<p>Tambi\u00e9n aval\u00f3 un dictamen que reforma el art\u00edculo 368 del C\u00f3digo Penal Federal, con el objetivo de equiparar como robo y se castigue como tal, la instalaci\u00f3n o disposici\u00f3n t\u00e9cnica de los mecanismos necesarios para el uso y disfrute de energ\u00eda el\u00e9ctrica.<\/p>\n<p>Lo anterior, cuando se realice sin derecho y sin consentimiento de la persona que legalmente pueda disponer de lo que se requiere para usar el servicio, como ya lo marca el c\u00f3digo.<\/p>\n<p>El documento indica que el robo de energ\u00eda el\u00e9ctrica ha proliferado a lo largo del pa\u00eds, lo que afecta los ingresos del Estado y la capacidad de impulsar el bienestar social.<\/p>\n<p>La magnitud del robo de energ\u00eda puede observarse a partir de los datos de p\u00e9rdidas no t\u00e9cnicas, reportadas por el Programa de Desarrollo del Sistema El\u00e9ctrico Nacional, que refiere que en 2017 las p\u00e9rdidas representaron un costo de 30 mil 325 millones de pesos para la Comisi\u00f3n Federal de Electricidad, que representa el 8 por ciento de la energ\u00eda el\u00e9ctrica distribuida en el \u00e1mbito nacional.<\/p>\n<p>El dictamen indica que las sanciones administrativas no han inhibido de manera adecuada el robo de electricidad. Adem\u00e1s, la legislaci\u00f3n penal no tipifica de manera espec\u00edfica la participaci\u00f3n en el robo de electricidad de funcionarios y personas relacionadas al sector el\u00e9ctrico.<\/p>\n<p>Por lo anterior, la reforma equipara al robo y se castigar\u00e1 como tal, la instalaci\u00f3n o disposici\u00f3n t\u00e9cnica de los mecanismos necesarios para el uso y disfrute de energ\u00eda el\u00e9ctrica, ya sea que por ello se obtenga o no un beneficio, cuando se realice sin derecho ni consentimiento de quien legalmente pueda disponer de lo requerido para usar el servicio.<\/p>\n<p>Tambi\u00e9n se sancionar\u00e1 permitir, aprobar o autorizar las conductas contenidas en la fracciones II y III del art\u00edculo 368 del C\u00f3digo Penal Federal, ya sea que por ello se obtenga o no un beneficio. Adem\u00e1s, cuando quien cometa los delitos previstos en las fracciones II, III y IV sea un servidor p\u00fablico, contratista, permisionario o persona involucrada en la industria el\u00e9ctrica, se aumentar\u00e1n hasta en una mitad las penas previstas por el art\u00edculo 370 del mismo c\u00f3digo.<\/p>\n<p>Un tercer dictamen aprobado adiciona un art\u00edculo 381 Quintus al C\u00f3digo Penal Federal, con el objetivo de imponer 15 a\u00f1os de prisi\u00f3n, a quien cometa el delito de abigeato. En la actualidad, la ley s\u00f3lo sanciona con 10 a\u00f1os.<\/p>\n<p>Adem\u00e1s, se equiparar\u00e1 al delito de abigeato y se sancionar\u00e1 con la misma pena, el sacrificio de ganado sin el consentimiento de quien legalmente pueda otorgarlo.<\/p>\n<p>La legalizaci\u00f3n por s\u00ed, o por interp\u00f3sita persona, de documentos que acrediten la propiedad del ganado, sin haber tomado las medidas indispensables para cerciorarse respecto de la procedencia leg\u00edtima de los animales.<\/p>\n<p>Se castigar\u00e1 tambi\u00e9n la expedici\u00f3n ilegal de la documentaci\u00f3n requerida para la movilizaci\u00f3n de ganado conforme con las leyes aplicables. As\u00ed como la autorizaci\u00f3n del sacrificio del ganado en rastros sin la acreditaci\u00f3n de su procedencia leg\u00edtima.<\/p>\n","protected":false},"excerpt":{"rendered":"<p>La Comisi\u00f3n de Justicia, presidida por la diputada Mar\u00eda del Pilar Ortega Mart\u00ednez, aprob\u00f3 un dictamen que agrega el art\u00edculo&#8230;<\/p>\n","protected":false},"author":1,"featured_media":0,"comment_status":"open","ping_status":"closed","sticky":false,"template":"","format":"standard","meta":{"footnotes":""},"categories":[7624,6026,73,2849],"tags":[8545,8544,77,1680],"class_list":["post-117683","post","type-post","status-publish","format-standard","hentry","category-camara-federal","category-portada","category-principal","category-salud","tag-castigos","tag-medicinas","tag-principal","tag-robo"],"yoast_head":"<!-- This site is optimized with the Yoast SEO plugin v26.5 - https:\/\/yoast.com\/wordpress\/plugins\/seo\/ -->\n<title>Impondr\u00e1n de tres a quince a\u00f1os de c\u00e1rcel a quien cometa robo de medicamentos - NOTICIAS<\/title>\n<meta name=\"robots\" content=\"index, follow, max-snippet:-1, max-image-preview:large, max-video-preview:-1\" \/>\n<link rel=\"canonical\" href=\"https:\/\/laredsocial-noticias.com\/wp\/impondran-de-tres-a-quince-anos-de-carcel-a-quien-cometa-robo-de-medicamentos\/\" \/>\n<meta property=\"og:locale\" content=\"es_ES\" \/>\n<meta property=\"og:type\" content=\"article\" \/>\n<meta property=\"og:title\" content=\"Impondr\u00e1n de tres a quince a\u00f1os de c\u00e1rcel a quien cometa robo de medicamentos - NOTICIAS\" \/>\n<meta property=\"og:description\" content=\"La Comisi\u00f3n de Justicia, presidida por la diputada Mar\u00eda del Pilar Ortega Mart\u00ednez, aprob\u00f3 un dictamen que agrega el art\u00edculo...\" \/>\n<meta property=\"og:url\" content=\"https:\/\/laredsocial-noticias.com\/wp\/impondran-de-tres-a-quince-anos-de-carcel-a-quien-cometa-robo-de-medicamentos\/\" \/>\n<meta property=\"og:site_name\" content=\"NOTICIAS\" \/>\n<meta property=\"article:published_time\" content=\"2019-07-27T19:04:06+00:00\" \/>\n<meta property=\"article:modified_time\" content=\"2019-07-27T19:04:27+00:00\" \/>\n<meta name=\"author\" content=\"Editor en Jefe\" \/>\n<meta name=\"twitter:card\" content=\"summary_large_image\" \/>\n<meta name=\"twitter:label1\" content=\"Escrito por\" \/>\n\t<meta name=\"twitter:data1\" content=\"Editor en Jefe\" \/>\n\t<meta name=\"twitter:label2\" content=\"Tiempo de lectura\" \/>\n\t<meta name=\"twitter:data2\" content=\"4 minutos\" \/>\n<!-- \/ Yoast SEO plugin. -->","yoast_head_json":{"title":"Impondr\u00e1n de tres a quince a\u00f1os de c\u00e1rcel a quien cometa robo de medicamentos - NOTICIAS","robots":{"index":"index","follow":"follow","max-snippet":"max-snippet:-1","max-image-preview":"max-image-preview:large","max-video-preview":"max-video-preview:-1"},"canonical":"https:\/\/laredsocial-noticias.com\/wp\/impondran-de-tres-a-quince-anos-de-carcel-a-quien-cometa-robo-de-medicamentos\/","og_locale":"es_ES","og_type":"article","og_title":"Impondr\u00e1n de tres a quince a\u00f1os de c\u00e1rcel a quien cometa robo de medicamentos - NOTICIAS","og_description":"La Comisi\u00f3n de Justicia, presidida por la diputada Mar\u00eda del Pilar Ortega Mart\u00ednez, aprob\u00f3 un dictamen que agrega el art\u00edculo...","og_url":"https:\/\/laredsocial-noticias.com\/wp\/impondran-de-tres-a-quince-anos-de-carcel-a-quien-cometa-robo-de-medicamentos\/","og_site_name":"NOTICIAS","article_published_time":"2019-07-27T19:04:06+00:00","article_modified_time":"2019-07-27T19:04:27+00:00","author":"Editor en Jefe","twitter_card":"summary_large_image","twitter_misc":{"Escrito por":"Editor en Jefe","Tiempo de lectura":"4 minutos"},"schema":{"@context":"https:\/\/schema.org","@graph":[{"@type":"WebPage","@id":"https:\/\/laredsocial-noticias.com\/wp\/impondran-de-tres-a-quince-anos-de-carcel-a-quien-cometa-robo-de-medicamentos\/","url":"https:\/\/laredsocial-noticias.com\/wp\/impondran-de-tres-a-quince-anos-de-carcel-a-quien-cometa-robo-de-medicamentos\/","name":"Impondr\u00e1n de tres a quince a\u00f1os de c\u00e1rcel a quien cometa robo de medicamentos - NOTICIAS","isPartOf":{"@id":"https:\/\/laredsocial-noticias.com\/wp\/#website"},"datePublished":"2019-07-27T19:04:06+00:00","dateModified":"2019-07-27T19:04:27+00:00","author":{"@id":"https:\/\/laredsocial-noticias.com\/wp\/#\/schema\/person\/0ce78643f2de7aae6f6ef10e8453a6e0"},"breadcrumb":{"@id":"https:\/\/laredsocial-noticias.com\/wp\/impondran-de-tres-a-quince-anos-de-carcel-a-quien-cometa-robo-de-medicamentos\/#breadcrumb"},"inLanguage":"es","potentialAction":[{"@type":"ReadAction","target":["https:\/\/laredsocial-noticias.com\/wp\/impondran-de-tres-a-quince-anos-de-carcel-a-quien-cometa-robo-de-medicamentos\/"]}]},{"@type":"BreadcrumbList","@id":"https:\/\/laredsocial-noticias.com\/wp\/impondran-de-tres-a-quince-anos-de-carcel-a-quien-cometa-robo-de-medicamentos\/#breadcrumb","itemListElement":[{"@type":"ListItem","position":1,"name":"Portada","item":"https:\/\/laredsocial-noticias.com\/wp\/"},{"@type":"ListItem","position":2,"name":"Impondr\u00e1n de tres a quince a\u00f1os de c\u00e1rcel a quien cometa robo de medicamentos"}]},{"@type":"WebSite","@id":"https:\/\/laredsocial-noticias.com\/wp\/#website","url":"https:\/\/laredsocial-noticias.com\/wp\/","name":"NOTICIAS","description":"Lo que se ve y se dice en las redes sociales","potentialAction":[{"@type":"SearchAction","target":{"@type":"EntryPoint","urlTemplate":"https:\/\/laredsocial-noticias.com\/wp\/?s={search_term_string}"},"query-input":{"@type":"PropertyValueSpecification","valueRequired":true,"valueName":"search_term_string"}}],"inLanguage":"es"},{"@type":"Person","@id":"https:\/\/laredsocial-noticias.com\/wp\/#\/schema\/person\/0ce78643f2de7aae6f6ef10e8453a6e0","name":"Editor en Jefe","url":"https:\/\/laredsocial-noticias.com\/wp\/author\/jorgeochoa\/"}]}},"_links":{"self":[{"href":"https:\/\/laredsocial-noticias.com\/wp\/wp-json\/wp\/v2\/posts\/117683","targetHints":{"allow":["GET"]}}],"collection":[{"href":"https:\/\/laredsocial-noticias.com\/wp\/wp-json\/wp\/v2\/posts"}],"about":[{"href":"https:\/\/laredsocial-noticias.com\/wp\/wp-json\/wp\/v2\/types\/post"}],"author":[{"embeddable":true,"href":"https:\/\/laredsocial-noticias.com\/wp\/wp-json\/wp\/v2\/users\/1"}],"replies":[{"embeddable":true,"href":"https:\/\/laredsocial-noticias.com\/wp\/wp-json\/wp\/v2\/comments?post=117683"}],"version-history":[{"count":1,"href":"https:\/\/laredsocial-noticias.com\/wp\/wp-json\/wp\/v2\/posts\/117683\/revisions"}],"predecessor-version":[{"id":117684,"href":"https:\/\/laredsocial-noticias.com\/wp\/wp-json\/wp\/v2\/posts\/117683\/revisions\/117684"}],"wp:attachment":[{"href":"https:\/\/laredsocial-noticias.com\/wp\/wp-json\/wp\/v2\/media?parent=117683"}],"wp:term":[{"taxonomy":"category","embeddable":true,"href":"https:\/\/laredsocial-noticias.com\/wp\/wp-json\/wp\/v2\/categories?post=117683"},{"taxonomy":"post_tag","embeddable":true,"href":"https:\/\/laredsocial-noticias.com\/wp\/wp-json\/wp\/v2\/tags?post=117683"}],"curies":[{"name":"wp","href":"https:\/\/api.w.org\/{rel}","templated":true}]}}