{"id":118423,"date":"2019-08-29T12:53:52","date_gmt":"2019-08-29T17:53:52","guid":{"rendered":"http:\/\/laredsocial-noticias.com\/wp\/?p=118423"},"modified":"2019-08-29T14:55:23","modified_gmt":"2019-08-29T19:55:23","slug":"rescatan-a-perro-que-se-encontraba-en-las-vias-del-metro","status":"publish","type":"post","link":"https:\/\/laredsocial-noticias.com\/wp\/rescatan-a-perro-que-se-encontraba-en-las-vias-del-metro\/","title":{"rendered":"Rescatan a perro que se encontraba en las v\u00edas del Metro"},"content":{"rendered":"<p>La ma\u00f1ana de este jueves, personal de Transportaci\u00f3n y Protecci\u00f3n Civil del Sistema de Transporte Colectivo (STC) Metro, realizaron maniobras para rescatar a un perro que se encontraba en la zona de v\u00edas, en la Interestaci\u00f3n Ol\u00edmpica \u2013 Ecatepec, de la L\u00ednea B del Metro.<\/p>\n<p>El can de color negro y tama\u00f1o grande, fue trasladado al Centro de Transferencia Canina del STC, ubicado en la alcald\u00eda Azcapotzalco, a fin de recibir valoraci\u00f3n veterinaria y en su caso poder darlo en adopci\u00f3n.<\/p>\n<p>A dos a\u00f1os de su creaci\u00f3n, el CTC ha auxiliado y otorgado atenci\u00f3n veterinaria a m\u00e1s de 255 canes rescatados.<\/p>\n<p>El Metro de la Ciudad de M\u00e9xico es el \u00fanico sistema de transporte, en su tipo, en el mundo que cuenta con un Centro de refugio y adopci\u00f3n para los canes que ingresan a las instalaciones y que son encontrados en situaciones de riesgo.<\/p>\n","protected":false},"excerpt":{"rendered":"<p>La ma\u00f1ana de este jueves, personal de Transportaci\u00f3n y Protecci\u00f3n Civil del Sistema de Transporte Colectivo (STC) Metro, realizaron maniobras&#8230;<\/p>\n","protected":false},"author":1,"featured_media":0,"comment_status":"open","ping_status":"closed","sticky":false,"template":"","format":"standard","meta":{"footnotes":""},"categories":[91,2835,6026,73],"tags":[5146,77,8210,8633],"class_list":["post-118423","post","type-post","status-publish","format-standard","hentry","category-cdmx","category-ciudad-de-mexico","category-portada","category-principal","tag-perro","tag-principal","tag-rescate","tag-vias"],"yoast_head":"<!-- This site is optimized with the Yoast SEO plugin v26.5 - https:\/\/yoast.com\/wordpress\/plugins\/seo\/ -->\n<title>Rescatan a perro que se encontraba en las v\u00edas del Metro - NOTICIAS<\/title>\n<meta name=\"robots\" content=\"index, follow, max-snippet:-1, max-image-preview:large, max-video-preview:-1\" \/>\n<link rel=\"canonical\" href=\"https:\/\/laredsocial-noticias.com\/wp\/rescatan-a-perro-que-se-encontraba-en-las-vias-del-metro\/\" \/>\n<meta property=\"og:locale\" content=\"es_ES\" \/>\n<meta property=\"og:type\" content=\"article\" \/>\n<meta property=\"og:title\" content=\"Rescatan a perro que se encontraba en las v\u00edas del Metro - NOTICIAS\" \/>\n<meta property=\"og:description\" content=\"La ma\u00f1ana de este jueves, personal de Transportaci\u00f3n y Protecci\u00f3n Civil del Sistema de Transporte Colectivo (STC) Metro, realizaron maniobras...\" \/>\n<meta property=\"og:url\" content=\"https:\/\/laredsocial-noticias.com\/wp\/rescatan-a-perro-que-se-encontraba-en-las-vias-del-metro\/\" \/>\n<meta property=\"og:site_name\" content=\"NOTICIAS\" \/>\n<meta property=\"article:published_time\" content=\"2019-08-29T17:53:52+00:00\" \/>\n<meta property=\"article:modified_time\" content=\"2019-08-29T19:55:23+00:00\" \/>\n<meta property=\"og:image\" content=\"https:\/\/laredsocial-noticias.com\/wp\/wp-content\/uploads\/2019\/08\/Perro_metro.jpg\" \/>\n\t<meta property=\"og:image:width\" content=\"823\" \/>\n\t<meta property=\"og:image:height\" content=\"469\" \/>\n\t<meta property=\"og:image:type\" content=\"image\/jpeg\" \/>\n<meta name=\"author\" content=\"Editor en Jefe\" \/>\n<meta name=\"twitter:card\" content=\"summary_large_image\" \/>\n<meta name=\"twitter:label1\" content=\"Escrito por\" \/>\n\t<meta name=\"twitter:data1\" content=\"Editor en Jefe\" \/>\n\t<meta name=\"twitter:label2\" content=\"Tiempo de lectura\" \/>\n\t<meta name=\"twitter:data2\" content=\"1 minuto\" \/>\n<!-- \/ Yoast SEO plugin. -->","yoast_head_json":{"title":"Rescatan a perro que se encontraba en las v\u00edas del Metro - NOTICIAS","robots":{"index":"index","follow":"follow","max-snippet":"max-snippet:-1","max-image-preview":"max-image-preview:large","max-video-preview":"max-video-preview:-1"},"canonical":"https:\/\/laredsocial-noticias.com\/wp\/rescatan-a-perro-que-se-encontraba-en-las-vias-del-metro\/","og_locale":"es_ES","og_type":"article","og_title":"Rescatan a perro que se encontraba en las v\u00edas del Metro - NOTICIAS","og_description":"La ma\u00f1ana de este jueves, personal de Transportaci\u00f3n y Protecci\u00f3n Civil del Sistema de Transporte Colectivo (STC) Metro, realizaron maniobras...","og_url":"https:\/\/laredsocial-noticias.com\/wp\/rescatan-a-perro-que-se-encontraba-en-las-vias-del-metro\/","og_site_name":"NOTICIAS","article_published_time":"2019-08-29T17:53:52+00:00","article_modified_time":"2019-08-29T19:55:23+00:00","og_image":[{"width":823,"height":469,"url":"https:\/\/laredsocial-noticias.com\/wp\/wp-content\/uploads\/2019\/08\/Perro_metro.jpg","type":"image\/jpeg"}],"author":"Editor en Jefe","twitter_card":"summary_large_image","twitter_misc":{"Escrito por":"Editor en Jefe","Tiempo de lectura":"1 minuto"},"schema":{"@context":"https:\/\/schema.org","@graph":[{"@type":"WebPage","@id":"https:\/\/laredsocial-noticias.com\/wp\/rescatan-a-perro-que-se-encontraba-en-las-vias-del-metro\/","url":"https:\/\/laredsocial-noticias.com\/wp\/rescatan-a-perro-que-se-encontraba-en-las-vias-del-metro\/","name":"Rescatan a perro que se encontraba en las v\u00edas del Metro - NOTICIAS","isPartOf":{"@id":"https:\/\/laredsocial-noticias.com\/wp\/#website"},"datePublished":"2019-08-29T17:53:52+00:00","dateModified":"2019-08-29T19:55:23+00:00","author":{"@id":"https:\/\/laredsocial-noticias.com\/wp\/#\/schema\/person\/0ce78643f2de7aae6f6ef10e8453a6e0"},"breadcrumb":{"@id":"https:\/\/laredsocial-noticias.com\/wp\/rescatan-a-perro-que-se-encontraba-en-las-vias-del-metro\/#breadcrumb"},"inLanguage":"es","potentialAction":[{"@type":"ReadAction","target":["https:\/\/laredsocial-noticias.com\/wp\/rescatan-a-perro-que-se-encontraba-en-las-vias-del-metro\/"]}]},{"@type":"BreadcrumbList","@id":"https:\/\/laredsocial-noticias.com\/wp\/rescatan-a-perro-que-se-encontraba-en-las-vias-del-metro\/#breadcrumb","itemListElement":[{"@type":"ListItem","position":1,"name":"Portada","item":"https:\/\/laredsocial-noticias.com\/wp\/"},{"@type":"ListItem","position":2,"name":"Rescatan a perro que se encontraba en las v\u00edas del Metro"}]},{"@type":"WebSite","@id":"https:\/\/laredsocial-noticias.com\/wp\/#website","url":"https:\/\/laredsocial-noticias.com\/wp\/","name":"NOTICIAS","description":"Lo que se ve y se dice en las redes sociales","potentialAction":[{"@type":"SearchAction","target":{"@type":"EntryPoint","urlTemplate":"https:\/\/laredsocial-noticias.com\/wp\/?s={search_term_string}"},"query-input":{"@type":"PropertyValueSpecification","valueRequired":true,"valueName":"search_term_string"}}],"inLanguage":"es"},{"@type":"Person","@id":"https:\/\/laredsocial-noticias.com\/wp\/#\/schema\/person\/0ce78643f2de7aae6f6ef10e8453a6e0","name":"Editor en Jefe","url":"https:\/\/laredsocial-noticias.com\/wp\/author\/jorgeochoa\/"}]}},"_links":{"self":[{"href":"https:\/\/laredsocial-noticias.com\/wp\/wp-json\/wp\/v2\/posts\/118423","targetHints":{"allow":["GET"]}}],"collection":[{"href":"https:\/\/laredsocial-noticias.com\/wp\/wp-json\/wp\/v2\/posts"}],"about":[{"href":"https:\/\/laredsocial-noticias.com\/wp\/wp-json\/wp\/v2\/types\/post"}],"author":[{"embeddable":true,"href":"https:\/\/laredsocial-noticias.com\/wp\/wp-json\/wp\/v2\/users\/1"}],"replies":[{"embeddable":true,"href":"https:\/\/laredsocial-noticias.com\/wp\/wp-json\/wp\/v2\/comments?post=118423"}],"version-history":[{"count":1,"href":"https:\/\/laredsocial-noticias.com\/wp\/wp-json\/wp\/v2\/posts\/118423\/revisions"}],"predecessor-version":[{"id":118424,"href":"https:\/\/laredsocial-noticias.com\/wp\/wp-json\/wp\/v2\/posts\/118423\/revisions\/118424"}],"wp:attachment":[{"href":"https:\/\/laredsocial-noticias.com\/wp\/wp-json\/wp\/v2\/media?parent=118423"}],"wp:term":[{"taxonomy":"category","embeddable":true,"href":"https:\/\/laredsocial-noticias.com\/wp\/wp-json\/wp\/v2\/categories?post=118423"},{"taxonomy":"post_tag","embeddable":true,"href":"https:\/\/laredsocial-noticias.com\/wp\/wp-json\/wp\/v2\/tags?post=118423"}],"curies":[{"name":"wp","href":"https:\/\/api.w.org\/{rel}","templated":true}]}}