{"id":119001,"date":"2019-09-09T21:27:08","date_gmt":"2019-09-10T02:27:08","guid":{"rendered":"http:\/\/laredsocial-noticias.com\/wp\/?p=119001"},"modified":"2019-09-09T21:27:27","modified_gmt":"2019-09-10T02:27:27","slug":"paquete-economico-del-gobierno-federal-es-un-presupuesto-fracasado-prd","status":"publish","type":"post","link":"https:\/\/laredsocial-noticias.com\/wp\/paquete-economico-del-gobierno-federal-es-un-presupuesto-fracasado-prd\/","title":{"rendered":"Paquete Econ\u00f3mico del gobierno federal \u201ces un presupuesto fracasado\u201d: PRD"},"content":{"rendered":"<p>La dirigencia nacional del PRD asegur\u00f3 que el Paquete Econ\u00f3mico 2020 presentado por el gobierno federal a la C\u00e1mara de Diputados es un presupuesto fracasado porque no le apuesta a la inversi\u00f3n y a la generaci\u00f3n de empleo.<br \/>\n\u00c1ngel \u00c1vila, integrante de la dirigencia extraordinaria del PRD, asegur\u00f3 que el presupuesto tiene \u201cuna visi\u00f3n neoliberal\u201d con recortes al sector salud, al campo, a la educaci\u00f3n y los \u00fanicos ganadores son los proyectos fara\u00f3nicos del presidente Andr\u00e9s Manuel L\u00f3pez Obrador.<br \/>\n\u201cEs un presupuesto que no ayudar\u00e1 a elevar el crecimiento econ\u00f3mico, la gente tendr\u00e1 menos dinero para poder gastar, ahora tambi\u00e9n se va a castigar a quienes tengan ahorros en el banco con mayores impuestos y lo que te puedo decir es que no es un presupuesto que genera confianza, que no va a generar m\u00e1s empleo y no sacar\u00e1 a M\u00e9xico del estancamiento econ\u00f3mico, es un presupuesto fracasado\u201d.<br \/>\nEl perredista indic\u00f3 que en el proyecto de presupuesto se est\u00e1n dando recursos a la Refiner\u00eda de Dos Bocas y a programas cuestionados como J\u00f3venes Construyendo el Futuro, y nuevamente se deja de lado la inversi\u00f3n en infraestructura.<br \/>\n\u201cLo m\u00e1s grave que tiene este presupuesto es que no va a generar confianza en los inversionistas, cae el apoyo y la inversi\u00f3n en infraestructura, la Secretar\u00eda de Comunicaciones y Transportes vuelve a tener una baja sensible y mientras M\u00e9xico no tenga infraestructura, no haya inversi\u00f3n p\u00fablico por supuesto que la inversi\u00f3n privada tampoco har\u00e1 lo propio\u201d.<br \/>\nPor \u00faltimo, el PRD cuestion\u00f3 que no se le est\u00e9 dando suficientes recursos a los municipios para generar obra p\u00fablica, a pesar de que tienen a su cargo labores de alcantarillado, pavimentaci\u00f3n y electrificaci\u00f3n.<\/p>\n","protected":false},"excerpt":{"rendered":"<p>La dirigencia nacional del PRD asegur\u00f3 que el Paquete Econ\u00f3mico 2020 presentado por el gobierno federal a la C\u00e1mara de&#8230;<\/p>\n","protected":false},"author":1,"featured_media":0,"comment_status":"open","ping_status":"closed","sticky":false,"template":"","format":"standard","meta":{"footnotes":""},"categories":[78,2801,6026,73],"tags":[2561,8684,343,77],"class_list":["post-119001","post","type-post","status-publish","format-standard","hentry","category-nacional","category-politica","category-portada","category-principal","tag-gobierno-federal","tag-pef-2020","tag-prd","tag-principal"],"yoast_head":"<!-- This site is optimized with the Yoast SEO plugin v26.5 - https:\/\/yoast.com\/wordpress\/plugins\/seo\/ -->\n<title>Paquete Econ\u00f3mico del gobierno federal \u201ces un presupuesto fracasado\u201d: PRD - NOTICIAS<\/title>\n<meta name=\"robots\" content=\"index, follow, max-snippet:-1, max-image-preview:large, max-video-preview:-1\" \/>\n<link rel=\"canonical\" href=\"https:\/\/laredsocial-noticias.com\/wp\/paquete-economico-del-gobierno-federal-es-un-presupuesto-fracasado-prd\/\" \/>\n<meta property=\"og:locale\" content=\"es_ES\" \/>\n<meta property=\"og:type\" content=\"article\" \/>\n<meta property=\"og:title\" content=\"Paquete Econ\u00f3mico del gobierno federal \u201ces un presupuesto fracasado\u201d: PRD - NOTICIAS\" \/>\n<meta property=\"og:description\" content=\"La dirigencia nacional del PRD asegur\u00f3 que el Paquete Econ\u00f3mico 2020 presentado por el gobierno federal a la C\u00e1mara de...\" \/>\n<meta property=\"og:url\" content=\"https:\/\/laredsocial-noticias.com\/wp\/paquete-economico-del-gobierno-federal-es-un-presupuesto-fracasado-prd\/\" \/>\n<meta property=\"og:site_name\" content=\"NOTICIAS\" \/>\n<meta property=\"article:published_time\" content=\"2019-09-10T02:27:08+00:00\" \/>\n<meta property=\"article:modified_time\" content=\"2019-09-10T02:27:27+00:00\" \/>\n<meta name=\"author\" content=\"Editor en Jefe\" \/>\n<meta name=\"twitter:card\" content=\"summary_large_image\" \/>\n<meta name=\"twitter:label1\" content=\"Escrito por\" \/>\n\t<meta name=\"twitter:data1\" content=\"Editor en Jefe\" \/>\n\t<meta name=\"twitter:label2\" content=\"Tiempo de lectura\" \/>\n\t<meta name=\"twitter:data2\" content=\"2 minutos\" \/>\n<!-- \/ Yoast SEO plugin. -->","yoast_head_json":{"title":"Paquete Econ\u00f3mico del gobierno federal \u201ces un presupuesto fracasado\u201d: PRD - NOTICIAS","robots":{"index":"index","follow":"follow","max-snippet":"max-snippet:-1","max-image-preview":"max-image-preview:large","max-video-preview":"max-video-preview:-1"},"canonical":"https:\/\/laredsocial-noticias.com\/wp\/paquete-economico-del-gobierno-federal-es-un-presupuesto-fracasado-prd\/","og_locale":"es_ES","og_type":"article","og_title":"Paquete Econ\u00f3mico del gobierno federal \u201ces un presupuesto fracasado\u201d: PRD - NOTICIAS","og_description":"La dirigencia nacional del PRD asegur\u00f3 que el Paquete Econ\u00f3mico 2020 presentado por el gobierno federal a la C\u00e1mara de...","og_url":"https:\/\/laredsocial-noticias.com\/wp\/paquete-economico-del-gobierno-federal-es-un-presupuesto-fracasado-prd\/","og_site_name":"NOTICIAS","article_published_time":"2019-09-10T02:27:08+00:00","article_modified_time":"2019-09-10T02:27:27+00:00","author":"Editor en Jefe","twitter_card":"summary_large_image","twitter_misc":{"Escrito por":"Editor en Jefe","Tiempo de lectura":"2 minutos"},"schema":{"@context":"https:\/\/schema.org","@graph":[{"@type":"WebPage","@id":"https:\/\/laredsocial-noticias.com\/wp\/paquete-economico-del-gobierno-federal-es-un-presupuesto-fracasado-prd\/","url":"https:\/\/laredsocial-noticias.com\/wp\/paquete-economico-del-gobierno-federal-es-un-presupuesto-fracasado-prd\/","name":"Paquete Econ\u00f3mico del gobierno federal \u201ces un presupuesto fracasado\u201d: PRD - NOTICIAS","isPartOf":{"@id":"https:\/\/laredsocial-noticias.com\/wp\/#website"},"datePublished":"2019-09-10T02:27:08+00:00","dateModified":"2019-09-10T02:27:27+00:00","author":{"@id":"https:\/\/laredsocial-noticias.com\/wp\/#\/schema\/person\/0ce78643f2de7aae6f6ef10e8453a6e0"},"breadcrumb":{"@id":"https:\/\/laredsocial-noticias.com\/wp\/paquete-economico-del-gobierno-federal-es-un-presupuesto-fracasado-prd\/#breadcrumb"},"inLanguage":"es","potentialAction":[{"@type":"ReadAction","target":["https:\/\/laredsocial-noticias.com\/wp\/paquete-economico-del-gobierno-federal-es-un-presupuesto-fracasado-prd\/"]}]},{"@type":"BreadcrumbList","@id":"https:\/\/laredsocial-noticias.com\/wp\/paquete-economico-del-gobierno-federal-es-un-presupuesto-fracasado-prd\/#breadcrumb","itemListElement":[{"@type":"ListItem","position":1,"name":"Portada","item":"https:\/\/laredsocial-noticias.com\/wp\/"},{"@type":"ListItem","position":2,"name":"Paquete Econ\u00f3mico del gobierno federal \u201ces un presupuesto fracasado\u201d: PRD"}]},{"@type":"WebSite","@id":"https:\/\/laredsocial-noticias.com\/wp\/#website","url":"https:\/\/laredsocial-noticias.com\/wp\/","name":"NOTICIAS","description":"Lo que se ve y se dice en las redes sociales","potentialAction":[{"@type":"SearchAction","target":{"@type":"EntryPoint","urlTemplate":"https:\/\/laredsocial-noticias.com\/wp\/?s={search_term_string}"},"query-input":{"@type":"PropertyValueSpecification","valueRequired":true,"valueName":"search_term_string"}}],"inLanguage":"es"},{"@type":"Person","@id":"https:\/\/laredsocial-noticias.com\/wp\/#\/schema\/person\/0ce78643f2de7aae6f6ef10e8453a6e0","name":"Editor en Jefe","url":"https:\/\/laredsocial-noticias.com\/wp\/author\/jorgeochoa\/"}]}},"_links":{"self":[{"href":"https:\/\/laredsocial-noticias.com\/wp\/wp-json\/wp\/v2\/posts\/119001","targetHints":{"allow":["GET"]}}],"collection":[{"href":"https:\/\/laredsocial-noticias.com\/wp\/wp-json\/wp\/v2\/posts"}],"about":[{"href":"https:\/\/laredsocial-noticias.com\/wp\/wp-json\/wp\/v2\/types\/post"}],"author":[{"embeddable":true,"href":"https:\/\/laredsocial-noticias.com\/wp\/wp-json\/wp\/v2\/users\/1"}],"replies":[{"embeddable":true,"href":"https:\/\/laredsocial-noticias.com\/wp\/wp-json\/wp\/v2\/comments?post=119001"}],"version-history":[{"count":0,"href":"https:\/\/laredsocial-noticias.com\/wp\/wp-json\/wp\/v2\/posts\/119001\/revisions"}],"wp:attachment":[{"href":"https:\/\/laredsocial-noticias.com\/wp\/wp-json\/wp\/v2\/media?parent=119001"}],"wp:term":[{"taxonomy":"category","embeddable":true,"href":"https:\/\/laredsocial-noticias.com\/wp\/wp-json\/wp\/v2\/categories?post=119001"},{"taxonomy":"post_tag","embeddable":true,"href":"https:\/\/laredsocial-noticias.com\/wp\/wp-json\/wp\/v2\/tags?post=119001"}],"curies":[{"name":"wp","href":"https:\/\/api.w.org\/{rel}","templated":true}]}}