{"id":120011,"date":"2019-10-02T19:41:53","date_gmt":"2019-10-03T00:41:53","guid":{"rendered":"http:\/\/laredsocial-noticias.com\/wp\/?p=120011"},"modified":"2019-10-02T19:48:11","modified_gmt":"2019-10-03T00:48:11","slug":"sin-apoyo-de-4t-viajaran-a-moscu-para-mostrar-riqueza-mexicana-en-gastronomia-y-artesanias","status":"publish","type":"post","link":"https:\/\/laredsocial-noticias.com\/wp\/sin-apoyo-de-4t-viajaran-a-moscu-para-mostrar-riqueza-mexicana-en-gastronomia-y-artesanias\/","title":{"rendered":"Sin apoyo de 4T viajar\u00e1n a Mosc\u00fa para mostrar riqueza mexicana en gastronom\u00eda y artesan\u00edas"},"content":{"rendered":"\n<p><\/p>\n\n\n\n<ul class=\"wp-block-list\"><li><strong>Cerraron sus puertas SRE, Turismo, Econom\u00eda y Fonart a <\/strong>Emprendedores<strong>; podemos con o sin el respaldo gubernamental, afirman <\/strong><\/li><\/ul>\n\n\n\n<div class=\"wp-block-image\"><figure class=\"alignright is-resized\"><img loading=\"lazy\" decoding=\"async\" src=\"http:\/\/laredsocial-noticias.com\/wp\/wp-content\/uploads\/2019\/10\/IMG-20191001-WA0061-1-680x1024.jpg\" alt=\"\" class=\"wp-image-120012\" width=\"171\" height=\"257\"\/><\/figure><\/div>\n\n\n\n<p><strong>Por Guillermo Pimentel Balderas<\/strong><\/p>\n\n\n\n<p>(Fotos: Pedro Arturo Villarreal)<strong> <\/strong><\/p>\n\n\n\n<p>En\nconferencia de prensa, microempresarios, agrupados en Ant\u00edpoda Gesti\u00f3n Cultural,\ndieron a conocer los detalles del&nbsp;<strong>&#8220;Recorrido del Sabor: M\u00e9xico\nen Mosc\u00fa&#8221; que se llevar\u00e1 a cabo del 8 al 13 de octubre en Rusia.<\/strong><\/p>\n\n\n\n<div class=\"wp-block-image\"><figure class=\"alignleft is-resized\"><img loading=\"lazy\" decoding=\"async\" src=\"http:\/\/laredsocial-noticias.com\/wp\/wp-content\/uploads\/2019\/10\/IMG-20191001-WA0071-680x1024.jpg\" alt=\"\" class=\"wp-image-120013\" width=\"242\" height=\"365\"\/><\/figure><\/div>\n\n\n\n<p><strong>Mar\u00eda del Rosario Fern\u00e1ndez,\nElizabeth Aparicio, Gabriela Lemus, Patricia Rodr\u00edguez y Manuel Mondrag\u00f3n,&nbsp; expusieron que con o sin el apoyo del\nGobierno federal, s\u00ed pudieron hacer realidad su proyecto de llevar a ese pa\u00eds (euroasi\u00e1tico),\nuna identidad para mostrar al mundo la riqueza de nuestros alimentos y tambi\u00e9n del\ntrabajo de las manos m\u00e1gicas de los mexicanos con sus artesan\u00edas.<\/strong><\/p>\n\n\n\n<p><strong>Reunidos en &nbsp;Casa Rafael\nGalv\u00e1n,&nbsp;de la Universidad Aut\u00f3noma Metropolitana (UAM), los voceros\nafirmaron que la respuesta de las instituciones a quienes solicitaron el apoyo\necon\u00f3mico, Secretar\u00eda de Relaciones Exteriores (SRE), Secretaria de Turismo\n(SECTUR) y el <\/strong>Fondo Nacional para el Fomento de las\nArtesan\u00edas (Fonart), <strong>por ejemplo, les\nrespondieron, en forma verbal que, \u201cprimero queremos ver resultados\u201d, a pesar\nde que se hicieron por escrito las peticiones con mucha anticipaci\u00f3n.<\/strong><\/p>\n\n\n\n<p><strong>Entrevista\ncon reportero<\/strong><\/p>\n\n\n\n<div class=\"wp-block-image\"><figure class=\"alignright is-resized\"><img loading=\"lazy\" decoding=\"async\" src=\"http:\/\/laredsocial-noticias.com\/wp\/wp-content\/uploads\/2019\/10\/IMG-20191001-WA0059-1024x680.jpg\" alt=\"\" class=\"wp-image-120014\" width=\"234\" height=\"155\"\/><\/figure><\/div>\n\n\n\n<p><strong>En entrevista con este reportero,\nElizabeth Aparicio D\u00edaz, Coordinadora general del evento &#8220;Recorrido del\nSabor: M\u00e9xico en Mosc\u00fa&#8221;, dijo que tocaron muchas puertas y no acaban de\nentender (si los hab\u00edan apoyado en a\u00f1os anteriores) porque en esta ocasi\u00f3n a\npesar de que enviaron con tiempo las solicitudes correspondientes, como siempre\nlo han hecho, ahora, la respuesta fue contundente con la negativa de que no hay\npresupuesto suficiente y que no los pod\u00edan apoyar.<\/strong><\/p>\n\n\n\n<p><strong>\u201cEsto, fue hace varios meses y\nfue que empezamos a buscar varias opciones, porque, entendemos que en momentos\nde crisis, es cuando sale la creatividad del ser humano, y en este caso\ndecidimos no solamente enfocarnos en el gobierno\u201d, resalt\u00f3 la microempresaria.<\/strong><\/p>\n\n\n\n<p><strong>Coment\u00f3 que por parte de la\nembajada de M\u00e9xico en Rusia, tambi\u00e9n puso como pretexto que no hay suficiente\npresupuesto y que solamente nos promet\u00edan la difusi\u00f3n del evento. La embajada\nde Rusia, aqu\u00ed, s\u00f3lo nos ayud\u00f3 con la aprobaci\u00f3n de las visas. <\/strong><\/p>\n\n\n\n<p><strong>\u201cAcudimos a las Secretarias de Relaciones\nExteriores y de Turismo y nada. En la Secretaria de Econom\u00eda, tambi\u00e9n nos\nacercamos, metimos documentos, pero tambi\u00e9n tampoco tuvimos una respuesta favorable;\ninclusive \u2013a\u00f1adi\u00f3-, tambi\u00e9n pedimos apoyo a las empresas grandes de la\niniciativa privada, como la Herdez, y dudaron en sumarse a nuestro evento por\nconsiderar que \u201c\u00e9ramos una empresa muy joven\u201d. <\/strong><\/p>\n\n\n\n<p><strong>Entonces, no se \u201carriesgaron\u201d y\nmenos en un evento internacional. Fue \u2013agreg\u00f3- que se unieron varias&nbsp; empresas de emprendedores (peque\u00f1os empresarios)\ny decidieron que, \u201ccon o sin el apoyo de gobierno lo hacemos\u201d.<\/strong><\/p>\n\n\n\n<p><strong>Calific\u00f3 a la pol\u00edtica de\nausteridad de la 4T como injusta. \u201cRestringe que M\u00e9xico se d\u00e9 a conocer en\notros pa\u00edses y en este caso sus alimentos y sus artesan\u00edas. Simplemente, en los\nescritos que mandamos, estamos de acuerdo que se tiene que limitar, pero, consideramos\nque hay proyectos que valen much\u00edsimo la pena y no lo hubo en esta ocasi\u00f3n\u201d,\nconsider\u00f3.<\/strong><\/p>\n\n\n\n<p><strong>Explic\u00f3 que en a Fonart se acercaron\npor el asunto de los artesanos y tampoco tuvieron \u00e9xito. \u201cNos dijeron que no\nhab\u00eda manera; entonces, se nos hace feo realmente encontrar conque tu propio\ngobierno no te apoya. Se supone que a los que les interesa, como gobierno, es\ndar a conocer las riquezas de M\u00e9xico, como en estos casos, su gastronom\u00eda y sus\nartesan\u00edas; pero, resulta que nosotros les estamos haciendo el trabajo que\nellos deber\u00edan de hacer\u201d.<\/strong><\/p>\n\n\n\n<p><strong>Dijo que es una pena, y esperan\nque esto mejore, pero\u2026 \u201cno lo veo as\u00ed; pero bueno, ojala la IP siga el ejemplo\nde estos peque\u00f1os empresarios que se est\u00e1n sumando por M\u00e9xico\u201d, resalt\u00f3.<\/strong><\/p>\n\n\n\n<p><strong>Y, al referirse en especific\u00f3 a\nla empresa Herdez, dijo que era una l\u00e1stima que no se haya convencido de su\nproyecto. \u201cBueno, vamos a trabajar y esperamos que el pr\u00f3ximo a\u00f1o mejore; sin\nembargo, estamos seguros que el Recorrido del sabor tiene un gran futuro, con o\nsin el apoyo gubernamental o de la iniciativa privada. No nos van a doblegar.\nVamos a seguir\u201d, enfatiz\u00f3.<\/strong><\/p>\n","protected":false},"excerpt":{"rendered":"<p>Cerraron sus puertas SRE, Turismo, Econom\u00eda y Fonart a Emprendedores; podemos con o sin el respaldo gubernamental, afirman Por Guillermo&#8230;<\/p>\n","protected":false},"author":10,"featured_media":0,"comment_status":"closed","ping_status":"closed","sticky":false,"template":"","format":"standard","meta":{"footnotes":""},"categories":[1],"tags":[],"class_list":["post-120011","post","type-post","status-publish","format-standard","hentry","category-uncategorized"],"yoast_head":"<!-- This site is optimized with the Yoast SEO plugin v26.5 - https:\/\/yoast.com\/wordpress\/plugins\/seo\/ -->\n<title>Sin apoyo de 4T viajar\u00e1n a Mosc\u00fa para mostrar riqueza mexicana en gastronom\u00eda y artesan\u00edas - NOTICIAS<\/title>\n<meta name=\"robots\" content=\"index, follow, max-snippet:-1, max-image-preview:large, max-video-preview:-1\" \/>\n<link rel=\"canonical\" href=\"https:\/\/laredsocial-noticias.com\/wp\/sin-apoyo-de-4t-viajaran-a-moscu-para-mostrar-riqueza-mexicana-en-gastronomia-y-artesanias\/\" \/>\n<meta property=\"og:locale\" content=\"es_ES\" \/>\n<meta property=\"og:type\" content=\"article\" \/>\n<meta property=\"og:title\" content=\"Sin apoyo de 4T viajar\u00e1n a Mosc\u00fa para mostrar riqueza mexicana en gastronom\u00eda y artesan\u00edas - NOTICIAS\" \/>\n<meta property=\"og:description\" content=\"Cerraron sus puertas SRE, Turismo, Econom\u00eda y Fonart a Emprendedores; podemos con o sin el respaldo gubernamental, afirman Por Guillermo...\" \/>\n<meta property=\"og:url\" content=\"https:\/\/laredsocial-noticias.com\/wp\/sin-apoyo-de-4t-viajaran-a-moscu-para-mostrar-riqueza-mexicana-en-gastronomia-y-artesanias\/\" \/>\n<meta property=\"og:site_name\" content=\"NOTICIAS\" \/>\n<meta property=\"article:published_time\" content=\"2019-10-03T00:41:53+00:00\" \/>\n<meta property=\"article:modified_time\" content=\"2019-10-03T00:48:11+00:00\" \/>\n<meta property=\"og:image\" content=\"https:\/\/laredsocial-noticias.com\/wp\/wp-content\/uploads\/2019\/10\/IMG-20191001-WA0058.jpg\" \/>\n\t<meta property=\"og:image:width\" content=\"1280\" \/>\n\t<meta property=\"og:image:height\" content=\"633\" \/>\n\t<meta property=\"og:image:type\" content=\"image\/jpeg\" \/>\n<meta name=\"author\" content=\"Guillermo Pimentel\" \/>\n<meta name=\"twitter:card\" content=\"summary_large_image\" \/>\n<meta name=\"twitter:label1\" content=\"Escrito por\" \/>\n\t<meta name=\"twitter:data1\" content=\"Guillermo Pimentel\" \/>\n\t<meta name=\"twitter:label2\" content=\"Tiempo de lectura\" \/>\n\t<meta name=\"twitter:data2\" content=\"4 minutos\" \/>\n<!-- \/ Yoast SEO plugin. -->","yoast_head_json":{"title":"Sin apoyo de 4T viajar\u00e1n a Mosc\u00fa para mostrar riqueza mexicana en gastronom\u00eda y artesan\u00edas - NOTICIAS","robots":{"index":"index","follow":"follow","max-snippet":"max-snippet:-1","max-image-preview":"max-image-preview:large","max-video-preview":"max-video-preview:-1"},"canonical":"https:\/\/laredsocial-noticias.com\/wp\/sin-apoyo-de-4t-viajaran-a-moscu-para-mostrar-riqueza-mexicana-en-gastronomia-y-artesanias\/","og_locale":"es_ES","og_type":"article","og_title":"Sin apoyo de 4T viajar\u00e1n a Mosc\u00fa para mostrar riqueza mexicana en gastronom\u00eda y artesan\u00edas - NOTICIAS","og_description":"Cerraron sus puertas SRE, Turismo, Econom\u00eda y Fonart a Emprendedores; podemos con o sin el respaldo gubernamental, afirman Por Guillermo...","og_url":"https:\/\/laredsocial-noticias.com\/wp\/sin-apoyo-de-4t-viajaran-a-moscu-para-mostrar-riqueza-mexicana-en-gastronomia-y-artesanias\/","og_site_name":"NOTICIAS","article_published_time":"2019-10-03T00:41:53+00:00","article_modified_time":"2019-10-03T00:48:11+00:00","og_image":[{"width":1280,"height":633,"url":"https:\/\/laredsocial-noticias.com\/wp\/wp-content\/uploads\/2019\/10\/IMG-20191001-WA0058.jpg","type":"image\/jpeg"}],"author":"Guillermo Pimentel","twitter_card":"summary_large_image","twitter_misc":{"Escrito por":"Guillermo Pimentel","Tiempo de lectura":"4 minutos"},"schema":{"@context":"https:\/\/schema.org","@graph":[{"@type":"WebPage","@id":"https:\/\/laredsocial-noticias.com\/wp\/sin-apoyo-de-4t-viajaran-a-moscu-para-mostrar-riqueza-mexicana-en-gastronomia-y-artesanias\/","url":"https:\/\/laredsocial-noticias.com\/wp\/sin-apoyo-de-4t-viajaran-a-moscu-para-mostrar-riqueza-mexicana-en-gastronomia-y-artesanias\/","name":"Sin apoyo de 4T viajar\u00e1n a Mosc\u00fa para mostrar riqueza mexicana en gastronom\u00eda y artesan\u00edas - NOTICIAS","isPartOf":{"@id":"https:\/\/laredsocial-noticias.com\/wp\/#website"},"primaryImageOfPage":{"@id":"https:\/\/laredsocial-noticias.com\/wp\/sin-apoyo-de-4t-viajaran-a-moscu-para-mostrar-riqueza-mexicana-en-gastronomia-y-artesanias\/#primaryimage"},"image":{"@id":"https:\/\/laredsocial-noticias.com\/wp\/sin-apoyo-de-4t-viajaran-a-moscu-para-mostrar-riqueza-mexicana-en-gastronomia-y-artesanias\/#primaryimage"},"thumbnailUrl":"http:\/\/laredsocial-noticias.com\/wp\/wp-content\/uploads\/2019\/10\/IMG-20191001-WA0061-1-680x1024.jpg","datePublished":"2019-10-03T00:41:53+00:00","dateModified":"2019-10-03T00:48:11+00:00","author":{"@id":"https:\/\/laredsocial-noticias.com\/wp\/#\/schema\/person\/9c09eb8c35c46dac6d30e2baff4b64d6"},"breadcrumb":{"@id":"https:\/\/laredsocial-noticias.com\/wp\/sin-apoyo-de-4t-viajaran-a-moscu-para-mostrar-riqueza-mexicana-en-gastronomia-y-artesanias\/#breadcrumb"},"inLanguage":"es","potentialAction":[{"@type":"ReadAction","target":["https:\/\/laredsocial-noticias.com\/wp\/sin-apoyo-de-4t-viajaran-a-moscu-para-mostrar-riqueza-mexicana-en-gastronomia-y-artesanias\/"]}]},{"@type":"ImageObject","inLanguage":"es","@id":"https:\/\/laredsocial-noticias.com\/wp\/sin-apoyo-de-4t-viajaran-a-moscu-para-mostrar-riqueza-mexicana-en-gastronomia-y-artesanias\/#primaryimage","url":"","contentUrl":""},{"@type":"BreadcrumbList","@id":"https:\/\/laredsocial-noticias.com\/wp\/sin-apoyo-de-4t-viajaran-a-moscu-para-mostrar-riqueza-mexicana-en-gastronomia-y-artesanias\/#breadcrumb","itemListElement":[{"@type":"ListItem","position":1,"name":"Portada","item":"https:\/\/laredsocial-noticias.com\/wp\/"},{"@type":"ListItem","position":2,"name":"Sin apoyo de 4T viajar\u00e1n a Mosc\u00fa para mostrar riqueza mexicana en gastronom\u00eda y artesan\u00edas"}]},{"@type":"WebSite","@id":"https:\/\/laredsocial-noticias.com\/wp\/#website","url":"https:\/\/laredsocial-noticias.com\/wp\/","name":"NOTICIAS","description":"Lo que se ve y se dice en las redes sociales","potentialAction":[{"@type":"SearchAction","target":{"@type":"EntryPoint","urlTemplate":"https:\/\/laredsocial-noticias.com\/wp\/?s={search_term_string}"},"query-input":{"@type":"PropertyValueSpecification","valueRequired":true,"valueName":"search_term_string"}}],"inLanguage":"es"},{"@type":"Person","@id":"https:\/\/laredsocial-noticias.com\/wp\/#\/schema\/person\/9c09eb8c35c46dac6d30e2baff4b64d6","name":"Guillermo Pimentel","url":"https:\/\/laredsocial-noticias.com\/wp\/author\/guillermo\/"}]}},"_links":{"self":[{"href":"https:\/\/laredsocial-noticias.com\/wp\/wp-json\/wp\/v2\/posts\/120011","targetHints":{"allow":["GET"]}}],"collection":[{"href":"https:\/\/laredsocial-noticias.com\/wp\/wp-json\/wp\/v2\/posts"}],"about":[{"href":"https:\/\/laredsocial-noticias.com\/wp\/wp-json\/wp\/v2\/types\/post"}],"author":[{"embeddable":true,"href":"https:\/\/laredsocial-noticias.com\/wp\/wp-json\/wp\/v2\/users\/10"}],"replies":[{"embeddable":true,"href":"https:\/\/laredsocial-noticias.com\/wp\/wp-json\/wp\/v2\/comments?post=120011"}],"version-history":[{"count":3,"href":"https:\/\/laredsocial-noticias.com\/wp\/wp-json\/wp\/v2\/posts\/120011\/revisions"}],"predecessor-version":[{"id":120018,"href":"https:\/\/laredsocial-noticias.com\/wp\/wp-json\/wp\/v2\/posts\/120011\/revisions\/120018"}],"wp:attachment":[{"href":"https:\/\/laredsocial-noticias.com\/wp\/wp-json\/wp\/v2\/media?parent=120011"}],"wp:term":[{"taxonomy":"category","embeddable":true,"href":"https:\/\/laredsocial-noticias.com\/wp\/wp-json\/wp\/v2\/categories?post=120011"},{"taxonomy":"post_tag","embeddable":true,"href":"https:\/\/laredsocial-noticias.com\/wp\/wp-json\/wp\/v2\/tags?post=120011"}],"curies":[{"name":"wp","href":"https:\/\/api.w.org\/{rel}","templated":true}]}}