{"id":120680,"date":"2019-10-19T16:30:44","date_gmt":"2019-10-19T21:30:44","guid":{"rendered":"http:\/\/laredsocial-noticias.com\/wp\/?p=120680"},"modified":"2019-10-19T16:31:17","modified_gmt":"2019-10-19T21:31:17","slug":"congreso-reune-a-especialistas-nacionales-e-internacionales-para-afrontar-los-retos-de-infraestructura-en-salud-de-mexico","status":"publish","type":"post","link":"https:\/\/laredsocial-noticias.com\/wp\/congreso-reune-a-especialistas-nacionales-e-internacionales-para-afrontar-los-retos-de-infraestructura-en-salud-de-mexico\/","title":{"rendered":"Congreso re\u00fane a especialistas nacionales e internacionales para afrontar los retos de infraestructura en Salud de M\u00e9xico"},"content":{"rendered":"<p>\u00b7 Generan espacio propicio para la reflexi\u00f3n, el an\u00e1lisis, la generaci\u00f3n de ideas y planteamientos que enriquezcan el \u00e1mbito de la salud en M\u00e9xico.<\/p>\n<p>\u00b7 Participan actores de los sectores p\u00fablico y privado, as\u00ed como especialistas en infraestructura para la salud nacionales e internacionales.<\/p>\n<p>\u00b7 El fortalecimiento de la infraestructura en salud es indispensable para alcanzar el bienestar general de la poblaci\u00f3n.<\/p>\n<p>Con el objetivo de generar un espacio de di\u00e1logo que favorezca la generaci\u00f3n de estrategias y acciones en favor de la salud y su infraestructura en M\u00e9xico, la Sociedad Mexicana de Arquitectos Especializados en Salud, A.C. realiza el XVII Congreso Internacional, Hospital del Futuro. Re + integrando la atenci\u00f3n en salud. Calidad, Equidad y Bienestar, los d\u00edas 14, 15 y 16 de noviembre con sede en la Academia Nacional de Medicina de M\u00e9xico, ubicada en el Centro M\u00e9dico Siglo XXI, en la Ciudad de M\u00e9xico.<\/p>\n<p>Este foro busca \u201cconstituirse en el espacio propicio para la reflexi\u00f3n, el an\u00e1lisis, la generaci\u00f3n de ideas y planteamientos que enriquezcan el cambio y permitan afrontar los retos en la materia de infraestructura para la salud en nuestro pa\u00eds\u2026\u201d, afirma la presidenta de la Sociedad Mexicana de Arquitectos Especializados en Salud, Arq. Adriana Garc\u00eda Loredo.<\/p>\n<p>El evento contar\u00e1 con la participaci\u00f3n de connotados arquitectos, profesionistas y servidores p\u00fablicos que se desarrollan y lideran diversos \u00e1mbitos relacionados con la infraestructura y servicios de salud en M\u00e9xico.<\/p>\n<p>El fortalecimiento de la infraestructura en salud es indispensable para procurar el bienestar social. De ah\u00ed surge la necesidad de crear una estrategia integral y multidisciplinaria de proyectos, en la que participen especialistas en este tipo de edificios.<\/p>\n<p>Seg\u00fan datos del Centro de Estudios de las Finanzas P\u00fablicas (CEFP)[1]. M\u00e9xico cuenta con cerca de 23 mil unidades m\u00e9dicas, de las cuales 1,400 son hospitales. El 88% del total de dichas unidades m\u00e9dicas pertenece al sector p\u00fablico y solamente un 12% a instituciones privadas.<\/p>\n<p>La participaci\u00f3n de la iniciativa privada en infraestructura en todos los ramos es de aproximadamente 20% del total invertido, mientras que en pa\u00edses desarrollados ronda el 40%.<\/p>\n<p>La Arq. Adriana Garc\u00eda Loredo reafirma la importancia de este Congreso: \u201cCrear un marco de referencia interdisciplinario que enriquezca y fomente el crecimiento de la infraestructura para la atenci\u00f3n de la salud en nuestro pa\u00eds\u201d.<\/p>\n<p>El XVII Congreso Internacional, Hospital del Futuro. Re + integrando la atenci\u00f3n en salud. Calidad, Equidad y Bienestar.<\/p>\n<p>Cada dos a\u00f1os, la SMAES organiza un Congreso Internacional. En 2019 corresponde al XVII Congreso Internacional, Hospital del Futuro, que se realizar\u00e1 el 14, 15 y 16 de noviembre en el auditorio de la Academia Nacional de Medicina de M\u00e9xico, del Centro M\u00e9dico Nacional Siglo XXI del Instituto Mexicano del Seguro Social.<\/p>\n<p>Cabe destacar que el s\u00e1bado 16 se realizar\u00e1n visitas t\u00e9cnicas a cuatro unidades de atenci\u00f3n m\u00e9dica.<\/p>\n<p>Estar\u00e1 enmarcado por cuatro m\u00f3dulos, cada uno encabezado por una ponencia magistral. En ellos, se contar\u00e1n con las participaciones de Secretar\u00eda de Salud, Consejo Coordinador Empresarial, Instituto de Futuros de la Salud, Secretar\u00eda de Salud de Chiapas, Secretaria de Gesti\u00f3n Integral de Riesgos y Protecci\u00f3n Civil, Instituto Mexicano del Seguro Social, Instituto de Seguridad y Servicios Sociales de los Trabajadores del Estado, Asociaci\u00f3n Mexicana de Hospitales, Universidad Nacional Aut\u00f3noma de M\u00e9xico, Organizaci\u00f3n Panamericana de la Salud-Organizaci\u00f3n Mundial de la Salud, International Federation of Healthcare Engineering, Academia Nacional de Medicina de M\u00e9xico, y especialistas de Holanda, Austria, Ecuador, Cuba e Italia.<\/p>\n<p>M\u00f3dulo 1 Reformulando el Sistema Nacional de Salud.<\/p>\n<p>M\u00f3dulo 2 Requerimientos de la salud preventiva.<\/p>\n<p>M\u00f3dulo 3 Retos de la infraestructura en Salud.<\/p>\n<p>M\u00f3dulo 4 Referentes nacionales e internacionales.<\/p>\n<p>El evento tambi\u00e9n contar\u00e1 con una EXPO t\u00e9cnica y profesional en la que participan las empresas que ofrecen servicios y productos especializado en este importante sector.<\/p>\n","protected":false},"excerpt":{"rendered":"<p>\u00b7 Generan espacio propicio para la reflexi\u00f3n, el an\u00e1lisis, la generaci\u00f3n de ideas y planteamientos que enriquezcan el \u00e1mbito de&#8230;<\/p>\n","protected":false},"author":1,"featured_media":0,"comment_status":"open","ping_status":"closed","sticky":false,"template":"","format":"standard","meta":{"footnotes":""},"categories":[78,1726,6026,73,2849,2776],"tags":[685,1579,8934,77],"class_list":["post-120680","post","type-post","status-publish","format-standard","hentry","category-nacional","category-nacionales","category-portada","category-principal","category-salud","category-sociedad","tag-congreso","tag-hospital","tag-infraestructura-en-salud","tag-principal"],"yoast_head":"<!-- This site is optimized with the Yoast SEO plugin v26.5 - https:\/\/yoast.com\/wordpress\/plugins\/seo\/ -->\n<title>Congreso re\u00fane a especialistas nacionales e internacionales para afrontar los retos de infraestructura en Salud de M\u00e9xico - NOTICIAS<\/title>\n<meta name=\"robots\" content=\"index, follow, max-snippet:-1, max-image-preview:large, max-video-preview:-1\" \/>\n<link rel=\"canonical\" href=\"https:\/\/laredsocial-noticias.com\/wp\/congreso-reune-a-especialistas-nacionales-e-internacionales-para-afrontar-los-retos-de-infraestructura-en-salud-de-mexico\/\" \/>\n<meta property=\"og:locale\" content=\"es_ES\" \/>\n<meta property=\"og:type\" content=\"article\" \/>\n<meta property=\"og:title\" content=\"Congreso re\u00fane a especialistas nacionales e internacionales para afrontar los retos de infraestructura en Salud de M\u00e9xico - NOTICIAS\" \/>\n<meta property=\"og:description\" content=\"\u00b7 Generan espacio propicio para la reflexi\u00f3n, el an\u00e1lisis, la generaci\u00f3n de ideas y planteamientos que enriquezcan el \u00e1mbito de...\" \/>\n<meta property=\"og:url\" content=\"https:\/\/laredsocial-noticias.com\/wp\/congreso-reune-a-especialistas-nacionales-e-internacionales-para-afrontar-los-retos-de-infraestructura-en-salud-de-mexico\/\" \/>\n<meta property=\"og:site_name\" content=\"NOTICIAS\" \/>\n<meta property=\"article:published_time\" content=\"2019-10-19T21:30:44+00:00\" \/>\n<meta property=\"article:modified_time\" content=\"2019-10-19T21:31:17+00:00\" \/>\n<meta property=\"og:image\" content=\"https:\/\/laredsocial-noticias.com\/wp\/wp-content\/uploads\/2019\/10\/Congreso-SMAES.jpg\" \/>\n\t<meta property=\"og:image:width\" content=\"1280\" \/>\n\t<meta property=\"og:image:height\" content=\"960\" \/>\n\t<meta property=\"og:image:type\" content=\"image\/jpeg\" \/>\n<meta name=\"author\" content=\"Editor en Jefe\" \/>\n<meta name=\"twitter:card\" content=\"summary_large_image\" \/>\n<meta name=\"twitter:label1\" content=\"Escrito por\" \/>\n\t<meta name=\"twitter:data1\" content=\"Editor en Jefe\" \/>\n\t<meta name=\"twitter:label2\" content=\"Tiempo de lectura\" \/>\n\t<meta name=\"twitter:data2\" content=\"3 minutos\" \/>\n<!-- \/ Yoast SEO plugin. -->","yoast_head_json":{"title":"Congreso re\u00fane a especialistas nacionales e internacionales para afrontar los retos de infraestructura en Salud de M\u00e9xico - NOTICIAS","robots":{"index":"index","follow":"follow","max-snippet":"max-snippet:-1","max-image-preview":"max-image-preview:large","max-video-preview":"max-video-preview:-1"},"canonical":"https:\/\/laredsocial-noticias.com\/wp\/congreso-reune-a-especialistas-nacionales-e-internacionales-para-afrontar-los-retos-de-infraestructura-en-salud-de-mexico\/","og_locale":"es_ES","og_type":"article","og_title":"Congreso re\u00fane a especialistas nacionales e internacionales para afrontar los retos de infraestructura en Salud de M\u00e9xico - NOTICIAS","og_description":"\u00b7 Generan espacio propicio para la reflexi\u00f3n, el an\u00e1lisis, la generaci\u00f3n de ideas y planteamientos que enriquezcan el \u00e1mbito de...","og_url":"https:\/\/laredsocial-noticias.com\/wp\/congreso-reune-a-especialistas-nacionales-e-internacionales-para-afrontar-los-retos-de-infraestructura-en-salud-de-mexico\/","og_site_name":"NOTICIAS","article_published_time":"2019-10-19T21:30:44+00:00","article_modified_time":"2019-10-19T21:31:17+00:00","og_image":[{"width":1280,"height":960,"url":"https:\/\/laredsocial-noticias.com\/wp\/wp-content\/uploads\/2019\/10\/Congreso-SMAES.jpg","type":"image\/jpeg"}],"author":"Editor en Jefe","twitter_card":"summary_large_image","twitter_misc":{"Escrito por":"Editor en Jefe","Tiempo de lectura":"3 minutos"},"schema":{"@context":"https:\/\/schema.org","@graph":[{"@type":"WebPage","@id":"https:\/\/laredsocial-noticias.com\/wp\/congreso-reune-a-especialistas-nacionales-e-internacionales-para-afrontar-los-retos-de-infraestructura-en-salud-de-mexico\/","url":"https:\/\/laredsocial-noticias.com\/wp\/congreso-reune-a-especialistas-nacionales-e-internacionales-para-afrontar-los-retos-de-infraestructura-en-salud-de-mexico\/","name":"Congreso re\u00fane a especialistas nacionales e internacionales para afrontar los retos de infraestructura en Salud de M\u00e9xico - NOTICIAS","isPartOf":{"@id":"https:\/\/laredsocial-noticias.com\/wp\/#website"},"datePublished":"2019-10-19T21:30:44+00:00","dateModified":"2019-10-19T21:31:17+00:00","author":{"@id":"https:\/\/laredsocial-noticias.com\/wp\/#\/schema\/person\/0ce78643f2de7aae6f6ef10e8453a6e0"},"breadcrumb":{"@id":"https:\/\/laredsocial-noticias.com\/wp\/congreso-reune-a-especialistas-nacionales-e-internacionales-para-afrontar-los-retos-de-infraestructura-en-salud-de-mexico\/#breadcrumb"},"inLanguage":"es","potentialAction":[{"@type":"ReadAction","target":["https:\/\/laredsocial-noticias.com\/wp\/congreso-reune-a-especialistas-nacionales-e-internacionales-para-afrontar-los-retos-de-infraestructura-en-salud-de-mexico\/"]}]},{"@type":"BreadcrumbList","@id":"https:\/\/laredsocial-noticias.com\/wp\/congreso-reune-a-especialistas-nacionales-e-internacionales-para-afrontar-los-retos-de-infraestructura-en-salud-de-mexico\/#breadcrumb","itemListElement":[{"@type":"ListItem","position":1,"name":"Portada","item":"https:\/\/laredsocial-noticias.com\/wp\/"},{"@type":"ListItem","position":2,"name":"Congreso re\u00fane a especialistas nacionales e internacionales para afrontar los retos de infraestructura en Salud de M\u00e9xico"}]},{"@type":"WebSite","@id":"https:\/\/laredsocial-noticias.com\/wp\/#website","url":"https:\/\/laredsocial-noticias.com\/wp\/","name":"NOTICIAS","description":"Lo que se ve y se dice en las redes sociales","potentialAction":[{"@type":"SearchAction","target":{"@type":"EntryPoint","urlTemplate":"https:\/\/laredsocial-noticias.com\/wp\/?s={search_term_string}"},"query-input":{"@type":"PropertyValueSpecification","valueRequired":true,"valueName":"search_term_string"}}],"inLanguage":"es"},{"@type":"Person","@id":"https:\/\/laredsocial-noticias.com\/wp\/#\/schema\/person\/0ce78643f2de7aae6f6ef10e8453a6e0","name":"Editor en Jefe","url":"https:\/\/laredsocial-noticias.com\/wp\/author\/jorgeochoa\/"}]}},"_links":{"self":[{"href":"https:\/\/laredsocial-noticias.com\/wp\/wp-json\/wp\/v2\/posts\/120680","targetHints":{"allow":["GET"]}}],"collection":[{"href":"https:\/\/laredsocial-noticias.com\/wp\/wp-json\/wp\/v2\/posts"}],"about":[{"href":"https:\/\/laredsocial-noticias.com\/wp\/wp-json\/wp\/v2\/types\/post"}],"author":[{"embeddable":true,"href":"https:\/\/laredsocial-noticias.com\/wp\/wp-json\/wp\/v2\/users\/1"}],"replies":[{"embeddable":true,"href":"https:\/\/laredsocial-noticias.com\/wp\/wp-json\/wp\/v2\/comments?post=120680"}],"version-history":[{"count":1,"href":"https:\/\/laredsocial-noticias.com\/wp\/wp-json\/wp\/v2\/posts\/120680\/revisions"}],"predecessor-version":[{"id":120681,"href":"https:\/\/laredsocial-noticias.com\/wp\/wp-json\/wp\/v2\/posts\/120680\/revisions\/120681"}],"wp:attachment":[{"href":"https:\/\/laredsocial-noticias.com\/wp\/wp-json\/wp\/v2\/media?parent=120680"}],"wp:term":[{"taxonomy":"category","embeddable":true,"href":"https:\/\/laredsocial-noticias.com\/wp\/wp-json\/wp\/v2\/categories?post=120680"},{"taxonomy":"post_tag","embeddable":true,"href":"https:\/\/laredsocial-noticias.com\/wp\/wp-json\/wp\/v2\/tags?post=120680"}],"curies":[{"name":"wp","href":"https:\/\/api.w.org\/{rel}","templated":true}]}}