{"id":121506,"date":"2019-11-05T18:28:15","date_gmt":"2019-11-06T00:28:15","guid":{"rendered":"http:\/\/laredsocial-noticias.com\/wp\/?p=121506"},"modified":"2019-11-05T18:28:29","modified_gmt":"2019-11-06T00:28:29","slug":"trasladan-a-cinco-menores-heridos-de-la-familia-lebaron-a-eu-landau","status":"publish","type":"post","link":"https:\/\/laredsocial-noticias.com\/wp\/trasladan-a-cinco-menores-heridos-de-la-familia-lebaron-a-eu-landau\/","title":{"rendered":"Trasladan a cinco menores heridos de la familia LeBar\u00f3n a EU: Landau"},"content":{"rendered":"<p>El embajador de Estados Unidos en M\u00e9xico, Christopher Landau, expres\u00f3 sus condolencias por los hechos ocurridos en los l\u00edmites de los estados de Sonora y Chihuahua, e inform\u00f3 que cinco de los menores que resultaron heridos ya fueron trasladados a Estados Unidos.<\/p>\n<p>A trav\u00e9s de su cuenta @USAmbMex en Twitter, el diplom\u00e1tico estadunidense precis\u00f3 que fue informado sobre los hechos en M\u00e9xico, en los que fallecieron nueve personas, tres mujeres y seis ni\u00f1os, adem\u00e1s de que otros seis menores de edad resultaron heridos.<\/p>\n<p>\u201cEn nombre de EEUU, deseo expresar mi m\u00e1s profundo p\u00e9same a las familias de las v\u00edctimas de los hechos de ayer en la sierra Sonora\/Chihuahua. Autoridades mexicanas nos informan que 9 personas (3 mujeres y 6 ni\u00f1os) perecieron y 5 ni\u00f1os fueron heridos y han sido trasladados a Estados Unidos\u201d, escribi\u00f3.<\/p>\n<p>En otro tuit, el embajador precis\u00f3 que sigue muy de cerca los hechos ocurridos en M\u00e9xico, al resaltar que la seguridad de los connacionales de M\u00e9xico y Estados Unidos \u201ces una gran prioridad\u201d.<\/p>\n<p>\u201cLa seguridad de nuestros connacionales es nuestra gran prioridad. Estoy siguiendo muy de cerca la situaci\u00f3n en la sierra entre Sonora y Chihuahua\u201d, reiter\u00f3 el diplom\u00e1tico estadunidense.<\/p>\n<p>De acuerdo con autoridades federales, el ataque perpetrado este lunes contra la familia LeBar\u00f3n dej\u00f3 un saldo de nueve fallecidos, tres mujeres y seis menores de edad, adem\u00e1s de ni\u00f1os lesionados, una menor ilesa y un menor presuntamente desaparecido.<\/p>\n","protected":false},"excerpt":{"rendered":"<p>El embajador de Estados Unidos en M\u00e9xico, Christopher Landau, expres\u00f3 sus condolencias por los hechos ocurridos en los l\u00edmites de&#8230;<\/p>\n","protected":false},"author":1,"featured_media":0,"comment_status":"open","ping_status":"closed","sticky":false,"template":"","format":"standard","meta":{"footnotes":""},"categories":[101,102,6026,73],"tags":[2757,823,9045,77],"class_list":["post-121506","post","type-post","status-publish","format-standard","hentry","category-internacional","category-internacionales","category-portada","category-principal","tag-ataque","tag-eu","tag-familia-lebaron","tag-principal"],"yoast_head":"<!-- This site is optimized with the Yoast SEO plugin v26.5 - https:\/\/yoast.com\/wordpress\/plugins\/seo\/ -->\n<title>Trasladan a cinco menores heridos de la familia LeBar\u00f3n a EU: Landau - NOTICIAS<\/title>\n<meta name=\"robots\" content=\"index, follow, max-snippet:-1, max-image-preview:large, max-video-preview:-1\" \/>\n<link rel=\"canonical\" href=\"https:\/\/laredsocial-noticias.com\/wp\/trasladan-a-cinco-menores-heridos-de-la-familia-lebaron-a-eu-landau\/\" \/>\n<meta property=\"og:locale\" content=\"es_ES\" \/>\n<meta property=\"og:type\" content=\"article\" \/>\n<meta property=\"og:title\" content=\"Trasladan a cinco menores heridos de la familia LeBar\u00f3n a EU: Landau - NOTICIAS\" \/>\n<meta property=\"og:description\" content=\"El embajador de Estados Unidos en M\u00e9xico, Christopher Landau, expres\u00f3 sus condolencias por los hechos ocurridos en los l\u00edmites de...\" \/>\n<meta property=\"og:url\" content=\"https:\/\/laredsocial-noticias.com\/wp\/trasladan-a-cinco-menores-heridos-de-la-familia-lebaron-a-eu-landau\/\" \/>\n<meta property=\"og:site_name\" content=\"NOTICIAS\" \/>\n<meta property=\"article:published_time\" content=\"2019-11-06T00:28:15+00:00\" \/>\n<meta property=\"article:modified_time\" content=\"2019-11-06T00:28:29+00:00\" \/>\n<meta property=\"og:image\" content=\"https:\/\/laredsocial-noticias.com\/wp\/wp-content\/uploads\/2019\/11\/Christopher_Landau_embajada.jpg\" \/>\n\t<meta property=\"og:image:width\" content=\"635\" \/>\n\t<meta property=\"og:image:height\" content=\"356\" \/>\n\t<meta property=\"og:image:type\" content=\"image\/jpeg\" \/>\n<meta name=\"author\" content=\"Editor en Jefe\" \/>\n<meta name=\"twitter:card\" content=\"summary_large_image\" \/>\n<meta name=\"twitter:label1\" content=\"Escrito por\" \/>\n\t<meta name=\"twitter:data1\" content=\"Editor en Jefe\" \/>\n\t<meta name=\"twitter:label2\" content=\"Tiempo de lectura\" \/>\n\t<meta name=\"twitter:data2\" content=\"1 minuto\" \/>\n<!-- \/ Yoast SEO plugin. -->","yoast_head_json":{"title":"Trasladan a cinco menores heridos de la familia LeBar\u00f3n a EU: Landau - NOTICIAS","robots":{"index":"index","follow":"follow","max-snippet":"max-snippet:-1","max-image-preview":"max-image-preview:large","max-video-preview":"max-video-preview:-1"},"canonical":"https:\/\/laredsocial-noticias.com\/wp\/trasladan-a-cinco-menores-heridos-de-la-familia-lebaron-a-eu-landau\/","og_locale":"es_ES","og_type":"article","og_title":"Trasladan a cinco menores heridos de la familia LeBar\u00f3n a EU: Landau - NOTICIAS","og_description":"El embajador de Estados Unidos en M\u00e9xico, Christopher Landau, expres\u00f3 sus condolencias por los hechos ocurridos en los l\u00edmites de...","og_url":"https:\/\/laredsocial-noticias.com\/wp\/trasladan-a-cinco-menores-heridos-de-la-familia-lebaron-a-eu-landau\/","og_site_name":"NOTICIAS","article_published_time":"2019-11-06T00:28:15+00:00","article_modified_time":"2019-11-06T00:28:29+00:00","og_image":[{"width":635,"height":356,"url":"https:\/\/laredsocial-noticias.com\/wp\/wp-content\/uploads\/2019\/11\/Christopher_Landau_embajada.jpg","type":"image\/jpeg"}],"author":"Editor en Jefe","twitter_card":"summary_large_image","twitter_misc":{"Escrito por":"Editor en Jefe","Tiempo de lectura":"1 minuto"},"schema":{"@context":"https:\/\/schema.org","@graph":[{"@type":"WebPage","@id":"https:\/\/laredsocial-noticias.com\/wp\/trasladan-a-cinco-menores-heridos-de-la-familia-lebaron-a-eu-landau\/","url":"https:\/\/laredsocial-noticias.com\/wp\/trasladan-a-cinco-menores-heridos-de-la-familia-lebaron-a-eu-landau\/","name":"Trasladan a cinco menores heridos de la familia LeBar\u00f3n a EU: Landau - NOTICIAS","isPartOf":{"@id":"https:\/\/laredsocial-noticias.com\/wp\/#website"},"datePublished":"2019-11-06T00:28:15+00:00","dateModified":"2019-11-06T00:28:29+00:00","author":{"@id":"https:\/\/laredsocial-noticias.com\/wp\/#\/schema\/person\/0ce78643f2de7aae6f6ef10e8453a6e0"},"breadcrumb":{"@id":"https:\/\/laredsocial-noticias.com\/wp\/trasladan-a-cinco-menores-heridos-de-la-familia-lebaron-a-eu-landau\/#breadcrumb"},"inLanguage":"es","potentialAction":[{"@type":"ReadAction","target":["https:\/\/laredsocial-noticias.com\/wp\/trasladan-a-cinco-menores-heridos-de-la-familia-lebaron-a-eu-landau\/"]}]},{"@type":"BreadcrumbList","@id":"https:\/\/laredsocial-noticias.com\/wp\/trasladan-a-cinco-menores-heridos-de-la-familia-lebaron-a-eu-landau\/#breadcrumb","itemListElement":[{"@type":"ListItem","position":1,"name":"Portada","item":"https:\/\/laredsocial-noticias.com\/wp\/"},{"@type":"ListItem","position":2,"name":"Trasladan a cinco menores heridos de la familia LeBar\u00f3n a EU: Landau"}]},{"@type":"WebSite","@id":"https:\/\/laredsocial-noticias.com\/wp\/#website","url":"https:\/\/laredsocial-noticias.com\/wp\/","name":"NOTICIAS","description":"Lo que se ve y se dice en las redes sociales","potentialAction":[{"@type":"SearchAction","target":{"@type":"EntryPoint","urlTemplate":"https:\/\/laredsocial-noticias.com\/wp\/?s={search_term_string}"},"query-input":{"@type":"PropertyValueSpecification","valueRequired":true,"valueName":"search_term_string"}}],"inLanguage":"es"},{"@type":"Person","@id":"https:\/\/laredsocial-noticias.com\/wp\/#\/schema\/person\/0ce78643f2de7aae6f6ef10e8453a6e0","name":"Editor en Jefe","url":"https:\/\/laredsocial-noticias.com\/wp\/author\/jorgeochoa\/"}]}},"_links":{"self":[{"href":"https:\/\/laredsocial-noticias.com\/wp\/wp-json\/wp\/v2\/posts\/121506","targetHints":{"allow":["GET"]}}],"collection":[{"href":"https:\/\/laredsocial-noticias.com\/wp\/wp-json\/wp\/v2\/posts"}],"about":[{"href":"https:\/\/laredsocial-noticias.com\/wp\/wp-json\/wp\/v2\/types\/post"}],"author":[{"embeddable":true,"href":"https:\/\/laredsocial-noticias.com\/wp\/wp-json\/wp\/v2\/users\/1"}],"replies":[{"embeddable":true,"href":"https:\/\/laredsocial-noticias.com\/wp\/wp-json\/wp\/v2\/comments?post=121506"}],"version-history":[{"count":1,"href":"https:\/\/laredsocial-noticias.com\/wp\/wp-json\/wp\/v2\/posts\/121506\/revisions"}],"predecessor-version":[{"id":121507,"href":"https:\/\/laredsocial-noticias.com\/wp\/wp-json\/wp\/v2\/posts\/121506\/revisions\/121507"}],"wp:attachment":[{"href":"https:\/\/laredsocial-noticias.com\/wp\/wp-json\/wp\/v2\/media?parent=121506"}],"wp:term":[{"taxonomy":"category","embeddable":true,"href":"https:\/\/laredsocial-noticias.com\/wp\/wp-json\/wp\/v2\/categories?post=121506"},{"taxonomy":"post_tag","embeddable":true,"href":"https:\/\/laredsocial-noticias.com\/wp\/wp-json\/wp\/v2\/tags?post=121506"}],"curies":[{"name":"wp","href":"https:\/\/api.w.org\/{rel}","templated":true}]}}