{"id":124526,"date":"2020-01-18T10:55:26","date_gmt":"2020-01-18T16:55:26","guid":{"rendered":"http:\/\/laredsocial-noticias.com\/wp\/?p=124526"},"modified":"2020-01-18T10:55:55","modified_gmt":"2020-01-18T16:55:55","slug":"5-puntos-a-tener-en-cuenta-para-ser-un-emprendedor-de-exito","status":"publish","type":"post","link":"https:\/\/laredsocial-noticias.com\/wp\/5-puntos-a-tener-en-cuenta-para-ser-un-emprendedor-de-exito\/","title":{"rendered":"5 puntos a tener en cuenta para ser un emprendedor de \u00e9xito"},"content":{"rendered":"<p>Un 65.86% de los j\u00f3venes mexicanos son predispuestos a llevar a cabo una actividad emprendedora. Comparado con otros pa\u00edses est\u00e1n pr\u00e1cticamente 30 puntos por encima del porcentaje mostrado por los j\u00f3venes espa\u00f1oles (36.54%) o italianos (45.29%).<br \/>\nSon \u00e9stos los datos arrojados en el \u00faltimo informe sociol\u00f3gico elaborado por Young Business Talents , un programa formativo con simuladores de gesti\u00f3n empresarial organizado por PraxisMMT y NIVEA.<br \/>\nLa educaci\u00f3n, el optimismo hacia el futuro o la preparaci\u00f3n que encuentran en su entorno son algunas de las causas por las que los mexicanos tienen un alto nivel en cuanto a emprendimiento comparado con el de otros pa\u00edses.<br \/>\nEn este contexto, desde PraxisMMT, empresa con m\u00e1s de 20 a\u00f1os de experiencia formando a estudiantes, profesionales y directivos en gesti\u00f3n empresarial con simuladores de \u00faltima generaci\u00f3n, han elaborado la gu\u00eda \u2018Claves para formar a un emprendedor\u2019.<br \/>\n\u201cNo cualquier persona puede ser emprendedor si no tiene ciertas cualidades. O por lo menos, le ser\u00eda mucho m\u00e1s complicado sacar el proyecto adelante\u201d, afirma Mario Mart\u00ednez, director de PraxisMMT y de proyectos formativos internacionales como Young Business Talents.<br \/>\n\u201cEn un mundo de continuos cambios y una competencia extrema, tener un proyecto se convierte en una carrera a largo plazo. Si no se tiene una idea original, supone hacer mejor o de forma diferente lo que ya se conoce. Cualquier persona que quiera emprender debe trabajar al m\u00e1ximo no s\u00f3lo en el proyecto sino tambi\u00e9n de forma personal en sus valores y habilidades\u201d, recalc\u00f3 Mart\u00ednez.<br \/>\nEstos ser\u00edan los principales puntos a tener en cuenta para una persona que quiere emprender seg\u00fan la gu\u00eda elaborada por PraxisMMT:<\/p>\n<p>1.- Formaci\u00f3n acad\u00e9mica: No s\u00f3lo ser\u00e1 necesario tener un conocimiento del sector en el que se pondr\u00e1 en marcha el proyecto, sino tambi\u00e9n una base en gesti\u00f3n empresarial. Esto puede obtenerse a trav\u00e9s de grados universitarios, masters o cursos, aunque lo que realmente resultar\u00e1 \u00fatil es la obtenci\u00f3n de experiencia y esto puede adquirirse con simuladores empresariales de \u00faltima generaci\u00f3n que permiten al emprendedor vivir la gesti\u00f3n en un laboratorio para practicar sin riesgo la gesti\u00f3n a la que se van a enfrentar.<\/p>\n<p>2.- Cualidades: un buen emprendedor debe de poseer ciertos valores como capacidad de trabajo, esfuerzo, constancia, flexibilidad, autocr\u00edtica, responsabilidad, organizaci\u00f3n o af\u00e1n de mejora. Adem\u00e1s de ciertas habilidades duras como an\u00e1lisis, toma de decisiones, valoraci\u00f3n o negociaci\u00f3n y blandas, como liderazgo, comunicaci\u00f3n, resistencia a la frustraci\u00f3n, trabajo en equipo o inteligencia emocional.<\/p>\n<p>3.- Riesgos: No hay proyecto que no conlleve arriesgar y no s\u00f3lo en el plano profesional sino tambi\u00e9n en el personal. El emprendedor pierde comodidad, estabilidad, horarios establecidos, probablemente tiempo para su vida personal\u2026 pero a mayor riesgo, el retorno de todo ese esfuerzo ser\u00e1 mayor, tanto para la persona como para la sociedad.<\/p>\n<p>4.- Momento ideal: El momento ideal para emprender ser\u00e1 aquel en el que la persona tenga los recursos, conocimientos, experiencia y tiempo necesarios para aportarlos al negocio. Tenerlos todos al mismo tiempo puede resultar dif\u00edcil, por lo que cada no deber\u00e1 poner en la balanza qu\u00e9 tiene y de qu\u00e9 cree que puede prescindir en el corto y medio plazo.<\/p>\n<p>5.- Idiomas: Los idiomas son fundamentales en todos los \u00e1mbitos de la vida, poseerlos es un gran valor a\u00f1adido. En la mayor\u00eda de los negocios resulta necesario un planteamiento escalable a nivel internacional, y por lo tanto saber idiomas es primordial.<\/p>\n","protected":false},"excerpt":{"rendered":"<p>Un 65.86% de los j\u00f3venes mexicanos son predispuestos a llevar a cabo una actividad emprendedora. Comparado con otros pa\u00edses est\u00e1n&#8230;<\/p>\n","protected":false},"author":1,"featured_media":0,"comment_status":"open","ping_status":"closed","sticky":false,"template":"","format":"standard","meta":{"footnotes":""},"categories":[2811,6026,73],"tags":[2842,9382,4959,77],"class_list":["post-124526","post","type-post","status-publish","format-standard","hentry","category-economia","category-portada","category-principal","tag-emprendedor","tag-exito","tag-featured","tag-principal"],"yoast_head":"<!-- This site is optimized with the Yoast SEO plugin v26.5 - https:\/\/yoast.com\/wordpress\/plugins\/seo\/ -->\n<title>5 puntos a tener en cuenta para ser un emprendedor de \u00e9xito - NOTICIAS<\/title>\n<meta name=\"robots\" content=\"index, follow, max-snippet:-1, max-image-preview:large, max-video-preview:-1\" \/>\n<link rel=\"canonical\" href=\"https:\/\/laredsocial-noticias.com\/wp\/5-puntos-a-tener-en-cuenta-para-ser-un-emprendedor-de-exito\/\" \/>\n<meta property=\"og:locale\" content=\"es_ES\" \/>\n<meta property=\"og:type\" content=\"article\" \/>\n<meta property=\"og:title\" content=\"5 puntos a tener en cuenta para ser un emprendedor de \u00e9xito - NOTICIAS\" \/>\n<meta property=\"og:description\" content=\"Un 65.86% de los j\u00f3venes mexicanos son predispuestos a llevar a cabo una actividad emprendedora. Comparado con otros pa\u00edses est\u00e1n...\" \/>\n<meta property=\"og:url\" content=\"https:\/\/laredsocial-noticias.com\/wp\/5-puntos-a-tener-en-cuenta-para-ser-un-emprendedor-de-exito\/\" \/>\n<meta property=\"og:site_name\" content=\"NOTICIAS\" \/>\n<meta property=\"article:published_time\" content=\"2020-01-18T16:55:26+00:00\" \/>\n<meta property=\"article:modified_time\" content=\"2020-01-18T16:55:55+00:00\" \/>\n<meta property=\"og:image\" content=\"https:\/\/laredsocial-noticias.com\/wp\/wp-content\/uploads\/2020\/01\/5-puntos-a-tener-en-cuenta-para-ser-un-emprendedor-de-\u00e9xito.jpg\" \/>\n\t<meta property=\"og:image:width\" content=\"822\" \/>\n\t<meta property=\"og:image:height\" content=\"462\" \/>\n\t<meta property=\"og:image:type\" content=\"image\/jpeg\" \/>\n<meta name=\"author\" content=\"Editor en Jefe\" \/>\n<meta name=\"twitter:card\" content=\"summary_large_image\" \/>\n<meta name=\"twitter:label1\" content=\"Escrito por\" \/>\n\t<meta name=\"twitter:data1\" content=\"Editor en Jefe\" \/>\n\t<meta name=\"twitter:label2\" content=\"Tiempo de lectura\" \/>\n\t<meta name=\"twitter:data2\" content=\"3 minutos\" \/>\n<!-- \/ Yoast SEO plugin. -->","yoast_head_json":{"title":"5 puntos a tener en cuenta para ser un emprendedor de \u00e9xito - NOTICIAS","robots":{"index":"index","follow":"follow","max-snippet":"max-snippet:-1","max-image-preview":"max-image-preview:large","max-video-preview":"max-video-preview:-1"},"canonical":"https:\/\/laredsocial-noticias.com\/wp\/5-puntos-a-tener-en-cuenta-para-ser-un-emprendedor-de-exito\/","og_locale":"es_ES","og_type":"article","og_title":"5 puntos a tener en cuenta para ser un emprendedor de \u00e9xito - NOTICIAS","og_description":"Un 65.86% de los j\u00f3venes mexicanos son predispuestos a llevar a cabo una actividad emprendedora. Comparado con otros pa\u00edses est\u00e1n...","og_url":"https:\/\/laredsocial-noticias.com\/wp\/5-puntos-a-tener-en-cuenta-para-ser-un-emprendedor-de-exito\/","og_site_name":"NOTICIAS","article_published_time":"2020-01-18T16:55:26+00:00","article_modified_time":"2020-01-18T16:55:55+00:00","og_image":[{"width":822,"height":462,"url":"https:\/\/laredsocial-noticias.com\/wp\/wp-content\/uploads\/2020\/01\/5-puntos-a-tener-en-cuenta-para-ser-un-emprendedor-de-\u00e9xito.jpg","type":"image\/jpeg"}],"author":"Editor en Jefe","twitter_card":"summary_large_image","twitter_misc":{"Escrito por":"Editor en Jefe","Tiempo de lectura":"3 minutos"},"schema":{"@context":"https:\/\/schema.org","@graph":[{"@type":"WebPage","@id":"https:\/\/laredsocial-noticias.com\/wp\/5-puntos-a-tener-en-cuenta-para-ser-un-emprendedor-de-exito\/","url":"https:\/\/laredsocial-noticias.com\/wp\/5-puntos-a-tener-en-cuenta-para-ser-un-emprendedor-de-exito\/","name":"5 puntos a tener en cuenta para ser un emprendedor de \u00e9xito - NOTICIAS","isPartOf":{"@id":"https:\/\/laredsocial-noticias.com\/wp\/#website"},"datePublished":"2020-01-18T16:55:26+00:00","dateModified":"2020-01-18T16:55:55+00:00","author":{"@id":"https:\/\/laredsocial-noticias.com\/wp\/#\/schema\/person\/0ce78643f2de7aae6f6ef10e8453a6e0"},"breadcrumb":{"@id":"https:\/\/laredsocial-noticias.com\/wp\/5-puntos-a-tener-en-cuenta-para-ser-un-emprendedor-de-exito\/#breadcrumb"},"inLanguage":"es","potentialAction":[{"@type":"ReadAction","target":["https:\/\/laredsocial-noticias.com\/wp\/5-puntos-a-tener-en-cuenta-para-ser-un-emprendedor-de-exito\/"]}]},{"@type":"BreadcrumbList","@id":"https:\/\/laredsocial-noticias.com\/wp\/5-puntos-a-tener-en-cuenta-para-ser-un-emprendedor-de-exito\/#breadcrumb","itemListElement":[{"@type":"ListItem","position":1,"name":"Portada","item":"https:\/\/laredsocial-noticias.com\/wp\/"},{"@type":"ListItem","position":2,"name":"5 puntos a tener en cuenta para ser un emprendedor de \u00e9xito"}]},{"@type":"WebSite","@id":"https:\/\/laredsocial-noticias.com\/wp\/#website","url":"https:\/\/laredsocial-noticias.com\/wp\/","name":"NOTICIAS","description":"Lo que se ve y se dice en las redes sociales","potentialAction":[{"@type":"SearchAction","target":{"@type":"EntryPoint","urlTemplate":"https:\/\/laredsocial-noticias.com\/wp\/?s={search_term_string}"},"query-input":{"@type":"PropertyValueSpecification","valueRequired":true,"valueName":"search_term_string"}}],"inLanguage":"es"},{"@type":"Person","@id":"https:\/\/laredsocial-noticias.com\/wp\/#\/schema\/person\/0ce78643f2de7aae6f6ef10e8453a6e0","name":"Editor en Jefe","url":"https:\/\/laredsocial-noticias.com\/wp\/author\/jorgeochoa\/"}]}},"_links":{"self":[{"href":"https:\/\/laredsocial-noticias.com\/wp\/wp-json\/wp\/v2\/posts\/124526","targetHints":{"allow":["GET"]}}],"collection":[{"href":"https:\/\/laredsocial-noticias.com\/wp\/wp-json\/wp\/v2\/posts"}],"about":[{"href":"https:\/\/laredsocial-noticias.com\/wp\/wp-json\/wp\/v2\/types\/post"}],"author":[{"embeddable":true,"href":"https:\/\/laredsocial-noticias.com\/wp\/wp-json\/wp\/v2\/users\/1"}],"replies":[{"embeddable":true,"href":"https:\/\/laredsocial-noticias.com\/wp\/wp-json\/wp\/v2\/comments?post=124526"}],"version-history":[{"count":1,"href":"https:\/\/laredsocial-noticias.com\/wp\/wp-json\/wp\/v2\/posts\/124526\/revisions"}],"predecessor-version":[{"id":124527,"href":"https:\/\/laredsocial-noticias.com\/wp\/wp-json\/wp\/v2\/posts\/124526\/revisions\/124527"}],"wp:attachment":[{"href":"https:\/\/laredsocial-noticias.com\/wp\/wp-json\/wp\/v2\/media?parent=124526"}],"wp:term":[{"taxonomy":"category","embeddable":true,"href":"https:\/\/laredsocial-noticias.com\/wp\/wp-json\/wp\/v2\/categories?post=124526"},{"taxonomy":"post_tag","embeddable":true,"href":"https:\/\/laredsocial-noticias.com\/wp\/wp-json\/wp\/v2\/tags?post=124526"}],"curies":[{"name":"wp","href":"https:\/\/api.w.org\/{rel}","templated":true}]}}