{"id":12454,"date":"2016-06-08T19:11:38","date_gmt":"2016-06-09T00:11:38","guid":{"rendered":"http:\/\/laredsocial-noticias.com\/wp\/?p=12454"},"modified":"2016-06-08T19:11:38","modified_gmt":"2016-06-09T00:11:38","slug":"aprueba-uam-doctorado-en-humanidades","status":"publish","type":"post","link":"https:\/\/laredsocial-noticias.com\/wp\/aprueba-uam-doctorado-en-humanidades\/","title":{"rendered":"Aprueba UAM doctorado en humanidades"},"content":{"rendered":"<p class=\"ecxMsoNoSpacing\"><img loading=\"lazy\" decoding=\"async\" class=\"alignright size-full wp-image-12455\" src=\"http:\/\/laredsocial-noticias.com\/wp\/wp-content\/uploads\/2016\/06\/N\u00c3\u00bamero-256.jpg\" alt=\"N\u00c3\u00bamero 256\" width=\"1742\" height=\"1161\" data-wp-pid=\"12455\" \/><\/p>\n<p class=\"ecxMsoNoSpacing\">El Colegio Acad\u00e9mico de la Universidad Aut\u00f3noma Metropolitana (UAM) aprob\u00f3 en su sesi\u00f3n 398 la creaci\u00f3n del Doctorado en Humanidades de la Divisi\u00f3n de Ciencias Sociales y Humanidades, como propuso el Consejo Acad\u00e9mico de la Unidad Xochimilco.<\/p>\n<p class=\"ecxMsoNoSpacing\">\n<p class=\"ecxMsoNoSpacing\">Con una duraci\u00f3n de cuatro a\u00f1os, el posgrado posee un programa acad\u00e9mico que enfatiza las dimensiones \u00e9tica y est\u00e9tica de ese campo del conocimiento. Configurado en ocho l\u00edneas de investigaci\u00f3n, emitir\u00e1 su primera convocatoria el a\u00f1o pr\u00f3ximo para iniciar clases durante el trimestre 2017-Oto\u00f1o.<\/p>\n<p class=\"ecxMsoNoSpacing\">\n<p class=\"ecxMsoNoSpacing\">Filosof\u00eda y pensamiento cr\u00edtico; Estudios culturales y cr\u00edtica poscolonial; Estudios hist\u00f3ricos y po\u00e9ticas de la memoria; Estudios en humanidades digitales; Teor\u00eda e interpretaci\u00f3n literaria; Teor\u00edas y an\u00e1lisis del arte; Teor\u00eda y an\u00e1lisis cinematogr\u00e1fico, y Lenguajes, significaci\u00f3n e interpretaci\u00f3n son sus \u00e1reas espec\u00edficas.<\/p>\n<p class=\"ecxMsoNoSpacing\">\n<p class=\"ecxMsoNoSpacing\">Estar\u00e1 abierto a egresados de Filosof\u00eda, Letras, Artes Pl\u00e1sticas, Comunicaci\u00f3n Visual, Dise\u00f1o Gr\u00e1fico, Ciencias y Artes para el Dise\u00f1o, Arquitectura, Cinematograf\u00eda, Ling\u00fc\u00edstica, Teor\u00eda del Discurso, Semi\u00f3tica, Comunicaci\u00f3n Social, Antropolog\u00eda Social, Sociolog\u00eda, Ciencia Pol\u00edtica, Derecho, Historia y otras disciplinas afines, pues la intenci\u00f3n es promover un trabajo interdisciplinar.<\/p>\n<p class=\"ecxMsoNoSpacing\">\n<p class=\"ecxMsoNoSpacing\">El car\u00e1cter innovador del Doctorado destaca por retomar t\u00f3picos emergentes derivados de la revoluci\u00f3n tecnol\u00f3gica en los campos culturales y la implementaci\u00f3n de pol\u00edticas p\u00fablicas de expansi\u00f3n de la cobertura de los sistemas de educaci\u00f3n media superior y superior, as\u00ed como del crecimiento de los programas de difusi\u00f3n cultural.<\/p>\n<p class=\"ecxMsoNoSpacing\">\n<p class=\"ecxMsoNoSpacing\">El plan de estudios permitir\u00e1 el desarrollo de proyectos de investigaci\u00f3n y de formaci\u00f3n acad\u00e9mica de alto nivel que fomentar\u00e1n la apertura de campos de reflexi\u00f3n y problematizaci\u00f3n propios, con la finalidad de entablar di\u00e1logos con otras \u00e1reas del conocimiento.<\/p>\n<p class=\"ecxMsoNoSpacing\">\n<p class=\"ecxMsoNoSpacing\">El primer a\u00f1o iniciar\u00e1 con dos l\u00edneas de investigaci\u00f3n que permitir\u00e1n dar continuidad al trabajo que ya se desarrolla en dicha Unidad en los niveles de licenciatura y Maestr\u00eda. En lo sucesivo, cada a\u00f1o se ir\u00e1n incorporando las dem\u00e1s \u00e1reas hasta completar las ocho l\u00edneas previstas para ser ofertadas a los aspirantes.<\/p>\n<p class=\"ecxMsoNoSpacing\">\n<p class=\"ecxMsoNoSpacing\">Una de ellas ser\u00e1 Estudios culturales y cr\u00edtica poscolonial, mediante la cual se fomentar\u00e1 en el alumno una cr\u00edtica al pensamiento euroc\u00e9ntrico. Se trata de un \u00e1rea interesada en estimular la reflexi\u00f3n sobre la cultura, pero ahora desde la visi\u00f3n latinoamericana.<\/p>\n<p class=\"ecxMsoNoSpacing\">\n<p class=\"ecxMsoNoSpacing\">Durante la presentaci\u00f3n al Colegio Acad\u00e9mico, el doctor Diego Lizarazo resalt\u00f3 que hasta ahora no existe en M\u00e9xico un posgrado de este tipo, pues \u201cofrece un horizonte epistemol\u00f3gico que estar\u00e1 guiado por un grupo docente dedicado a los estudios cinematogr\u00e1ficos, las artes y la literatura en sus quehaceres profesional y cotidiano\u201d.<\/p>\n<p class=\"ecxMsoNoSpacing\">\n<p class=\"ecxMsoNoSpacing\">As\u00ed, la UAM aprob\u00f3 su programa n\u00famero 76 de car\u00e1cter integral, es decir, que abarca especializaci\u00f3n, maestr\u00eda y doctorado, convirti\u00e9ndose en el cent\u00e9simo plan de posgrados que la UAM ofrece. En su mensaje el rector general, doctor Salvador Vega y Le\u00f3n, manifest\u00f3 que \u201ceste acontecimiento da muestra de las fortalezas del personal acad\u00e9mico y de la instituci\u00f3n\u201d.<\/p>\n<p class=\"ecxMsoNoSpacing\">\n<p class=\"ecxMsoNoSpacing\">\n","protected":false},"excerpt":{"rendered":"<p>El Colegio Acad\u00e9mico de la Universidad Aut\u00f3noma Metropolitana (UAM) aprob\u00f3 en su sesi\u00f3n 398 la creaci\u00f3n del Doctorado en Humanidades&#8230;<\/p>\n","protected":false},"author":1,"featured_media":0,"comment_status":"open","ping_status":"open","sticky":false,"template":"","format":"standard","meta":{"footnotes":""},"categories":[2193],"tags":[],"class_list":["post-12454","post","type-post","status-publish","format-standard","hentry","category-universidades-2"],"yoast_head":"<!-- This site is optimized with the Yoast SEO plugin v26.5 - https:\/\/yoast.com\/wordpress\/plugins\/seo\/ -->\n<title>Aprueba UAM doctorado en humanidades - NOTICIAS<\/title>\n<meta name=\"robots\" content=\"index, follow, max-snippet:-1, max-image-preview:large, max-video-preview:-1\" \/>\n<link rel=\"canonical\" href=\"https:\/\/laredsocial-noticias.com\/wp\/aprueba-uam-doctorado-en-humanidades\/\" \/>\n<meta property=\"og:locale\" content=\"es_ES\" \/>\n<meta property=\"og:type\" content=\"article\" \/>\n<meta property=\"og:title\" content=\"Aprueba UAM doctorado en humanidades - NOTICIAS\" \/>\n<meta property=\"og:description\" content=\"El Colegio Acad\u00e9mico de la Universidad Aut\u00f3noma Metropolitana (UAM) aprob\u00f3 en su sesi\u00f3n 398 la creaci\u00f3n del Doctorado en Humanidades...\" \/>\n<meta property=\"og:url\" content=\"https:\/\/laredsocial-noticias.com\/wp\/aprueba-uam-doctorado-en-humanidades\/\" \/>\n<meta property=\"og:site_name\" content=\"NOTICIAS\" \/>\n<meta property=\"article:published_time\" content=\"2016-06-09T00:11:38+00:00\" \/>\n<meta property=\"og:image\" content=\"https:\/\/laredsocial-noticias.com\/wp\/wp-content\/uploads\/2016\/06\/N\u00c3\u00bamero-256.jpg\" \/>\n\t<meta property=\"og:image:width\" content=\"1742\" \/>\n\t<meta property=\"og:image:height\" content=\"1161\" \/>\n\t<meta property=\"og:image:type\" content=\"image\/jpeg\" \/>\n<meta name=\"author\" content=\"Editor en Jefe\" \/>\n<meta name=\"twitter:card\" content=\"summary_large_image\" \/>\n<meta name=\"twitter:label1\" content=\"Escrito por\" \/>\n\t<meta name=\"twitter:data1\" content=\"Editor en Jefe\" \/>\n\t<meta name=\"twitter:label2\" content=\"Tiempo de lectura\" \/>\n\t<meta name=\"twitter:data2\" content=\"3 minutos\" \/>\n<!-- \/ Yoast SEO plugin. -->","yoast_head_json":{"title":"Aprueba UAM doctorado en humanidades - NOTICIAS","robots":{"index":"index","follow":"follow","max-snippet":"max-snippet:-1","max-image-preview":"max-image-preview:large","max-video-preview":"max-video-preview:-1"},"canonical":"https:\/\/laredsocial-noticias.com\/wp\/aprueba-uam-doctorado-en-humanidades\/","og_locale":"es_ES","og_type":"article","og_title":"Aprueba UAM doctorado en humanidades - NOTICIAS","og_description":"El Colegio Acad\u00e9mico de la Universidad Aut\u00f3noma Metropolitana (UAM) aprob\u00f3 en su sesi\u00f3n 398 la creaci\u00f3n del Doctorado en Humanidades...","og_url":"https:\/\/laredsocial-noticias.com\/wp\/aprueba-uam-doctorado-en-humanidades\/","og_site_name":"NOTICIAS","article_published_time":"2016-06-09T00:11:38+00:00","og_image":[{"width":1742,"height":1161,"url":"https:\/\/laredsocial-noticias.com\/wp\/wp-content\/uploads\/2016\/06\/N\u00c3\u00bamero-256.jpg","type":"image\/jpeg"}],"author":"Editor en Jefe","twitter_card":"summary_large_image","twitter_misc":{"Escrito por":"Editor en Jefe","Tiempo de lectura":"3 minutos"},"schema":{"@context":"https:\/\/schema.org","@graph":[{"@type":"WebPage","@id":"https:\/\/laredsocial-noticias.com\/wp\/aprueba-uam-doctorado-en-humanidades\/","url":"https:\/\/laredsocial-noticias.com\/wp\/aprueba-uam-doctorado-en-humanidades\/","name":"Aprueba UAM doctorado en humanidades - NOTICIAS","isPartOf":{"@id":"https:\/\/laredsocial-noticias.com\/wp\/#website"},"datePublished":"2016-06-09T00:11:38+00:00","author":{"@id":"https:\/\/laredsocial-noticias.com\/wp\/#\/schema\/person\/0ce78643f2de7aae6f6ef10e8453a6e0"},"breadcrumb":{"@id":"https:\/\/laredsocial-noticias.com\/wp\/aprueba-uam-doctorado-en-humanidades\/#breadcrumb"},"inLanguage":"es","potentialAction":[{"@type":"ReadAction","target":["https:\/\/laredsocial-noticias.com\/wp\/aprueba-uam-doctorado-en-humanidades\/"]}]},{"@type":"BreadcrumbList","@id":"https:\/\/laredsocial-noticias.com\/wp\/aprueba-uam-doctorado-en-humanidades\/#breadcrumb","itemListElement":[{"@type":"ListItem","position":1,"name":"Portada","item":"https:\/\/laredsocial-noticias.com\/wp\/"},{"@type":"ListItem","position":2,"name":"Aprueba UAM doctorado en humanidades"}]},{"@type":"WebSite","@id":"https:\/\/laredsocial-noticias.com\/wp\/#website","url":"https:\/\/laredsocial-noticias.com\/wp\/","name":"NOTICIAS","description":"Lo que se ve y se dice en las redes sociales","potentialAction":[{"@type":"SearchAction","target":{"@type":"EntryPoint","urlTemplate":"https:\/\/laredsocial-noticias.com\/wp\/?s={search_term_string}"},"query-input":{"@type":"PropertyValueSpecification","valueRequired":true,"valueName":"search_term_string"}}],"inLanguage":"es"},{"@type":"Person","@id":"https:\/\/laredsocial-noticias.com\/wp\/#\/schema\/person\/0ce78643f2de7aae6f6ef10e8453a6e0","name":"Editor en Jefe","url":"https:\/\/laredsocial-noticias.com\/wp\/author\/jorgeochoa\/"}]}},"_links":{"self":[{"href":"https:\/\/laredsocial-noticias.com\/wp\/wp-json\/wp\/v2\/posts\/12454","targetHints":{"allow":["GET"]}}],"collection":[{"href":"https:\/\/laredsocial-noticias.com\/wp\/wp-json\/wp\/v2\/posts"}],"about":[{"href":"https:\/\/laredsocial-noticias.com\/wp\/wp-json\/wp\/v2\/types\/post"}],"author":[{"embeddable":true,"href":"https:\/\/laredsocial-noticias.com\/wp\/wp-json\/wp\/v2\/users\/1"}],"replies":[{"embeddable":true,"href":"https:\/\/laredsocial-noticias.com\/wp\/wp-json\/wp\/v2\/comments?post=12454"}],"version-history":[{"count":1,"href":"https:\/\/laredsocial-noticias.com\/wp\/wp-json\/wp\/v2\/posts\/12454\/revisions"}],"predecessor-version":[{"id":12456,"href":"https:\/\/laredsocial-noticias.com\/wp\/wp-json\/wp\/v2\/posts\/12454\/revisions\/12456"}],"wp:attachment":[{"href":"https:\/\/laredsocial-noticias.com\/wp\/wp-json\/wp\/v2\/media?parent=12454"}],"wp:term":[{"taxonomy":"category","embeddable":true,"href":"https:\/\/laredsocial-noticias.com\/wp\/wp-json\/wp\/v2\/categories?post=12454"},{"taxonomy":"post_tag","embeddable":true,"href":"https:\/\/laredsocial-noticias.com\/wp\/wp-json\/wp\/v2\/tags?post=12454"}],"curies":[{"name":"wp","href":"https:\/\/api.w.org\/{rel}","templated":true}]}}