{"id":124799,"date":"2020-01-26T16:12:49","date_gmt":"2020-01-26T22:12:49","guid":{"rendered":"http:\/\/laredsocial-noticias.com\/wp\/?p=124799"},"modified":"2020-01-26T16:13:15","modified_gmt":"2020-01-26T22:13:15","slug":"trabajara-senado-por-derechos-de-adultos-mayores","status":"publish","type":"post","link":"https:\/\/laredsocial-noticias.com\/wp\/trabajara-senado-por-derechos-de-adultos-mayores\/","title":{"rendered":"Trabajar\u00e1 Senado por derechos de adultos mayores"},"content":{"rendered":"<p>El Senado de la Rep\u00fablica aprob\u00f3 aprob\u00f3 el dictamen sobre la Ley de los Derechos de las Personas Adultas Mayores, en materia de\u00a0<strong>igualdad, no discriminaci\u00f3n y calidad de vida.<\/strong><\/p>\n<p>Esta reforma garantiza las\u00a0<strong>condiciones \u00f3ptimas para que los adultos mayores<\/strong>\u00a0puedan gozar de una plena calidad de vida en salud, vivienda, as\u00ed como seguridad social.<\/p>\n<p>Asimismo, se contempla la ampliaci\u00f3n de la\u00a0<strong>cobertura de los espacios de asistencia integral<\/strong>\u00a0para este sector de la poblaci\u00f3n.<\/p>\n<div class=\"wp-block-image\">\n<figure class=\"aligncenter size-large\"><img decoding=\"async\" class=\"wp-image-131649 lazyload\" src=\"https:\/\/nyc3.digitaloceanspaces.com\/loume-cdn\/2020\/01\/26112610\/WhatsApp-Image-2020-01-26-at-11.05.41-388x720.jpeg\" sizes=\"(max-width: 388px) 100vw, 388px\" srcset=\"https:\/\/nyc3.digitaloceanspaces.com\/loume-cdn\/2020\/01\/26112610\/WhatsApp-Image-2020-01-26-at-11.05.41-388x720.jpeg 388w, https:\/\/nyc3.digitaloceanspaces.com\/loume-cdn\/2020\/01\/26112610\/WhatsApp-Image-2020-01-26-at-11.05.41-194x360.jpeg 194w, https:\/\/nyc3.digitaloceanspaces.com\/loume-cdn\/2020\/01\/26112610\/WhatsApp-Image-2020-01-26-at-11.05.41.jpeg 689w\" alt=\"\" \/><figcaption>Foto: Senado<\/figcaption><\/figure>\n<\/div>\n<p>En la Ley de los Derechos de las Personas Adultas Mayores se incluyen modificaciones para que las\u00a0<strong>familias proporcionen cuidados y vean por sus necesidades<\/strong>.<\/p>\n<p>De igual manera se ve por aquellos que permanecen en\u00a0<strong>albergues, casas hogar, residencias de d\u00edas<\/strong>, as\u00ed como otros centros de atenci\u00f3n.<\/p>\n<p>El dictamen se public\u00f3 en el Diario Oficial de la Federaci\u00f3n\u00a0<strong>el pasado 24 de enero.<\/strong><\/p>\n","protected":false},"excerpt":{"rendered":"<p>El Senado de la Rep\u00fablica aprob\u00f3 aprob\u00f3 el dictamen sobre la Ley de los Derechos de las Personas Adultas Mayores,&#8230;<\/p>\n","protected":false},"author":1,"featured_media":0,"comment_status":"open","ping_status":"closed","sticky":false,"template":"","format":"standard","meta":{"footnotes":""},"categories":[6028,157,78,1726,6026,73],"tags":[2665,77,60],"class_list":["post-124799","post","type-post","status-publish","format-standard","hentry","category-legislativas","category-legislativo","category-nacional","category-nacionales","category-portada","category-principal","tag-adultos-mayores","tag-principal","tag-senado"],"yoast_head":"<!-- This site is optimized with the Yoast SEO plugin v26.5 - https:\/\/yoast.com\/wordpress\/plugins\/seo\/ -->\n<title>Trabajar\u00e1 Senado por derechos de adultos mayores - NOTICIAS<\/title>\n<meta name=\"robots\" content=\"index, follow, max-snippet:-1, max-image-preview:large, max-video-preview:-1\" \/>\n<link rel=\"canonical\" href=\"https:\/\/laredsocial-noticias.com\/wp\/trabajara-senado-por-derechos-de-adultos-mayores\/\" \/>\n<meta property=\"og:locale\" content=\"es_ES\" \/>\n<meta property=\"og:type\" content=\"article\" \/>\n<meta property=\"og:title\" content=\"Trabajar\u00e1 Senado por derechos de adultos mayores - NOTICIAS\" \/>\n<meta property=\"og:description\" content=\"El Senado de la Rep\u00fablica aprob\u00f3 aprob\u00f3 el dictamen sobre la Ley de los Derechos de las Personas Adultas Mayores,...\" \/>\n<meta property=\"og:url\" content=\"https:\/\/laredsocial-noticias.com\/wp\/trabajara-senado-por-derechos-de-adultos-mayores\/\" \/>\n<meta property=\"og:site_name\" content=\"NOTICIAS\" \/>\n<meta property=\"article:published_time\" content=\"2020-01-26T22:12:49+00:00\" \/>\n<meta property=\"article:modified_time\" content=\"2020-01-26T22:13:15+00:00\" \/>\n<meta property=\"og:image\" content=\"https:\/\/laredsocial-noticias.com\/wp\/wp-content\/uploads\/2020\/01\/Senado.jpg\" \/>\n\t<meta property=\"og:image:width\" content=\"800\" \/>\n\t<meta property=\"og:image:height\" content=\"497\" \/>\n\t<meta property=\"og:image:type\" content=\"image\/jpeg\" \/>\n<meta name=\"author\" content=\"Editor en Jefe\" \/>\n<meta name=\"twitter:card\" content=\"summary_large_image\" \/>\n<meta name=\"twitter:label1\" content=\"Escrito por\" \/>\n\t<meta name=\"twitter:data1\" content=\"Editor en Jefe\" \/>\n\t<meta name=\"twitter:label2\" content=\"Tiempo de lectura\" \/>\n\t<meta name=\"twitter:data2\" content=\"1 minuto\" \/>\n<!-- \/ Yoast SEO plugin. -->","yoast_head_json":{"title":"Trabajar\u00e1 Senado por derechos de adultos mayores - NOTICIAS","robots":{"index":"index","follow":"follow","max-snippet":"max-snippet:-1","max-image-preview":"max-image-preview:large","max-video-preview":"max-video-preview:-1"},"canonical":"https:\/\/laredsocial-noticias.com\/wp\/trabajara-senado-por-derechos-de-adultos-mayores\/","og_locale":"es_ES","og_type":"article","og_title":"Trabajar\u00e1 Senado por derechos de adultos mayores - NOTICIAS","og_description":"El Senado de la Rep\u00fablica aprob\u00f3 aprob\u00f3 el dictamen sobre la Ley de los Derechos de las Personas Adultas Mayores,...","og_url":"https:\/\/laredsocial-noticias.com\/wp\/trabajara-senado-por-derechos-de-adultos-mayores\/","og_site_name":"NOTICIAS","article_published_time":"2020-01-26T22:12:49+00:00","article_modified_time":"2020-01-26T22:13:15+00:00","og_image":[{"width":800,"height":497,"url":"https:\/\/laredsocial-noticias.com\/wp\/wp-content\/uploads\/2020\/01\/Senado.jpg","type":"image\/jpeg"}],"author":"Editor en Jefe","twitter_card":"summary_large_image","twitter_misc":{"Escrito por":"Editor en Jefe","Tiempo de lectura":"1 minuto"},"schema":{"@context":"https:\/\/schema.org","@graph":[{"@type":"WebPage","@id":"https:\/\/laredsocial-noticias.com\/wp\/trabajara-senado-por-derechos-de-adultos-mayores\/","url":"https:\/\/laredsocial-noticias.com\/wp\/trabajara-senado-por-derechos-de-adultos-mayores\/","name":"Trabajar\u00e1 Senado por derechos de adultos mayores - NOTICIAS","isPartOf":{"@id":"https:\/\/laredsocial-noticias.com\/wp\/#website"},"primaryImageOfPage":{"@id":"https:\/\/laredsocial-noticias.com\/wp\/trabajara-senado-por-derechos-de-adultos-mayores\/#primaryimage"},"image":{"@id":"https:\/\/laredsocial-noticias.com\/wp\/trabajara-senado-por-derechos-de-adultos-mayores\/#primaryimage"},"thumbnailUrl":"https:\/\/nyc3.digitaloceanspaces.com\/loume-cdn\/2020\/01\/26112610\/WhatsApp-Image-2020-01-26-at-11.05.41-388x720.jpeg","datePublished":"2020-01-26T22:12:49+00:00","dateModified":"2020-01-26T22:13:15+00:00","author":{"@id":"https:\/\/laredsocial-noticias.com\/wp\/#\/schema\/person\/0ce78643f2de7aae6f6ef10e8453a6e0"},"breadcrumb":{"@id":"https:\/\/laredsocial-noticias.com\/wp\/trabajara-senado-por-derechos-de-adultos-mayores\/#breadcrumb"},"inLanguage":"es","potentialAction":[{"@type":"ReadAction","target":["https:\/\/laredsocial-noticias.com\/wp\/trabajara-senado-por-derechos-de-adultos-mayores\/"]}]},{"@type":"ImageObject","inLanguage":"es","@id":"https:\/\/laredsocial-noticias.com\/wp\/trabajara-senado-por-derechos-de-adultos-mayores\/#primaryimage","url":"https:\/\/nyc3.digitaloceanspaces.com\/loume-cdn\/2020\/01\/26112610\/WhatsApp-Image-2020-01-26-at-11.05.41-388x720.jpeg","contentUrl":"https:\/\/nyc3.digitaloceanspaces.com\/loume-cdn\/2020\/01\/26112610\/WhatsApp-Image-2020-01-26-at-11.05.41-388x720.jpeg"},{"@type":"BreadcrumbList","@id":"https:\/\/laredsocial-noticias.com\/wp\/trabajara-senado-por-derechos-de-adultos-mayores\/#breadcrumb","itemListElement":[{"@type":"ListItem","position":1,"name":"Portada","item":"https:\/\/laredsocial-noticias.com\/wp\/"},{"@type":"ListItem","position":2,"name":"Trabajar\u00e1 Senado por derechos de adultos mayores"}]},{"@type":"WebSite","@id":"https:\/\/laredsocial-noticias.com\/wp\/#website","url":"https:\/\/laredsocial-noticias.com\/wp\/","name":"NOTICIAS","description":"Lo que se ve y se dice en las redes sociales","potentialAction":[{"@type":"SearchAction","target":{"@type":"EntryPoint","urlTemplate":"https:\/\/laredsocial-noticias.com\/wp\/?s={search_term_string}"},"query-input":{"@type":"PropertyValueSpecification","valueRequired":true,"valueName":"search_term_string"}}],"inLanguage":"es"},{"@type":"Person","@id":"https:\/\/laredsocial-noticias.com\/wp\/#\/schema\/person\/0ce78643f2de7aae6f6ef10e8453a6e0","name":"Editor en Jefe","url":"https:\/\/laredsocial-noticias.com\/wp\/author\/jorgeochoa\/"}]}},"_links":{"self":[{"href":"https:\/\/laredsocial-noticias.com\/wp\/wp-json\/wp\/v2\/posts\/124799","targetHints":{"allow":["GET"]}}],"collection":[{"href":"https:\/\/laredsocial-noticias.com\/wp\/wp-json\/wp\/v2\/posts"}],"about":[{"href":"https:\/\/laredsocial-noticias.com\/wp\/wp-json\/wp\/v2\/types\/post"}],"author":[{"embeddable":true,"href":"https:\/\/laredsocial-noticias.com\/wp\/wp-json\/wp\/v2\/users\/1"}],"replies":[{"embeddable":true,"href":"https:\/\/laredsocial-noticias.com\/wp\/wp-json\/wp\/v2\/comments?post=124799"}],"version-history":[{"count":1,"href":"https:\/\/laredsocial-noticias.com\/wp\/wp-json\/wp\/v2\/posts\/124799\/revisions"}],"predecessor-version":[{"id":124800,"href":"https:\/\/laredsocial-noticias.com\/wp\/wp-json\/wp\/v2\/posts\/124799\/revisions\/124800"}],"wp:attachment":[{"href":"https:\/\/laredsocial-noticias.com\/wp\/wp-json\/wp\/v2\/media?parent=124799"}],"wp:term":[{"taxonomy":"category","embeddable":true,"href":"https:\/\/laredsocial-noticias.com\/wp\/wp-json\/wp\/v2\/categories?post=124799"},{"taxonomy":"post_tag","embeddable":true,"href":"https:\/\/laredsocial-noticias.com\/wp\/wp-json\/wp\/v2\/tags?post=124799"}],"curies":[{"name":"wp","href":"https:\/\/api.w.org\/{rel}","templated":true}]}}