{"id":125018,"date":"2020-01-30T16:20:40","date_gmt":"2020-01-30T22:20:40","guid":{"rendered":"http:\/\/laredsocial-noticias.com\/wp\/?p=125018"},"modified":"2020-01-30T16:20:41","modified_gmt":"2020-01-30T22:20:41","slug":"colaboran-mexico-y-eu-para-combatir-el-trafico-de-armas-durazo","status":"publish","type":"post","link":"https:\/\/laredsocial-noticias.com\/wp\/colaboran-mexico-y-eu-para-combatir-el-trafico-de-armas-durazo\/","title":{"rendered":"Colaboran M\u00e9xico y EU para combatir el tr\u00e1fico de armas: Durazo"},"content":{"rendered":"<p>El titular de la Secretar\u00eda de Seguridad y Protecci\u00f3n Ciudadana (SSCP), Alfonso Durazo Monta\u00f1o, inform\u00f3 que se integr\u00f3 un grupo de alto nivel con el gobierno de Estados Unidos, a fin de sellar las fronteras y combatir el tr\u00e1fico de armas.<br \/>\n\u201cEstamos trabajando con una coordinaci\u00f3n muy estrecha con el gobierno norteamericano en la materia, podr\u00eda calificarla incluso de excepcional\u201d, sostuvo en rueda de prensa, en el marco de la reuni\u00f3n plenaria de los diputados de Morena.<br \/>\nEn conferencia de prensa, el funcionario detall\u00f3 que este grupo ya se despleg\u00f3 en cinco puntos de la frontera norte, y el objetivo es extenderse, a la brevedad, en 20 puntos, \u201chasta sellar completamente la frontera con un programa de control en la parte mexicana y una r\u00e9plica espejo en la parte norteamericana\u201d.<br \/>\n\u201cEl grupo de alto nivel, integrado por representantes del gobierno mexicano y norteamericano, tiene el objetivo de dar seguimiento a un programa que ya hemos acordado conjuntamente para sellar las fronteras y reducir el contrabando de armas\u201d, destac\u00f3.<br \/>\nEste programa es una de las vertientes fundamentales de la estrategia de seguridad, que permitir\u00e1 saber c\u00f3mo las organizaciones criminales obtienen armamento de alto calibre, que los ha dotado de una beligerancia para enfrentar a las fuerzas de seguridad federales, estatales y municipales.<br \/>\nPuntualiz\u00f3 que hay un despliegue de equipos de revisi\u00f3n no intrusiva para facilitar la detecci\u00f3n de armamento en los veh\u00edculos que pasan de Estados Unidos a M\u00e9xico.<br \/>\nEl funcionario federal se\u00f1al\u00f3 que para abatir el tr\u00e1fico de armas tambi\u00e9n se dise\u00f1\u00f3 un programa de combate a la corrupci\u00f3n, junto con la Secretar\u00eda de la Funci\u00f3n P\u00fablica (SFP) y de los \u00d3rganos Internos de Control, en todas las instancias federales que tienen responsabilidades en la frontera norte.<\/p>\n","protected":false},"excerpt":{"rendered":"<p>El titular de la Secretar\u00eda de Seguridad y Protecci\u00f3n Ciudadana (SSCP), Alfonso Durazo Monta\u00f1o, inform\u00f3 que se integr\u00f3 un grupo&#8230;<\/p>\n","protected":false},"author":1,"featured_media":0,"comment_status":"open","ping_status":"closed","sticky":false,"template":"","format":"standard","meta":{"footnotes":""},"categories":[1207,7624,6026,73],"tags":[6206,4959,77,9433],"class_list":["post-125018","post","type-post","status-publish","format-standard","hentry","category-camara-de-diputados","category-camara-federal","category-portada","category-principal","tag-alfonso-durazo","tag-featured","tag-principal","tag-trafico-armas"],"yoast_head":"<!-- This site is optimized with the Yoast SEO plugin v26.5 - https:\/\/yoast.com\/wordpress\/plugins\/seo\/ -->\n<title>Colaboran M\u00e9xico y EU para combatir el tr\u00e1fico de armas: Durazo - NOTICIAS<\/title>\n<meta name=\"robots\" content=\"index, follow, max-snippet:-1, max-image-preview:large, max-video-preview:-1\" \/>\n<link rel=\"canonical\" href=\"https:\/\/laredsocial-noticias.com\/wp\/colaboran-mexico-y-eu-para-combatir-el-trafico-de-armas-durazo\/\" \/>\n<meta property=\"og:locale\" content=\"es_ES\" \/>\n<meta property=\"og:type\" content=\"article\" \/>\n<meta property=\"og:title\" content=\"Colaboran M\u00e9xico y EU para combatir el tr\u00e1fico de armas: Durazo - NOTICIAS\" \/>\n<meta property=\"og:description\" content=\"El titular de la Secretar\u00eda de Seguridad y Protecci\u00f3n Ciudadana (SSCP), Alfonso Durazo Monta\u00f1o, inform\u00f3 que se integr\u00f3 un grupo...\" \/>\n<meta property=\"og:url\" content=\"https:\/\/laredsocial-noticias.com\/wp\/colaboran-mexico-y-eu-para-combatir-el-trafico-de-armas-durazo\/\" \/>\n<meta property=\"og:site_name\" content=\"NOTICIAS\" \/>\n<meta property=\"article:published_time\" content=\"2020-01-30T22:20:40+00:00\" \/>\n<meta property=\"article:modified_time\" content=\"2020-01-30T22:20:41+00:00\" \/>\n<meta property=\"og:image\" content=\"https:\/\/laredsocial-noticias.com\/wp\/wp-content\/uploads\/2020\/01\/Alfonso-Durazo.jpeg\" \/>\n\t<meta property=\"og:image:width\" content=\"1280\" \/>\n\t<meta property=\"og:image:height\" content=\"853\" \/>\n\t<meta property=\"og:image:type\" content=\"image\/jpeg\" \/>\n<meta name=\"author\" content=\"Editor en Jefe\" \/>\n<meta name=\"twitter:card\" content=\"summary_large_image\" \/>\n<meta name=\"twitter:label1\" content=\"Escrito por\" \/>\n\t<meta name=\"twitter:data1\" content=\"Editor en Jefe\" \/>\n\t<meta name=\"twitter:label2\" content=\"Tiempo de lectura\" \/>\n\t<meta name=\"twitter:data2\" content=\"2 minutos\" \/>\n<!-- \/ Yoast SEO plugin. -->","yoast_head_json":{"title":"Colaboran M\u00e9xico y EU para combatir el tr\u00e1fico de armas: Durazo - NOTICIAS","robots":{"index":"index","follow":"follow","max-snippet":"max-snippet:-1","max-image-preview":"max-image-preview:large","max-video-preview":"max-video-preview:-1"},"canonical":"https:\/\/laredsocial-noticias.com\/wp\/colaboran-mexico-y-eu-para-combatir-el-trafico-de-armas-durazo\/","og_locale":"es_ES","og_type":"article","og_title":"Colaboran M\u00e9xico y EU para combatir el tr\u00e1fico de armas: Durazo - NOTICIAS","og_description":"El titular de la Secretar\u00eda de Seguridad y Protecci\u00f3n Ciudadana (SSCP), Alfonso Durazo Monta\u00f1o, inform\u00f3 que se integr\u00f3 un grupo...","og_url":"https:\/\/laredsocial-noticias.com\/wp\/colaboran-mexico-y-eu-para-combatir-el-trafico-de-armas-durazo\/","og_site_name":"NOTICIAS","article_published_time":"2020-01-30T22:20:40+00:00","article_modified_time":"2020-01-30T22:20:41+00:00","og_image":[{"width":1280,"height":853,"url":"https:\/\/laredsocial-noticias.com\/wp\/wp-content\/uploads\/2020\/01\/Alfonso-Durazo.jpeg","type":"image\/jpeg"}],"author":"Editor en Jefe","twitter_card":"summary_large_image","twitter_misc":{"Escrito por":"Editor en Jefe","Tiempo de lectura":"2 minutos"},"schema":{"@context":"https:\/\/schema.org","@graph":[{"@type":"WebPage","@id":"https:\/\/laredsocial-noticias.com\/wp\/colaboran-mexico-y-eu-para-combatir-el-trafico-de-armas-durazo\/","url":"https:\/\/laredsocial-noticias.com\/wp\/colaboran-mexico-y-eu-para-combatir-el-trafico-de-armas-durazo\/","name":"Colaboran M\u00e9xico y EU para combatir el tr\u00e1fico de armas: Durazo - NOTICIAS","isPartOf":{"@id":"https:\/\/laredsocial-noticias.com\/wp\/#website"},"datePublished":"2020-01-30T22:20:40+00:00","dateModified":"2020-01-30T22:20:41+00:00","author":{"@id":"https:\/\/laredsocial-noticias.com\/wp\/#\/schema\/person\/0ce78643f2de7aae6f6ef10e8453a6e0"},"breadcrumb":{"@id":"https:\/\/laredsocial-noticias.com\/wp\/colaboran-mexico-y-eu-para-combatir-el-trafico-de-armas-durazo\/#breadcrumb"},"inLanguage":"es","potentialAction":[{"@type":"ReadAction","target":["https:\/\/laredsocial-noticias.com\/wp\/colaboran-mexico-y-eu-para-combatir-el-trafico-de-armas-durazo\/"]}]},{"@type":"BreadcrumbList","@id":"https:\/\/laredsocial-noticias.com\/wp\/colaboran-mexico-y-eu-para-combatir-el-trafico-de-armas-durazo\/#breadcrumb","itemListElement":[{"@type":"ListItem","position":1,"name":"Portada","item":"https:\/\/laredsocial-noticias.com\/wp\/"},{"@type":"ListItem","position":2,"name":"Colaboran M\u00e9xico y EU para combatir el tr\u00e1fico de armas: Durazo"}]},{"@type":"WebSite","@id":"https:\/\/laredsocial-noticias.com\/wp\/#website","url":"https:\/\/laredsocial-noticias.com\/wp\/","name":"NOTICIAS","description":"Lo que se ve y se dice en las redes sociales","potentialAction":[{"@type":"SearchAction","target":{"@type":"EntryPoint","urlTemplate":"https:\/\/laredsocial-noticias.com\/wp\/?s={search_term_string}"},"query-input":{"@type":"PropertyValueSpecification","valueRequired":true,"valueName":"search_term_string"}}],"inLanguage":"es"},{"@type":"Person","@id":"https:\/\/laredsocial-noticias.com\/wp\/#\/schema\/person\/0ce78643f2de7aae6f6ef10e8453a6e0","name":"Editor en Jefe","url":"https:\/\/laredsocial-noticias.com\/wp\/author\/jorgeochoa\/"}]}},"_links":{"self":[{"href":"https:\/\/laredsocial-noticias.com\/wp\/wp-json\/wp\/v2\/posts\/125018","targetHints":{"allow":["GET"]}}],"collection":[{"href":"https:\/\/laredsocial-noticias.com\/wp\/wp-json\/wp\/v2\/posts"}],"about":[{"href":"https:\/\/laredsocial-noticias.com\/wp\/wp-json\/wp\/v2\/types\/post"}],"author":[{"embeddable":true,"href":"https:\/\/laredsocial-noticias.com\/wp\/wp-json\/wp\/v2\/users\/1"}],"replies":[{"embeddable":true,"href":"https:\/\/laredsocial-noticias.com\/wp\/wp-json\/wp\/v2\/comments?post=125018"}],"version-history":[{"count":1,"href":"https:\/\/laredsocial-noticias.com\/wp\/wp-json\/wp\/v2\/posts\/125018\/revisions"}],"predecessor-version":[{"id":125019,"href":"https:\/\/laredsocial-noticias.com\/wp\/wp-json\/wp\/v2\/posts\/125018\/revisions\/125019"}],"wp:attachment":[{"href":"https:\/\/laredsocial-noticias.com\/wp\/wp-json\/wp\/v2\/media?parent=125018"}],"wp:term":[{"taxonomy":"category","embeddable":true,"href":"https:\/\/laredsocial-noticias.com\/wp\/wp-json\/wp\/v2\/categories?post=125018"},{"taxonomy":"post_tag","embeddable":true,"href":"https:\/\/laredsocial-noticias.com\/wp\/wp-json\/wp\/v2\/tags?post=125018"}],"curies":[{"name":"wp","href":"https:\/\/api.w.org\/{rel}","templated":true}]}}