{"id":12596,"date":"2016-06-09T19:30:36","date_gmt":"2016-06-10T00:30:36","guid":{"rendered":"http:\/\/laredsocial-noticias.com\/wp\/?p=12596"},"modified":"2016-06-09T18:37:44","modified_gmt":"2016-06-09T23:37:44","slug":"osorio-chong-exalta-participacion-ciudadana-en-transformacion-del-pais","status":"publish","type":"post","link":"https:\/\/laredsocial-noticias.com\/wp\/osorio-chong-exalta-participacion-ciudadana-en-transformacion-del-pais\/","title":{"rendered":"Osorio Chong exalta participaci\u00f3n ciudadana en transformaci\u00f3n del pa\u00eds"},"content":{"rendered":"<p><strong>CIUDAD DE M\u00c9XICO, 9 de junio, (DOBLE TINTA \/ C\u00cdRCULO DIGITAL).-\u00a0<\/strong>A nueve d\u00edas de la entrada en vigor del nuevo Sistema de Justicia Penal, el secretario de Gobernaci\u00f3n, Miguel \u00c1ngel Osorio Chong asever\u00f3 que cuando el gobierno escucha a los ciudadanos se logran grandes transformaciones como lo es este nuevo mecanismo.<\/p>\n<div class=\"desarrollo\">\n<p>Al encabezar la D\u00e9cima Sexta Sesi\u00f3n Ordinaria del Consejo de Coordinaci\u00f3n para la Implementaci\u00f3n del Sistema de Justicia Penal, se\u00f1al\u00f3 que con este sistema los ciudadanos contar\u00e1n con uno que dice adi\u00f3s a la impunidad y da la bienvenida a la justicia plena para los mexicanos.<\/p>\n<p>El responsable de la pol\u00edtica interior del pa\u00eds detall\u00f3 que con el trabajo realizado se manda un mensaje conjunto a los mexicanos, pues se hizo un gran esfuerzo, pese a las dificultades enfrentadas.<\/p>\n<p>En el Sal\u00f3n Ju\u00e1rez de la Secretar\u00eda de Gobernaci\u00f3n, Osorio Chong sostuvo que la reforma al Sistema de Justicia se tom\u00f3 como un compromiso de Estado, y agreg\u00f3 que este Consejo es un ejemplo, ya que agrupa a los tres poderes de la Uni\u00f3n, los gobiernos de los estados y a la sociedad civil.<\/p>\n<p>Resalt\u00f3 que no se permiti\u00f3 extender el plazo de aplicaci\u00f3n del nuevo mecanismo, porque no era justo que los estados que hab\u00edan cumplido se detuvieran por aquellos que no.<\/p>\n<p>En su calidad de presidente del Consejo de Coordinaci\u00f3n, convoc\u00f3 a sus integrantes a establecer el Consejo de Consolidaci\u00f3n que dar\u00e1 seguimiento al trabajo realizado e impulsar\u00e1 los cambios que este nuevo mecanismo requiera durante su ejercicio.<\/p>\n<p>En su oportunidad, el ministro de la Corte, Alberto P\u00e9rez Day\u00e1n, dijo que el Consejo de Coordinaci\u00f3n para la Implementaci\u00f3n del Sistema de Justicia Penal estableci\u00f3 los ejes para cumplir, en tiempo y forma, \u201cel desafiante emplazamiento que hizo el poder reformador en el a\u00f1o de 2008\u201d.<\/p>\n<p>Destac\u00f3 que una vez culminada la etapa de implementaci\u00f3n, es indispensable que los operadores jur\u00eddicos involucrados contribuyan a consolidar el trabajo desempe\u00f1ado a lo largo de estos a\u00f1os, resalt\u00f3.<\/p>\n<p>En tanto, la procuradora General de la Rep\u00fablica, Arely G\u00f3mez, apunt\u00f3 que, a partir del 18 de junio el trabajo de las instituciones consistir\u00e1 en apuntalar la correcta operaci\u00f3n del nuevo sistema judicial para brindar una atenci\u00f3n ciudadana de calidad.<\/p>\n<p>Para ello, indic\u00f3, ser\u00e1 primordial la coordinaci\u00f3n de las instancias responsables \u201cde la transici\u00f3n del antiguo modelo inquisitorial a este mucho m\u00e1s garantista\u201d, mediante un seguimiento y evaluaci\u00f3n de su funcionamiento.<\/p>\n<p>El consejero jur\u00eddico del Ejecutivo Federal, Humberto Castillejos, explic\u00f3 que la reforma promovida al Sistema de Justicia Penal es una evoluci\u00f3n democr\u00e1tica como pocas veces se hab\u00eda visto en el pa\u00eds.<\/p>\n<p>Al reconocer la labor de la Secretar\u00eda de Gobernaci\u00f3n, detall\u00f3 que este esfuerzo, que hace algunos a\u00f1os a\u00fan se cuestionaba si se pod\u00eda realizar, demuestra que con profesionalismo y con decisi\u00f3n, las cosas son posibles.<\/p>\n<p>En tanto, el presidente de la organizaci\u00f3n M\u00e9xico SOS, Alejandro Mart\u00ed, consider\u00f3 que a partir del 19 de junio iniciar\u00e1 la etapa de consolidaci\u00f3n de este nuevo paradigma en materia de justicia en M\u00e9xico.<\/p>\n<p>Se\u00f1al\u00f3 que los primeros tres o cuatro a\u00f1os ser\u00e1n complejos, pero que \u201cser\u00e1 con el trabajo de todos como se avanzar\u00e1 en la revisi\u00f3n, implementaci\u00f3n y correcci\u00f3n de lo que tenga que modificarse para que se logre el pa\u00eds justo, de libertades y democr\u00e1tico que todos queremos\u201d.<\/p>\n<p>El coordinador de la Comisi\u00f3n de Justicia de la Conferencia Nacional de Gobernadores (Conago), C\u00e9sar Duarte J\u00e1quez, asegur\u00f3 que desde la Conago se impulsaron diversas acciones de apoyo en la implementaci\u00f3n del nuevo Sistema de Justicia Penal.<\/p>\n<p>Asimismo, el mandatario chihuahuense hizo un reconocimiento al secretario de Gobernaci\u00f3n por el impulso de este nuevo esquema de justicia pronta y expedita que transformar\u00e1 la vida de los mexicanos.<\/p>\n<p>En tanto, el representante de la Comisi\u00f3n Nacional de Tribunales Superiores de Justicia, Magistrado Edgar El\u00edas Azar, dijo que el siguiente paso es apuntalar el nuevo sistema garantizando su operaci\u00f3n para atender el viejo reclamo de una mejor justicia.<\/p>\n<p>Subray\u00f3 que a partir del 18 de junio se deber\u00e1 intensificar la labor para que impere la confianza de los mexicanos y ello depender\u00e1 del esfuerzo conjunto de los todos los actores.<\/p>\n<\/div>\n<p>&nbsp;<\/p>\n","protected":false},"excerpt":{"rendered":"<p>CIUDAD DE M\u00c9XICO, 9 de junio, (DOBLE TINTA \/ C\u00cdRCULO DIGITAL).-\u00a0A nueve d\u00edas de la entrada en vigor del nuevo&#8230;<\/p>\n","protected":false},"author":1,"featured_media":0,"comment_status":"closed","ping_status":"closed","sticky":false,"template":"","format":"standard","meta":{"footnotes":""},"categories":[1796,73],"tags":[332,77],"class_list":["post-12596","post","type-post","status-publish","format-standard","hentry","category-circulodigital","category-principal","tag-mexico","tag-principal"],"yoast_head":"<!-- This site is optimized with the Yoast SEO plugin v26.5 - https:\/\/yoast.com\/wordpress\/plugins\/seo\/ -->\n<title>Osorio Chong exalta participaci\u00f3n ciudadana en transformaci\u00f3n del pa\u00eds - NOTICIAS<\/title>\n<meta name=\"robots\" content=\"index, follow, max-snippet:-1, max-image-preview:large, max-video-preview:-1\" \/>\n<link rel=\"canonical\" href=\"https:\/\/laredsocial-noticias.com\/wp\/osorio-chong-exalta-participacion-ciudadana-en-transformacion-del-pais\/\" \/>\n<meta property=\"og:locale\" content=\"es_ES\" \/>\n<meta property=\"og:type\" content=\"article\" \/>\n<meta property=\"og:title\" content=\"Osorio Chong exalta participaci\u00f3n ciudadana en transformaci\u00f3n del pa\u00eds - NOTICIAS\" \/>\n<meta property=\"og:description\" content=\"CIUDAD DE M\u00c9XICO, 9 de junio, (DOBLE TINTA \/ C\u00cdRCULO DIGITAL).-\u00a0A nueve d\u00edas de la entrada en vigor del nuevo...\" \/>\n<meta property=\"og:url\" content=\"https:\/\/laredsocial-noticias.com\/wp\/osorio-chong-exalta-participacion-ciudadana-en-transformacion-del-pais\/\" \/>\n<meta property=\"og:site_name\" content=\"NOTICIAS\" \/>\n<meta property=\"article:published_time\" content=\"2016-06-10T00:30:36+00:00\" \/>\n<meta property=\"og:image\" content=\"https:\/\/laredsocial-noticias.com\/wp\/wp-content\/uploads\/2016\/06\/posorio-chong-mando-unico.jpg\" \/>\n\t<meta property=\"og:image:width\" content=\"600\" \/>\n\t<meta property=\"og:image:height\" content=\"396\" \/>\n\t<meta property=\"og:image:type\" content=\"image\/jpeg\" \/>\n<meta name=\"author\" content=\"Editor en Jefe\" \/>\n<meta name=\"twitter:card\" content=\"summary_large_image\" \/>\n<meta name=\"twitter:label1\" content=\"Escrito por\" \/>\n\t<meta name=\"twitter:data1\" content=\"Editor en Jefe\" \/>\n\t<meta name=\"twitter:label2\" content=\"Tiempo de lectura\" \/>\n\t<meta name=\"twitter:data2\" content=\"4 minutos\" \/>\n<!-- \/ Yoast SEO plugin. -->","yoast_head_json":{"title":"Osorio Chong exalta participaci\u00f3n ciudadana en transformaci\u00f3n del pa\u00eds - NOTICIAS","robots":{"index":"index","follow":"follow","max-snippet":"max-snippet:-1","max-image-preview":"max-image-preview:large","max-video-preview":"max-video-preview:-1"},"canonical":"https:\/\/laredsocial-noticias.com\/wp\/osorio-chong-exalta-participacion-ciudadana-en-transformacion-del-pais\/","og_locale":"es_ES","og_type":"article","og_title":"Osorio Chong exalta participaci\u00f3n ciudadana en transformaci\u00f3n del pa\u00eds - NOTICIAS","og_description":"CIUDAD DE M\u00c9XICO, 9 de junio, (DOBLE TINTA \/ C\u00cdRCULO DIGITAL).-\u00a0A nueve d\u00edas de la entrada en vigor del nuevo...","og_url":"https:\/\/laredsocial-noticias.com\/wp\/osorio-chong-exalta-participacion-ciudadana-en-transformacion-del-pais\/","og_site_name":"NOTICIAS","article_published_time":"2016-06-10T00:30:36+00:00","og_image":[{"width":600,"height":396,"url":"https:\/\/laredsocial-noticias.com\/wp\/wp-content\/uploads\/2016\/06\/posorio-chong-mando-unico.jpg","type":"image\/jpeg"}],"author":"Editor en Jefe","twitter_card":"summary_large_image","twitter_misc":{"Escrito por":"Editor en Jefe","Tiempo de lectura":"4 minutos"},"schema":{"@context":"https:\/\/schema.org","@graph":[{"@type":"WebPage","@id":"https:\/\/laredsocial-noticias.com\/wp\/osorio-chong-exalta-participacion-ciudadana-en-transformacion-del-pais\/","url":"https:\/\/laredsocial-noticias.com\/wp\/osorio-chong-exalta-participacion-ciudadana-en-transformacion-del-pais\/","name":"Osorio Chong exalta participaci\u00f3n ciudadana en transformaci\u00f3n del pa\u00eds - NOTICIAS","isPartOf":{"@id":"https:\/\/laredsocial-noticias.com\/wp\/#website"},"datePublished":"2016-06-10T00:30:36+00:00","author":{"@id":"https:\/\/laredsocial-noticias.com\/wp\/#\/schema\/person\/0ce78643f2de7aae6f6ef10e8453a6e0"},"breadcrumb":{"@id":"https:\/\/laredsocial-noticias.com\/wp\/osorio-chong-exalta-participacion-ciudadana-en-transformacion-del-pais\/#breadcrumb"},"inLanguage":"es","potentialAction":[{"@type":"ReadAction","target":["https:\/\/laredsocial-noticias.com\/wp\/osorio-chong-exalta-participacion-ciudadana-en-transformacion-del-pais\/"]}]},{"@type":"BreadcrumbList","@id":"https:\/\/laredsocial-noticias.com\/wp\/osorio-chong-exalta-participacion-ciudadana-en-transformacion-del-pais\/#breadcrumb","itemListElement":[{"@type":"ListItem","position":1,"name":"Portada","item":"https:\/\/laredsocial-noticias.com\/wp\/"},{"@type":"ListItem","position":2,"name":"Osorio Chong exalta participaci\u00f3n ciudadana en transformaci\u00f3n del pa\u00eds"}]},{"@type":"WebSite","@id":"https:\/\/laredsocial-noticias.com\/wp\/#website","url":"https:\/\/laredsocial-noticias.com\/wp\/","name":"NOTICIAS","description":"Lo que se ve y se dice en las redes sociales","potentialAction":[{"@type":"SearchAction","target":{"@type":"EntryPoint","urlTemplate":"https:\/\/laredsocial-noticias.com\/wp\/?s={search_term_string}"},"query-input":{"@type":"PropertyValueSpecification","valueRequired":true,"valueName":"search_term_string"}}],"inLanguage":"es"},{"@type":"Person","@id":"https:\/\/laredsocial-noticias.com\/wp\/#\/schema\/person\/0ce78643f2de7aae6f6ef10e8453a6e0","name":"Editor en Jefe","url":"https:\/\/laredsocial-noticias.com\/wp\/author\/jorgeochoa\/"}]}},"_links":{"self":[{"href":"https:\/\/laredsocial-noticias.com\/wp\/wp-json\/wp\/v2\/posts\/12596","targetHints":{"allow":["GET"]}}],"collection":[{"href":"https:\/\/laredsocial-noticias.com\/wp\/wp-json\/wp\/v2\/posts"}],"about":[{"href":"https:\/\/laredsocial-noticias.com\/wp\/wp-json\/wp\/v2\/types\/post"}],"author":[{"embeddable":true,"href":"https:\/\/laredsocial-noticias.com\/wp\/wp-json\/wp\/v2\/users\/1"}],"replies":[{"embeddable":true,"href":"https:\/\/laredsocial-noticias.com\/wp\/wp-json\/wp\/v2\/comments?post=12596"}],"version-history":[{"count":1,"href":"https:\/\/laredsocial-noticias.com\/wp\/wp-json\/wp\/v2\/posts\/12596\/revisions"}],"predecessor-version":[{"id":12597,"href":"https:\/\/laredsocial-noticias.com\/wp\/wp-json\/wp\/v2\/posts\/12596\/revisions\/12597"}],"wp:attachment":[{"href":"https:\/\/laredsocial-noticias.com\/wp\/wp-json\/wp\/v2\/media?parent=12596"}],"wp:term":[{"taxonomy":"category","embeddable":true,"href":"https:\/\/laredsocial-noticias.com\/wp\/wp-json\/wp\/v2\/categories?post=12596"},{"taxonomy":"post_tag","embeddable":true,"href":"https:\/\/laredsocial-noticias.com\/wp\/wp-json\/wp\/v2\/tags?post=12596"}],"curies":[{"name":"wp","href":"https:\/\/api.w.org\/{rel}","templated":true}]}}