{"id":129393,"date":"2020-05-12T03:20:21","date_gmt":"2020-05-12T08:20:21","guid":{"rendered":"http:\/\/laredsocial-noticias.com\/wp\/?p=129393"},"modified":"2020-05-12T03:20:54","modified_gmt":"2020-05-12T08:20:54","slug":"mas-pobres-sera-el-resultado-de-esta-pandemia","status":"publish","type":"post","link":"https:\/\/laredsocial-noticias.com\/wp\/mas-pobres-sera-el-resultado-de-esta-pandemia\/","title":{"rendered":"M\u00e1s pobres ser\u00e1 el resultado de esta Pandemia"},"content":{"rendered":"<p>El Coneval alerta sobre m\u00e1s de 10 millones de pobres en M\u00e9xico como resultado de la crisis sanitaria del COVID-19; se prev\u00e9 que m\u00e1s de 9 millones de personas no tendr\u00e1n dinero para la canasta b\u00e1sica alimentaria<\/p>\n<p>La actual pandemia que enfrenta el mundo, afecta, tanto al sector salud como al sector econ\u00f3mico. Es algo que debemos tomar con seriedad y fortaleza, por lo que M\u00e9xico tiene un panorama dif\u00edcil: nuestro sistema de salud sobrevive con severas precariedades, tenemos 1.4 camas de hospital por cada mil habitantes, mencion\u00f3 el experto en econom\u00eda, Lino Enrique \u00c1vila N\u00fa\u00f1ez.<\/p>\n<p>En d\u00edas pasados la calificadora estadounidense Moody\u2019s public\u00f3 una actualizaci\u00f3n sobre sus proyecciones de crecimiento, donde estima que la econom\u00eda mexicana se contraer\u00e1 siete por ciento debido a la crisis econ\u00f3mica ocasionada por esta pandemia.<\/p>\n<p>Son dos razones las que convierten a nuestro pa\u00eds en uno vulnerable ante la crisis econ\u00f3mica y sanitaria: la d\u00e9bil respuesta pol\u00edtica del gobierno y nuestra dependencia de la econom\u00eda estadounidense, dijo Lino Enrique \u00c1vila N\u00fa\u00f1ez.<\/p>\n<p>Por otro lado, el Consejo Nacional de Evaluaci\u00f3n de la Pol\u00edtica de Desarrollo Social (Coneval), encargado de medir la pobreza en M\u00e9xico y evaluar programas sociales del Gobierno Federal, advirti\u00f3 que el n\u00famero de pobres por ingreso podr\u00eda aumentar debido a la crisis sanitaria producida por el Covid-19.<\/p>\n<p>El impacto econ\u00f3mico del coronavirus en nuestro pa\u00eds podr\u00eda aumentar la pobreza por ingresos entre 7.2 y 7.9 por ciento. Esto significa que entre 8.9 y 9.8 millones de personas se sumar\u00e1n a la poblaci\u00f3n con recursos insuficientes para adquirir una canasta alimentaria b\u00e1sica, sin mencionar el pago de servicios.<\/p>\n<p>El porcentaje de pobres por ingreso en M\u00e9xico podr\u00eda pasar de 48.8 por ciento en 2018 a 56 por ciento este a\u00f1o en el mejor de los escenarios, y a 56.7 por ciento en el peor de ellos.<\/p>\n<p>El Coneval tambi\u00e9n estima que la p\u00e9rdida de empleos traer\u00e1 como consecuencia, adem\u00e1s de la disminuci\u00f3n en los ingresos, la p\u00e9rdida de las prestaciones laborales que brinda el trabajo formal, record\u00f3 Lino Enrique \u00c1vila N\u00fa\u00f1ez.<\/p>\n<p>Las personas m\u00e1s vulnerables en este sentido son las que se encuentran ocupadas en trabajos subordinados, por cuenta propia, en los sectores m\u00e1s afectados y los ocupados sin seguro de desempleo, finaliz\u00f3 el experto en econom\u00eda.<\/p>\n","protected":false},"excerpt":{"rendered":"<p>El Coneval alerta sobre m\u00e1s de 10 millones de pobres en M\u00e9xico como resultado de la crisis sanitaria del COVID-19;&#8230;<\/p>\n","protected":false},"author":1,"featured_media":0,"comment_status":"open","ping_status":"closed","sticky":false,"template":"","format":"standard","meta":{"footnotes":""},"categories":[2811,6026,73],"tags":[9629,673,9503,77],"class_list":["post-129393","post","type-post","status-publish","format-standard","hentry","category-economia","category-portada","category-principal","tag-covid","tag-economia","tag-pandemia","tag-principal"],"yoast_head":"<!-- This site is optimized with the Yoast SEO plugin v26.5 - https:\/\/yoast.com\/wordpress\/plugins\/seo\/ -->\n<title>M\u00e1s pobres ser\u00e1 el resultado de esta Pandemia - NOTICIAS<\/title>\n<meta name=\"robots\" content=\"index, follow, max-snippet:-1, max-image-preview:large, max-video-preview:-1\" \/>\n<link rel=\"canonical\" href=\"https:\/\/laredsocial-noticias.com\/wp\/mas-pobres-sera-el-resultado-de-esta-pandemia\/\" \/>\n<meta property=\"og:locale\" content=\"es_ES\" \/>\n<meta property=\"og:type\" content=\"article\" \/>\n<meta property=\"og:title\" content=\"M\u00e1s pobres ser\u00e1 el resultado de esta Pandemia - NOTICIAS\" \/>\n<meta property=\"og:description\" content=\"El Coneval alerta sobre m\u00e1s de 10 millones de pobres en M\u00e9xico como resultado de la crisis sanitaria del COVID-19;...\" \/>\n<meta property=\"og:url\" content=\"https:\/\/laredsocial-noticias.com\/wp\/mas-pobres-sera-el-resultado-de-esta-pandemia\/\" \/>\n<meta property=\"og:site_name\" content=\"NOTICIAS\" \/>\n<meta property=\"article:published_time\" content=\"2020-05-12T08:20:21+00:00\" \/>\n<meta property=\"article:modified_time\" content=\"2020-05-12T08:20:54+00:00\" \/>\n<meta property=\"og:image\" content=\"https:\/\/laredsocial-noticias.com\/wp\/wp-content\/uploads\/2020\/05\/analistas-ven-economia-estable-64553-1.jpg\" \/>\n\t<meta property=\"og:image:width\" content=\"800\" \/>\n\t<meta property=\"og:image:height\" content=\"600\" \/>\n\t<meta property=\"og:image:type\" content=\"image\/jpeg\" \/>\n<meta name=\"author\" content=\"Editor en Jefe\" \/>\n<meta name=\"twitter:card\" content=\"summary_large_image\" \/>\n<meta name=\"twitter:label1\" content=\"Escrito por\" \/>\n\t<meta name=\"twitter:data1\" content=\"Editor en Jefe\" \/>\n\t<meta name=\"twitter:label2\" content=\"Tiempo de lectura\" \/>\n\t<meta name=\"twitter:data2\" content=\"2 minutos\" \/>\n<!-- \/ Yoast SEO plugin. -->","yoast_head_json":{"title":"M\u00e1s pobres ser\u00e1 el resultado de esta Pandemia - NOTICIAS","robots":{"index":"index","follow":"follow","max-snippet":"max-snippet:-1","max-image-preview":"max-image-preview:large","max-video-preview":"max-video-preview:-1"},"canonical":"https:\/\/laredsocial-noticias.com\/wp\/mas-pobres-sera-el-resultado-de-esta-pandemia\/","og_locale":"es_ES","og_type":"article","og_title":"M\u00e1s pobres ser\u00e1 el resultado de esta Pandemia - NOTICIAS","og_description":"El Coneval alerta sobre m\u00e1s de 10 millones de pobres en M\u00e9xico como resultado de la crisis sanitaria del COVID-19;...","og_url":"https:\/\/laredsocial-noticias.com\/wp\/mas-pobres-sera-el-resultado-de-esta-pandemia\/","og_site_name":"NOTICIAS","article_published_time":"2020-05-12T08:20:21+00:00","article_modified_time":"2020-05-12T08:20:54+00:00","og_image":[{"width":800,"height":600,"url":"https:\/\/laredsocial-noticias.com\/wp\/wp-content\/uploads\/2020\/05\/analistas-ven-economia-estable-64553-1.jpg","type":"image\/jpeg"}],"author":"Editor en Jefe","twitter_card":"summary_large_image","twitter_misc":{"Escrito por":"Editor en Jefe","Tiempo de lectura":"2 minutos"},"schema":{"@context":"https:\/\/schema.org","@graph":[{"@type":"WebPage","@id":"https:\/\/laredsocial-noticias.com\/wp\/mas-pobres-sera-el-resultado-de-esta-pandemia\/","url":"https:\/\/laredsocial-noticias.com\/wp\/mas-pobres-sera-el-resultado-de-esta-pandemia\/","name":"M\u00e1s pobres ser\u00e1 el resultado de esta Pandemia - NOTICIAS","isPartOf":{"@id":"https:\/\/laredsocial-noticias.com\/wp\/#website"},"datePublished":"2020-05-12T08:20:21+00:00","dateModified":"2020-05-12T08:20:54+00:00","author":{"@id":"https:\/\/laredsocial-noticias.com\/wp\/#\/schema\/person\/0ce78643f2de7aae6f6ef10e8453a6e0"},"breadcrumb":{"@id":"https:\/\/laredsocial-noticias.com\/wp\/mas-pobres-sera-el-resultado-de-esta-pandemia\/#breadcrumb"},"inLanguage":"es","potentialAction":[{"@type":"ReadAction","target":["https:\/\/laredsocial-noticias.com\/wp\/mas-pobres-sera-el-resultado-de-esta-pandemia\/"]}]},{"@type":"BreadcrumbList","@id":"https:\/\/laredsocial-noticias.com\/wp\/mas-pobres-sera-el-resultado-de-esta-pandemia\/#breadcrumb","itemListElement":[{"@type":"ListItem","position":1,"name":"Portada","item":"https:\/\/laredsocial-noticias.com\/wp\/"},{"@type":"ListItem","position":2,"name":"M\u00e1s pobres ser\u00e1 el resultado de esta Pandemia"}]},{"@type":"WebSite","@id":"https:\/\/laredsocial-noticias.com\/wp\/#website","url":"https:\/\/laredsocial-noticias.com\/wp\/","name":"NOTICIAS","description":"Lo que se ve y se dice en las redes sociales","potentialAction":[{"@type":"SearchAction","target":{"@type":"EntryPoint","urlTemplate":"https:\/\/laredsocial-noticias.com\/wp\/?s={search_term_string}"},"query-input":{"@type":"PropertyValueSpecification","valueRequired":true,"valueName":"search_term_string"}}],"inLanguage":"es"},{"@type":"Person","@id":"https:\/\/laredsocial-noticias.com\/wp\/#\/schema\/person\/0ce78643f2de7aae6f6ef10e8453a6e0","name":"Editor en Jefe","url":"https:\/\/laredsocial-noticias.com\/wp\/author\/jorgeochoa\/"}]}},"_links":{"self":[{"href":"https:\/\/laredsocial-noticias.com\/wp\/wp-json\/wp\/v2\/posts\/129393","targetHints":{"allow":["GET"]}}],"collection":[{"href":"https:\/\/laredsocial-noticias.com\/wp\/wp-json\/wp\/v2\/posts"}],"about":[{"href":"https:\/\/laredsocial-noticias.com\/wp\/wp-json\/wp\/v2\/types\/post"}],"author":[{"embeddable":true,"href":"https:\/\/laredsocial-noticias.com\/wp\/wp-json\/wp\/v2\/users\/1"}],"replies":[{"embeddable":true,"href":"https:\/\/laredsocial-noticias.com\/wp\/wp-json\/wp\/v2\/comments?post=129393"}],"version-history":[{"count":1,"href":"https:\/\/laredsocial-noticias.com\/wp\/wp-json\/wp\/v2\/posts\/129393\/revisions"}],"predecessor-version":[{"id":129394,"href":"https:\/\/laredsocial-noticias.com\/wp\/wp-json\/wp\/v2\/posts\/129393\/revisions\/129394"}],"wp:attachment":[{"href":"https:\/\/laredsocial-noticias.com\/wp\/wp-json\/wp\/v2\/media?parent=129393"}],"wp:term":[{"taxonomy":"category","embeddable":true,"href":"https:\/\/laredsocial-noticias.com\/wp\/wp-json\/wp\/v2\/categories?post=129393"},{"taxonomy":"post_tag","embeddable":true,"href":"https:\/\/laredsocial-noticias.com\/wp\/wp-json\/wp\/v2\/tags?post=129393"}],"curies":[{"name":"wp","href":"https:\/\/api.w.org\/{rel}","templated":true}]}}