{"id":129535,"date":"2020-05-15T10:53:22","date_gmt":"2020-05-15T15:53:22","guid":{"rendered":"http:\/\/laredsocial-noticias.com\/wp\/?p=129535"},"modified":"2020-05-15T10:53:24","modified_gmt":"2020-05-15T15:53:24","slug":"instala-cruz-roja-hospital-provisional-para-atender-pacientes-con-covid-19","status":"publish","type":"post","link":"https:\/\/laredsocial-noticias.com\/wp\/instala-cruz-roja-hospital-provisional-para-atender-pacientes-con-covid-19\/","title":{"rendered":"Instala Cruz Roja hospital provisional para atender pacientes con COVID-19"},"content":{"rendered":"<div class=\"col-sm-12 col-md-12 cambiodeltexto\" align=\"left\">\n<p>&#8220;Para atender a pacientes cr\u00edticos de coronavirus,instalamos un hospital de campo con 5 carpas que tendr\u00e1n una capacidad para albergar 40 camas con el equipo necesario&#8221;, anunci\u00f3 la Cruz Roja<\/p>\n<\/div>\n<div class=\"col-sm-12 col-md-12 cambiodeltexto\" align=\"left\">\n<p>La Cruz Roja Mexicana instal\u00f3 un hospital provisional en el Instituto Nacional de Enfermedades Respiratorias (INER) para extender la atenci\u00f3n de pacientes cr\u00edticos con COVID-19.<\/p>\n<p>Mediante un comunicado, la instituci\u00f3n detall\u00f3 que este hospital de campo ocupa una \u00e1rea de 900 metros cuadrados, consta de cinco carpas y tiene espacio para 40 camas, lo cual incrementa la capacidad del INER en un 40 por ciento.<\/p>\n<p>Indic\u00f3 que este complejo se instal\u00f3 con especificaciones de grado militar y sanitario que se requieren por norma internacional y de acuerdo a los protocolos de la Federaci\u00f3n Internacional de Sociedades de la Cruz Roja y la Media Luna.<\/p>\n<p>Durante la presentaci\u00f3n de este nuevo espacio, el presidente nacional de Cruz Roja Mexicana, Fernando Suinaga, indic\u00f3 que el personal de la instituci\u00f3n trabaja tambi\u00e9n en el traslado de pacientes con el nuevo coronavirus.<\/p>\n<\/div>\n","protected":false},"excerpt":{"rendered":"<p>&#8220;Para atender a pacientes cr\u00edticos de coronavirus,instalamos un hospital de campo con 5 carpas que tendr\u00e1n una capacidad para albergar&#8230;<\/p>\n","protected":false},"author":1,"featured_media":0,"comment_status":"open","ping_status":"closed","sticky":false,"template":"","format":"standard","meta":{"footnotes":""},"categories":[78,1726,6026,73],"tags":[3000,4959,10049,9785,77],"class_list":["post-129535","post","type-post","status-publish","format-standard","hentry","category-nacional","category-nacionales","category-portada","category-principal","tag-cruz-roja","tag-featured","tag-hospital-provisional","tag-pacientes-con-covid-19","tag-principal"],"yoast_head":"<!-- This site is optimized with the Yoast SEO plugin v26.5 - https:\/\/yoast.com\/wordpress\/plugins\/seo\/ -->\n<title>Instala Cruz Roja hospital provisional para atender pacientes con COVID-19 - NOTICIAS<\/title>\n<meta name=\"robots\" content=\"index, follow, max-snippet:-1, max-image-preview:large, max-video-preview:-1\" \/>\n<link rel=\"canonical\" href=\"https:\/\/laredsocial-noticias.com\/wp\/instala-cruz-roja-hospital-provisional-para-atender-pacientes-con-covid-19\/\" \/>\n<meta property=\"og:locale\" content=\"es_ES\" \/>\n<meta property=\"og:type\" content=\"article\" \/>\n<meta property=\"og:title\" content=\"Instala Cruz Roja hospital provisional para atender pacientes con COVID-19 - NOTICIAS\" \/>\n<meta property=\"og:description\" content=\"&#8220;Para atender a pacientes cr\u00edticos de coronavirus,instalamos un hospital de campo con 5 carpas que tendr\u00e1n una capacidad para albergar...\" \/>\n<meta property=\"og:url\" content=\"https:\/\/laredsocial-noticias.com\/wp\/instala-cruz-roja-hospital-provisional-para-atender-pacientes-con-covid-19\/\" \/>\n<meta property=\"og:site_name\" content=\"NOTICIAS\" \/>\n<meta property=\"article:published_time\" content=\"2020-05-15T15:53:22+00:00\" \/>\n<meta property=\"article:modified_time\" content=\"2020-05-15T15:53:24+00:00\" \/>\n<meta property=\"og:image\" content=\"https:\/\/laredsocial-noticias.com\/wp\/wp-content\/uploads\/2020\/05\/4784414.jpg\" \/>\n\t<meta property=\"og:image:width\" content=\"960\" \/>\n\t<meta property=\"og:image:height\" content=\"640\" \/>\n\t<meta property=\"og:image:type\" content=\"image\/jpeg\" \/>\n<meta name=\"author\" content=\"Editor en Jefe\" \/>\n<meta name=\"twitter:card\" content=\"summary_large_image\" \/>\n<meta name=\"twitter:label1\" content=\"Escrito por\" \/>\n\t<meta name=\"twitter:data1\" content=\"Editor en Jefe\" \/>\n\t<meta name=\"twitter:label2\" content=\"Tiempo de lectura\" \/>\n\t<meta name=\"twitter:data2\" content=\"1 minuto\" \/>\n<!-- \/ Yoast SEO plugin. -->","yoast_head_json":{"title":"Instala Cruz Roja hospital provisional para atender pacientes con COVID-19 - NOTICIAS","robots":{"index":"index","follow":"follow","max-snippet":"max-snippet:-1","max-image-preview":"max-image-preview:large","max-video-preview":"max-video-preview:-1"},"canonical":"https:\/\/laredsocial-noticias.com\/wp\/instala-cruz-roja-hospital-provisional-para-atender-pacientes-con-covid-19\/","og_locale":"es_ES","og_type":"article","og_title":"Instala Cruz Roja hospital provisional para atender pacientes con COVID-19 - NOTICIAS","og_description":"&#8220;Para atender a pacientes cr\u00edticos de coronavirus,instalamos un hospital de campo con 5 carpas que tendr\u00e1n una capacidad para albergar...","og_url":"https:\/\/laredsocial-noticias.com\/wp\/instala-cruz-roja-hospital-provisional-para-atender-pacientes-con-covid-19\/","og_site_name":"NOTICIAS","article_published_time":"2020-05-15T15:53:22+00:00","article_modified_time":"2020-05-15T15:53:24+00:00","og_image":[{"width":960,"height":640,"url":"https:\/\/laredsocial-noticias.com\/wp\/wp-content\/uploads\/2020\/05\/4784414.jpg","type":"image\/jpeg"}],"author":"Editor en Jefe","twitter_card":"summary_large_image","twitter_misc":{"Escrito por":"Editor en Jefe","Tiempo de lectura":"1 minuto"},"schema":{"@context":"https:\/\/schema.org","@graph":[{"@type":"WebPage","@id":"https:\/\/laredsocial-noticias.com\/wp\/instala-cruz-roja-hospital-provisional-para-atender-pacientes-con-covid-19\/","url":"https:\/\/laredsocial-noticias.com\/wp\/instala-cruz-roja-hospital-provisional-para-atender-pacientes-con-covid-19\/","name":"Instala Cruz Roja hospital provisional para atender pacientes con COVID-19 - NOTICIAS","isPartOf":{"@id":"https:\/\/laredsocial-noticias.com\/wp\/#website"},"datePublished":"2020-05-15T15:53:22+00:00","dateModified":"2020-05-15T15:53:24+00:00","author":{"@id":"https:\/\/laredsocial-noticias.com\/wp\/#\/schema\/person\/0ce78643f2de7aae6f6ef10e8453a6e0"},"breadcrumb":{"@id":"https:\/\/laredsocial-noticias.com\/wp\/instala-cruz-roja-hospital-provisional-para-atender-pacientes-con-covid-19\/#breadcrumb"},"inLanguage":"es","potentialAction":[{"@type":"ReadAction","target":["https:\/\/laredsocial-noticias.com\/wp\/instala-cruz-roja-hospital-provisional-para-atender-pacientes-con-covid-19\/"]}]},{"@type":"BreadcrumbList","@id":"https:\/\/laredsocial-noticias.com\/wp\/instala-cruz-roja-hospital-provisional-para-atender-pacientes-con-covid-19\/#breadcrumb","itemListElement":[{"@type":"ListItem","position":1,"name":"Portada","item":"https:\/\/laredsocial-noticias.com\/wp\/"},{"@type":"ListItem","position":2,"name":"Instala Cruz Roja hospital provisional para atender pacientes con COVID-19"}]},{"@type":"WebSite","@id":"https:\/\/laredsocial-noticias.com\/wp\/#website","url":"https:\/\/laredsocial-noticias.com\/wp\/","name":"NOTICIAS","description":"Lo que se ve y se dice en las redes sociales","potentialAction":[{"@type":"SearchAction","target":{"@type":"EntryPoint","urlTemplate":"https:\/\/laredsocial-noticias.com\/wp\/?s={search_term_string}"},"query-input":{"@type":"PropertyValueSpecification","valueRequired":true,"valueName":"search_term_string"}}],"inLanguage":"es"},{"@type":"Person","@id":"https:\/\/laredsocial-noticias.com\/wp\/#\/schema\/person\/0ce78643f2de7aae6f6ef10e8453a6e0","name":"Editor en Jefe","url":"https:\/\/laredsocial-noticias.com\/wp\/author\/jorgeochoa\/"}]}},"_links":{"self":[{"href":"https:\/\/laredsocial-noticias.com\/wp\/wp-json\/wp\/v2\/posts\/129535","targetHints":{"allow":["GET"]}}],"collection":[{"href":"https:\/\/laredsocial-noticias.com\/wp\/wp-json\/wp\/v2\/posts"}],"about":[{"href":"https:\/\/laredsocial-noticias.com\/wp\/wp-json\/wp\/v2\/types\/post"}],"author":[{"embeddable":true,"href":"https:\/\/laredsocial-noticias.com\/wp\/wp-json\/wp\/v2\/users\/1"}],"replies":[{"embeddable":true,"href":"https:\/\/laredsocial-noticias.com\/wp\/wp-json\/wp\/v2\/comments?post=129535"}],"version-history":[{"count":1,"href":"https:\/\/laredsocial-noticias.com\/wp\/wp-json\/wp\/v2\/posts\/129535\/revisions"}],"predecessor-version":[{"id":129536,"href":"https:\/\/laredsocial-noticias.com\/wp\/wp-json\/wp\/v2\/posts\/129535\/revisions\/129536"}],"wp:attachment":[{"href":"https:\/\/laredsocial-noticias.com\/wp\/wp-json\/wp\/v2\/media?parent=129535"}],"wp:term":[{"taxonomy":"category","embeddable":true,"href":"https:\/\/laredsocial-noticias.com\/wp\/wp-json\/wp\/v2\/categories?post=129535"},{"taxonomy":"post_tag","embeddable":true,"href":"https:\/\/laredsocial-noticias.com\/wp\/wp-json\/wp\/v2\/tags?post=129535"}],"curies":[{"name":"wp","href":"https:\/\/api.w.org\/{rel}","templated":true}]}}