{"id":130705,"date":"2020-06-09T10:43:39","date_gmt":"2020-06-09T15:43:39","guid":{"rendered":"http:\/\/laredsocial-noticias.com\/wp\/?p=130705"},"modified":"2020-06-09T10:44:08","modified_gmt":"2020-06-09T15:44:08","slug":"la-torre-eiffel-ya-tiene-fecha-de-reapertura-tras-la-pandemia","status":"publish","type":"post","link":"https:\/\/laredsocial-noticias.com\/wp\/la-torre-eiffel-ya-tiene-fecha-de-reapertura-tras-la-pandemia\/","title":{"rendered":"La Torre Eiffel ya tiene fecha de reapertura tras la pandemia"},"content":{"rendered":"<div class=\"col-sm-12 col-md-12 cambiodeltexto\" align=\"left\">\n<p>En un primer momento, el acceso a la Torre Eiffel se har\u00e1 exclusivamente por las escaleras y hasta la segunda planta, con la entrada en el ala este y la salida por el oeste para minimizar el contacto entre las visitas.<\/p>\n<\/div>\n<div class=\"col-sm-12 col-md-12 cambiodeltexto\" align=\"left\">\n<p>Tras m\u00e1s de tres meses cerrada al p\u00fablico por la pandemia de coronavirus, la Torre Eiffel, el monumento m\u00e1s visitado del mundo, reabrir\u00e1 el pr\u00f3ximo 25 de junio, seg\u00fan anunci\u00f3 este martes en un comunicado la empresa que gestiona el monumento parisino (SETE).<\/p>\n<p>La reapertura tendr\u00e1 lugar con estrictas &#8220;medidas de seguridad&#8221; para preservar la salud de los visitantes y los trabajadores del monumento.<\/p>\n<p>&#8220;Estamos impacientes por que la Torre acoja de nuevo a visitantes dentro del respeto, por supuesto, a las medidas de protecci\u00f3n y normas sanitarias en vigor&#8221;, destac\u00f3 en la nota el director general de la sociedad, Patrick Branco Ruivo.<\/p>\n<p>Para acceder al edificio se recomendar\u00e1 comprar las entradas por internet, el uso de mascarillas ser\u00e1 obligatorio y se desplegar\u00e1 una se\u00f1alizaci\u00f3n en todo el monumento para gestionar el orden de los visitantes, cuyo n\u00famero estar\u00e1 limitado tanto en las plantas como en la entrada a la torre, donde habr\u00e1 una desinfecci\u00f3n diaria de los espacios p\u00fablicos.<\/p>\n<p>En un primer momento, el acceso se har\u00e1 exclusivamente por las escaleras y hasta la segunda planta, con la entrada en el ala este y la salida por el oeste para minimizar el contacto entre las visitas.<\/p>\n<p>El ascensor principal no se abrir\u00e1 de momento y su uso depender\u00e1 de la evoluci\u00f3n de la crisis sanitaria, aunque la intenci\u00f3n es reactivarlo durante el verano.<\/p>\n<p><strong>MONUMENTO SOLIDARIO<\/strong><\/p>\n<p>El monumento cerr\u00f3 el acceso al p\u00fablico por un periodo indefinido a causa de la pandemia del coronavirus el pasado 13 de marzo, aunque ha aprovechado su simbolismo para unirse a las muestras de solidaridad hacia el personal sanitario y v\u00edctimas del virus.<\/p>\n<p>A las 20.00 (18.00 GMT), la misma hora en la que los franceses sal\u00edan a las ventanas para aplaudir a los sanitarios, el alumbrado de la Torre Eiffel parpade\u00f3 de forma temporal durante diez minutos, en lugar de los cinco habituales, como gesto de solidaridad.<\/p>\n<p>Tambi\u00e9n se instal\u00f3 en su entrada un cartel luminoso con mensajes de \u00e1nimo y apoyo a v\u00edctimas y trabajadores en primera l\u00ednea de acci\u00f3n, que permanec\u00eda encendido durante un par de horas cada noche.<\/p>\n<\/div>\n","protected":false},"excerpt":{"rendered":"<p>En un primer momento, el acceso a la Torre Eiffel se har\u00e1 exclusivamente por las escaleras y hasta la segunda&#8230;<\/p>\n","protected":false},"author":1,"featured_media":0,"comment_status":"open","ping_status":"closed","sticky":false,"template":"","format":"standard","meta":{"footnotes":""},"categories":[102,6026,73],"tags":[4959,10254,10253,77],"class_list":["post-130705","post","type-post","status-publish","format-standard","hentry","category-internacionales","category-portada","category-principal","tag-featured","tag-fecha-de-reapertura-tras-la-pandemia","tag-la-torre-eiffel","tag-principal"],"yoast_head":"<!-- This site is optimized with the Yoast SEO plugin v26.5 - https:\/\/yoast.com\/wordpress\/plugins\/seo\/ -->\n<title>La Torre Eiffel ya tiene fecha de reapertura tras la pandemia - NOTICIAS<\/title>\n<meta name=\"robots\" content=\"index, follow, max-snippet:-1, max-image-preview:large, max-video-preview:-1\" \/>\n<link rel=\"canonical\" href=\"https:\/\/laredsocial-noticias.com\/wp\/la-torre-eiffel-ya-tiene-fecha-de-reapertura-tras-la-pandemia\/\" \/>\n<meta property=\"og:locale\" content=\"es_ES\" \/>\n<meta property=\"og:type\" content=\"article\" \/>\n<meta property=\"og:title\" content=\"La Torre Eiffel ya tiene fecha de reapertura tras la pandemia - NOTICIAS\" \/>\n<meta property=\"og:description\" content=\"En un primer momento, el acceso a la Torre Eiffel se har\u00e1 exclusivamente por las escaleras y hasta la segunda...\" \/>\n<meta property=\"og:url\" content=\"https:\/\/laredsocial-noticias.com\/wp\/la-torre-eiffel-ya-tiene-fecha-de-reapertura-tras-la-pandemia\/\" \/>\n<meta property=\"og:site_name\" content=\"NOTICIAS\" \/>\n<meta property=\"article:published_time\" content=\"2020-06-09T15:43:39+00:00\" \/>\n<meta property=\"article:modified_time\" content=\"2020-06-09T15:44:08+00:00\" \/>\n<meta property=\"og:image\" content=\"https:\/\/laredsocial-noticias.com\/wp\/wp-content\/uploads\/2020\/06\/306592_015.jpg\" \/>\n\t<meta property=\"og:image:width\" content=\"1024\" \/>\n\t<meta property=\"og:image:height\" content=\"680\" \/>\n\t<meta property=\"og:image:type\" content=\"image\/jpeg\" \/>\n<meta name=\"author\" content=\"Editor en Jefe\" \/>\n<meta name=\"twitter:card\" content=\"summary_large_image\" \/>\n<meta name=\"twitter:label1\" content=\"Escrito por\" \/>\n\t<meta name=\"twitter:data1\" content=\"Editor en Jefe\" \/>\n\t<meta name=\"twitter:label2\" content=\"Tiempo de lectura\" \/>\n\t<meta name=\"twitter:data2\" content=\"2 minutos\" \/>\n<!-- \/ Yoast SEO plugin. -->","yoast_head_json":{"title":"La Torre Eiffel ya tiene fecha de reapertura tras la pandemia - NOTICIAS","robots":{"index":"index","follow":"follow","max-snippet":"max-snippet:-1","max-image-preview":"max-image-preview:large","max-video-preview":"max-video-preview:-1"},"canonical":"https:\/\/laredsocial-noticias.com\/wp\/la-torre-eiffel-ya-tiene-fecha-de-reapertura-tras-la-pandemia\/","og_locale":"es_ES","og_type":"article","og_title":"La Torre Eiffel ya tiene fecha de reapertura tras la pandemia - NOTICIAS","og_description":"En un primer momento, el acceso a la Torre Eiffel se har\u00e1 exclusivamente por las escaleras y hasta la segunda...","og_url":"https:\/\/laredsocial-noticias.com\/wp\/la-torre-eiffel-ya-tiene-fecha-de-reapertura-tras-la-pandemia\/","og_site_name":"NOTICIAS","article_published_time":"2020-06-09T15:43:39+00:00","article_modified_time":"2020-06-09T15:44:08+00:00","og_image":[{"width":1024,"height":680,"url":"https:\/\/laredsocial-noticias.com\/wp\/wp-content\/uploads\/2020\/06\/306592_015.jpg","type":"image\/jpeg"}],"author":"Editor en Jefe","twitter_card":"summary_large_image","twitter_misc":{"Escrito por":"Editor en Jefe","Tiempo de lectura":"2 minutos"},"schema":{"@context":"https:\/\/schema.org","@graph":[{"@type":"WebPage","@id":"https:\/\/laredsocial-noticias.com\/wp\/la-torre-eiffel-ya-tiene-fecha-de-reapertura-tras-la-pandemia\/","url":"https:\/\/laredsocial-noticias.com\/wp\/la-torre-eiffel-ya-tiene-fecha-de-reapertura-tras-la-pandemia\/","name":"La Torre Eiffel ya tiene fecha de reapertura tras la pandemia - NOTICIAS","isPartOf":{"@id":"https:\/\/laredsocial-noticias.com\/wp\/#website"},"datePublished":"2020-06-09T15:43:39+00:00","dateModified":"2020-06-09T15:44:08+00:00","author":{"@id":"https:\/\/laredsocial-noticias.com\/wp\/#\/schema\/person\/0ce78643f2de7aae6f6ef10e8453a6e0"},"breadcrumb":{"@id":"https:\/\/laredsocial-noticias.com\/wp\/la-torre-eiffel-ya-tiene-fecha-de-reapertura-tras-la-pandemia\/#breadcrumb"},"inLanguage":"es","potentialAction":[{"@type":"ReadAction","target":["https:\/\/laredsocial-noticias.com\/wp\/la-torre-eiffel-ya-tiene-fecha-de-reapertura-tras-la-pandemia\/"]}]},{"@type":"BreadcrumbList","@id":"https:\/\/laredsocial-noticias.com\/wp\/la-torre-eiffel-ya-tiene-fecha-de-reapertura-tras-la-pandemia\/#breadcrumb","itemListElement":[{"@type":"ListItem","position":1,"name":"Portada","item":"https:\/\/laredsocial-noticias.com\/wp\/"},{"@type":"ListItem","position":2,"name":"La Torre Eiffel ya tiene fecha de reapertura tras la pandemia"}]},{"@type":"WebSite","@id":"https:\/\/laredsocial-noticias.com\/wp\/#website","url":"https:\/\/laredsocial-noticias.com\/wp\/","name":"NOTICIAS","description":"Lo que se ve y se dice en las redes sociales","potentialAction":[{"@type":"SearchAction","target":{"@type":"EntryPoint","urlTemplate":"https:\/\/laredsocial-noticias.com\/wp\/?s={search_term_string}"},"query-input":{"@type":"PropertyValueSpecification","valueRequired":true,"valueName":"search_term_string"}}],"inLanguage":"es"},{"@type":"Person","@id":"https:\/\/laredsocial-noticias.com\/wp\/#\/schema\/person\/0ce78643f2de7aae6f6ef10e8453a6e0","name":"Editor en Jefe","url":"https:\/\/laredsocial-noticias.com\/wp\/author\/jorgeochoa\/"}]}},"_links":{"self":[{"href":"https:\/\/laredsocial-noticias.com\/wp\/wp-json\/wp\/v2\/posts\/130705","targetHints":{"allow":["GET"]}}],"collection":[{"href":"https:\/\/laredsocial-noticias.com\/wp\/wp-json\/wp\/v2\/posts"}],"about":[{"href":"https:\/\/laredsocial-noticias.com\/wp\/wp-json\/wp\/v2\/types\/post"}],"author":[{"embeddable":true,"href":"https:\/\/laredsocial-noticias.com\/wp\/wp-json\/wp\/v2\/users\/1"}],"replies":[{"embeddable":true,"href":"https:\/\/laredsocial-noticias.com\/wp\/wp-json\/wp\/v2\/comments?post=130705"}],"version-history":[{"count":1,"href":"https:\/\/laredsocial-noticias.com\/wp\/wp-json\/wp\/v2\/posts\/130705\/revisions"}],"predecessor-version":[{"id":130706,"href":"https:\/\/laredsocial-noticias.com\/wp\/wp-json\/wp\/v2\/posts\/130705\/revisions\/130706"}],"wp:attachment":[{"href":"https:\/\/laredsocial-noticias.com\/wp\/wp-json\/wp\/v2\/media?parent=130705"}],"wp:term":[{"taxonomy":"category","embeddable":true,"href":"https:\/\/laredsocial-noticias.com\/wp\/wp-json\/wp\/v2\/categories?post=130705"},{"taxonomy":"post_tag","embeddable":true,"href":"https:\/\/laredsocial-noticias.com\/wp\/wp-json\/wp\/v2\/tags?post=130705"}],"curies":[{"name":"wp","href":"https:\/\/api.w.org\/{rel}","templated":true}]}}