{"id":131383,"date":"2020-06-24T11:47:11","date_gmt":"2020-06-24T16:47:11","guid":{"rendered":"http:\/\/laredsocial-noticias.com\/wp\/?p=131383"},"modified":"2020-06-24T11:47:11","modified_gmt":"2020-06-24T16:47:11","slug":"recibe-senado-renuncia-de-titular-de-la-comision-ejecutiva-de-atencion-a-victimas","status":"publish","type":"post","link":"https:\/\/laredsocial-noticias.com\/wp\/recibe-senado-renuncia-de-titular-de-la-comision-ejecutiva-de-atencion-a-victimas\/","title":{"rendered":"RECIBE SENADO RENUNCIA DE TITULAR DE LA COMISI\u00d3N EJECUTIVA DE ATENCI\u00d3N A V\u00cdCTIMAS"},"content":{"rendered":"<p>La Mesa Directiva del Senado de la Rep\u00fablica, recibi\u00f3 la renuncia de la doctora Mara G\u00f3mez P\u00e9rez, como titular de la Comisi\u00f3n Ejecutiva de Atenci\u00f3n a V\u00edctimas (CEAV).<\/p>\n<p>En una carta dirigida a la presidenta, M\u00f3nica Fern\u00e1ndez Balboa y al Primer Mandatario del Pa\u00eds, Andr\u00e9s Manuel L\u00f3pez Obrador, la doctora G\u00f3mez adjunt\u00f3 a su carta de renuncia, un documento que avala el trabajo realizado en estos meses.<\/p>\n<p>Durante su gesti\u00f3n, G\u00f3mez P\u00e9rez vel\u00f3 por la promoci\u00f3n y protecci\u00f3n de los derechos de las v\u00edctimas del delito y violaci\u00f3n a sus derechos humanos.<\/p>\n<p>\u201cCon enfoque de derechos humanos y perspectiva de g\u00e9nero, empezamos a corregir los errores y a eliminar los privilegios con un solo objetivo: la atenci\u00f3n integral de las v\u00edctimas de delitos y violaciones a los derechos humanos, con respeto a la dignidad de las personas, y en busca de la recuperaci\u00f3n de la autonom\u00eda para generar condiciones que permitan la recuperaci\u00f3n de sus derechos de vida\u201d.<\/p>\n<p>Menciona adem\u00e1s que la CEAV se cre\u00f3 para atender a las v\u00edctimas de desaparici\u00f3n forzada, tortura, trata, ejecuci\u00f3n arbitraria y otras violaciones a los derechos humanos, y que necesitan del apoyo del Estado mexicano.<\/p>\n<p>Explica adem\u00e1s que hasta la fecha la CEAV ha realizado 12 auditor\u00edas de las cuales ya han concluido seis con numerosas observaciones, y seis que aun no concluyen.<\/p>\n<p>Acus\u00f3 adem\u00e1s a quienes han malinformado al presidente de la Rep\u00fablica,a funcionarios y l\u00edderes de opini\u00f3n, en redes sociales y en medios de comunicaci\u00f3n.<\/p>\n<p>G\u00f3mez P\u00e9rez agradeci\u00f3 al Pleno del Senado la distinci\u00f3n y confianza que se le dio para encabezar el organismo. Tambi\u00e9n manifest\u00f3 su reconocimiento y respeto al presidente L\u00f3pez Obrador, a quien le dese\u00f3 que lleve a buen t\u00e9rmino la transformaci\u00f3n que se ha propuesto y que busca erradicar el c\u00e1ncer de la corrupci\u00f3n.<\/p>\n<p>El 10 de diciembre del 2019, el \u00f3rgano legislativo aprob\u00f3 su nombramiento con dos terceras partes del Pleno entre una terna que propuso el presidente de la Rep\u00fablica.<\/p>\n","protected":false},"excerpt":{"rendered":"<p>La Mesa Directiva del Senado de la Rep\u00fablica, recibi\u00f3 la renuncia de la doctora Mara G\u00f3mez P\u00e9rez, como titular de&#8230;<\/p>\n","protected":false},"author":1,"featured_media":0,"comment_status":"closed","ping_status":"closed","sticky":false,"template":"","format":"standard","meta":{"footnotes":""},"categories":[27,59],"tags":[],"class_list":["post-131383","post","type-post","status-publish","format-standard","hentry","category-congreso-de-la-union","category-senado"],"yoast_head":"<!-- This site is optimized with the Yoast SEO plugin v26.5 - https:\/\/yoast.com\/wordpress\/plugins\/seo\/ -->\n<title>RECIBE SENADO RENUNCIA DE TITULAR DE LA COMISI\u00d3N EJECUTIVA DE ATENCI\u00d3N A V\u00cdCTIMAS - NOTICIAS<\/title>\n<meta name=\"robots\" content=\"index, follow, max-snippet:-1, max-image-preview:large, max-video-preview:-1\" \/>\n<link rel=\"canonical\" href=\"https:\/\/laredsocial-noticias.com\/wp\/recibe-senado-renuncia-de-titular-de-la-comision-ejecutiva-de-atencion-a-victimas\/\" \/>\n<meta property=\"og:locale\" content=\"es_ES\" \/>\n<meta property=\"og:type\" content=\"article\" \/>\n<meta property=\"og:title\" content=\"RECIBE SENADO RENUNCIA DE TITULAR DE LA COMISI\u00d3N EJECUTIVA DE ATENCI\u00d3N A V\u00cdCTIMAS - NOTICIAS\" \/>\n<meta property=\"og:description\" content=\"La Mesa Directiva del Senado de la Rep\u00fablica, recibi\u00f3 la renuncia de la doctora Mara G\u00f3mez P\u00e9rez, como titular de...\" \/>\n<meta property=\"og:url\" content=\"https:\/\/laredsocial-noticias.com\/wp\/recibe-senado-renuncia-de-titular-de-la-comision-ejecutiva-de-atencion-a-victimas\/\" \/>\n<meta property=\"og:site_name\" content=\"NOTICIAS\" \/>\n<meta property=\"article:published_time\" content=\"2020-06-24T16:47:11+00:00\" \/>\n<meta property=\"og:image\" content=\"https:\/\/laredsocial-noticias.com\/wp\/wp-content\/uploads\/2020\/06\/MARA-GOMEZ-PEREZ.jpg\" \/>\n\t<meta property=\"og:image:width\" content=\"1201\" \/>\n\t<meta property=\"og:image:height\" content=\"740\" \/>\n\t<meta property=\"og:image:type\" content=\"image\/jpeg\" \/>\n<meta name=\"author\" content=\"Editor en Jefe\" \/>\n<meta name=\"twitter:card\" content=\"summary_large_image\" \/>\n<meta name=\"twitter:label1\" content=\"Escrito por\" \/>\n\t<meta name=\"twitter:data1\" content=\"Editor en Jefe\" \/>\n\t<meta name=\"twitter:label2\" content=\"Tiempo de lectura\" \/>\n\t<meta name=\"twitter:data2\" content=\"2 minutos\" \/>\n<!-- \/ Yoast SEO plugin. -->","yoast_head_json":{"title":"RECIBE SENADO RENUNCIA DE TITULAR DE LA COMISI\u00d3N EJECUTIVA DE ATENCI\u00d3N A V\u00cdCTIMAS - NOTICIAS","robots":{"index":"index","follow":"follow","max-snippet":"max-snippet:-1","max-image-preview":"max-image-preview:large","max-video-preview":"max-video-preview:-1"},"canonical":"https:\/\/laredsocial-noticias.com\/wp\/recibe-senado-renuncia-de-titular-de-la-comision-ejecutiva-de-atencion-a-victimas\/","og_locale":"es_ES","og_type":"article","og_title":"RECIBE SENADO RENUNCIA DE TITULAR DE LA COMISI\u00d3N EJECUTIVA DE ATENCI\u00d3N A V\u00cdCTIMAS - NOTICIAS","og_description":"La Mesa Directiva del Senado de la Rep\u00fablica, recibi\u00f3 la renuncia de la doctora Mara G\u00f3mez P\u00e9rez, como titular de...","og_url":"https:\/\/laredsocial-noticias.com\/wp\/recibe-senado-renuncia-de-titular-de-la-comision-ejecutiva-de-atencion-a-victimas\/","og_site_name":"NOTICIAS","article_published_time":"2020-06-24T16:47:11+00:00","og_image":[{"width":1201,"height":740,"url":"https:\/\/laredsocial-noticias.com\/wp\/wp-content\/uploads\/2020\/06\/MARA-GOMEZ-PEREZ.jpg","type":"image\/jpeg"}],"author":"Editor en Jefe","twitter_card":"summary_large_image","twitter_misc":{"Escrito por":"Editor en Jefe","Tiempo de lectura":"2 minutos"},"schema":{"@context":"https:\/\/schema.org","@graph":[{"@type":"WebPage","@id":"https:\/\/laredsocial-noticias.com\/wp\/recibe-senado-renuncia-de-titular-de-la-comision-ejecutiva-de-atencion-a-victimas\/","url":"https:\/\/laredsocial-noticias.com\/wp\/recibe-senado-renuncia-de-titular-de-la-comision-ejecutiva-de-atencion-a-victimas\/","name":"RECIBE SENADO RENUNCIA DE TITULAR DE LA COMISI\u00d3N EJECUTIVA DE ATENCI\u00d3N A V\u00cdCTIMAS - NOTICIAS","isPartOf":{"@id":"https:\/\/laredsocial-noticias.com\/wp\/#website"},"datePublished":"2020-06-24T16:47:11+00:00","author":{"@id":"https:\/\/laredsocial-noticias.com\/wp\/#\/schema\/person\/0ce78643f2de7aae6f6ef10e8453a6e0"},"breadcrumb":{"@id":"https:\/\/laredsocial-noticias.com\/wp\/recibe-senado-renuncia-de-titular-de-la-comision-ejecutiva-de-atencion-a-victimas\/#breadcrumb"},"inLanguage":"es","potentialAction":[{"@type":"ReadAction","target":["https:\/\/laredsocial-noticias.com\/wp\/recibe-senado-renuncia-de-titular-de-la-comision-ejecutiva-de-atencion-a-victimas\/"]}]},{"@type":"BreadcrumbList","@id":"https:\/\/laredsocial-noticias.com\/wp\/recibe-senado-renuncia-de-titular-de-la-comision-ejecutiva-de-atencion-a-victimas\/#breadcrumb","itemListElement":[{"@type":"ListItem","position":1,"name":"Portada","item":"https:\/\/laredsocial-noticias.com\/wp\/"},{"@type":"ListItem","position":2,"name":"RECIBE SENADO RENUNCIA DE TITULAR DE LA COMISI\u00d3N EJECUTIVA DE ATENCI\u00d3N A V\u00cdCTIMAS"}]},{"@type":"WebSite","@id":"https:\/\/laredsocial-noticias.com\/wp\/#website","url":"https:\/\/laredsocial-noticias.com\/wp\/","name":"NOTICIAS","description":"Lo que se ve y se dice en las redes sociales","potentialAction":[{"@type":"SearchAction","target":{"@type":"EntryPoint","urlTemplate":"https:\/\/laredsocial-noticias.com\/wp\/?s={search_term_string}"},"query-input":{"@type":"PropertyValueSpecification","valueRequired":true,"valueName":"search_term_string"}}],"inLanguage":"es"},{"@type":"Person","@id":"https:\/\/laredsocial-noticias.com\/wp\/#\/schema\/person\/0ce78643f2de7aae6f6ef10e8453a6e0","name":"Editor en Jefe","url":"https:\/\/laredsocial-noticias.com\/wp\/author\/jorgeochoa\/"}]}},"_links":{"self":[{"href":"https:\/\/laredsocial-noticias.com\/wp\/wp-json\/wp\/v2\/posts\/131383","targetHints":{"allow":["GET"]}}],"collection":[{"href":"https:\/\/laredsocial-noticias.com\/wp\/wp-json\/wp\/v2\/posts"}],"about":[{"href":"https:\/\/laredsocial-noticias.com\/wp\/wp-json\/wp\/v2\/types\/post"}],"author":[{"embeddable":true,"href":"https:\/\/laredsocial-noticias.com\/wp\/wp-json\/wp\/v2\/users\/1"}],"replies":[{"embeddable":true,"href":"https:\/\/laredsocial-noticias.com\/wp\/wp-json\/wp\/v2\/comments?post=131383"}],"version-history":[{"count":1,"href":"https:\/\/laredsocial-noticias.com\/wp\/wp-json\/wp\/v2\/posts\/131383\/revisions"}],"predecessor-version":[{"id":131385,"href":"https:\/\/laredsocial-noticias.com\/wp\/wp-json\/wp\/v2\/posts\/131383\/revisions\/131385"}],"wp:attachment":[{"href":"https:\/\/laredsocial-noticias.com\/wp\/wp-json\/wp\/v2\/media?parent=131383"}],"wp:term":[{"taxonomy":"category","embeddable":true,"href":"https:\/\/laredsocial-noticias.com\/wp\/wp-json\/wp\/v2\/categories?post=131383"},{"taxonomy":"post_tag","embeddable":true,"href":"https:\/\/laredsocial-noticias.com\/wp\/wp-json\/wp\/v2\/tags?post=131383"}],"curies":[{"name":"wp","href":"https:\/\/api.w.org\/{rel}","templated":true}]}}