{"id":13174,"date":"2016-06-14T21:00:43","date_gmt":"2016-06-15T02:00:43","guid":{"rendered":"http:\/\/laredsocial-noticias.com\/wp\/?p=13174"},"modified":"2016-06-14T19:18:55","modified_gmt":"2016-06-15T00:18:55","slug":"suprema-corte-invalida-articulo-52-de-constitucion-de-jalisco","status":"publish","type":"post","link":"https:\/\/laredsocial-noticias.com\/wp\/suprema-corte-invalida-articulo-52-de-constitucion-de-jalisco\/","title":{"rendered":"Suprema Corte invalida Art\u00edculo 52 de Constituci\u00f3n de Jalisco"},"content":{"rendered":"<p><strong>CIUDAD DE M\u00c9XICO, 14 de junio, (RADIO NET \/ C\u00cdRCULO DIGITAL).-\u00a0<\/strong>El pleno de la Suprema Corte de Justicia de la Naci\u00f3n (SCJN) invalid\u00f3 el Art\u00edculo 52, p\u00e1rrafo segundo, de la Constituci\u00f3n del estado de Jalisco, por invadir esfera del orden federal y pretender reglamentar el control de convencionalidad.<\/p>\n<p>El art\u00edculo invalidado establec\u00eda que los tribunales de esa entidad garantizar\u00edan el control de convencionalidad de los derechos humanos en todas sus actuaciones y pretend\u00eda favorecer siempre sobre las leyes federales o estatales salvo en caso que existieran restricciones constitucionales o jurisprudencia que manifestara lo contrario.<\/p>\n<p>Ante dicha acci\u00f3n, el pleno del alto tribunal determin\u00f3 que las legislaturas locales carecen de competencia para reglamentar el control de convencionalidad, establecido en el Art\u00edculo 1 de la Constituci\u00f3n Federal y que fue objeto de diversos criterios por el alto tribunal.<\/p>\n<p>El 28 de julio de 2015, fue publicada en el Peri\u00f3dico Oficial del estado de Jalisco una reforma a la Constituci\u00f3n estatal, en virtud de la cual se adicion\u00f3 el p\u00e1rrafo se\u00f1alado.<\/p>\n<p>Por tal raz\u00f3n, la Procuradur\u00eda General de la Rep\u00fablica promovi\u00f3 una acci\u00f3n de inconstitucionalidad, en la que solicit\u00f3 la invalidez de dicho precepto, al considerar que resultaba contrario a lo dispuesto en la Carta Magna, aunque por motivos diversos a los que finalmente llev\u00f3 al pleno de la SCJN a determinar la invalidez.<\/p>\n","protected":false},"excerpt":{"rendered":"<p>CIUDAD DE M\u00c9XICO, 14 de junio, (RADIO NET \/ C\u00cdRCULO DIGITAL).-\u00a0El pleno de la Suprema Corte de Justicia de la&#8230;<\/p>\n","protected":false},"author":1,"featured_media":0,"comment_status":"closed","ping_status":"closed","sticky":false,"template":"","format":"standard","meta":{"footnotes":""},"categories":[1796,73],"tags":[1052,77],"class_list":["post-13174","post","type-post","status-publish","format-standard","hentry","category-circulodigital","category-principal","tag-justicia","tag-principal"],"yoast_head":"<!-- This site is optimized with the Yoast SEO plugin v26.5 - https:\/\/yoast.com\/wordpress\/plugins\/seo\/ -->\n<title>Suprema Corte invalida Art\u00edculo 52 de Constituci\u00f3n de Jalisco - NOTICIAS<\/title>\n<meta name=\"robots\" content=\"index, follow, max-snippet:-1, max-image-preview:large, max-video-preview:-1\" \/>\n<link rel=\"canonical\" href=\"https:\/\/laredsocial-noticias.com\/wp\/suprema-corte-invalida-articulo-52-de-constitucion-de-jalisco\/\" \/>\n<meta property=\"og:locale\" content=\"es_ES\" \/>\n<meta property=\"og:type\" content=\"article\" \/>\n<meta property=\"og:title\" content=\"Suprema Corte invalida Art\u00edculo 52 de Constituci\u00f3n de Jalisco - NOTICIAS\" \/>\n<meta property=\"og:description\" content=\"CIUDAD DE M\u00c9XICO, 14 de junio, (RADIO NET \/ C\u00cdRCULO DIGITAL).-\u00a0El pleno de la Suprema Corte de Justicia de la...\" \/>\n<meta property=\"og:url\" content=\"https:\/\/laredsocial-noticias.com\/wp\/suprema-corte-invalida-articulo-52-de-constitucion-de-jalisco\/\" \/>\n<meta property=\"og:site_name\" content=\"NOTICIAS\" \/>\n<meta property=\"article:published_time\" content=\"2016-06-15T02:00:43+00:00\" \/>\n<meta name=\"author\" content=\"Editor en Jefe\" \/>\n<meta name=\"twitter:card\" content=\"summary_large_image\" \/>\n<meta name=\"twitter:label1\" content=\"Escrito por\" \/>\n\t<meta name=\"twitter:data1\" content=\"Editor en Jefe\" \/>\n\t<meta name=\"twitter:label2\" content=\"Tiempo de lectura\" \/>\n\t<meta name=\"twitter:data2\" content=\"1 minuto\" \/>\n<!-- \/ Yoast SEO plugin. -->","yoast_head_json":{"title":"Suprema Corte invalida Art\u00edculo 52 de Constituci\u00f3n de Jalisco - NOTICIAS","robots":{"index":"index","follow":"follow","max-snippet":"max-snippet:-1","max-image-preview":"max-image-preview:large","max-video-preview":"max-video-preview:-1"},"canonical":"https:\/\/laredsocial-noticias.com\/wp\/suprema-corte-invalida-articulo-52-de-constitucion-de-jalisco\/","og_locale":"es_ES","og_type":"article","og_title":"Suprema Corte invalida Art\u00edculo 52 de Constituci\u00f3n de Jalisco - NOTICIAS","og_description":"CIUDAD DE M\u00c9XICO, 14 de junio, (RADIO NET \/ C\u00cdRCULO DIGITAL).-\u00a0El pleno de la Suprema Corte de Justicia de la...","og_url":"https:\/\/laredsocial-noticias.com\/wp\/suprema-corte-invalida-articulo-52-de-constitucion-de-jalisco\/","og_site_name":"NOTICIAS","article_published_time":"2016-06-15T02:00:43+00:00","author":"Editor en Jefe","twitter_card":"summary_large_image","twitter_misc":{"Escrito por":"Editor en Jefe","Tiempo de lectura":"1 minuto"},"schema":{"@context":"https:\/\/schema.org","@graph":[{"@type":"WebPage","@id":"https:\/\/laredsocial-noticias.com\/wp\/suprema-corte-invalida-articulo-52-de-constitucion-de-jalisco\/","url":"https:\/\/laredsocial-noticias.com\/wp\/suprema-corte-invalida-articulo-52-de-constitucion-de-jalisco\/","name":"Suprema Corte invalida Art\u00edculo 52 de Constituci\u00f3n de Jalisco - NOTICIAS","isPartOf":{"@id":"https:\/\/laredsocial-noticias.com\/wp\/#website"},"datePublished":"2016-06-15T02:00:43+00:00","author":{"@id":"https:\/\/laredsocial-noticias.com\/wp\/#\/schema\/person\/0ce78643f2de7aae6f6ef10e8453a6e0"},"breadcrumb":{"@id":"https:\/\/laredsocial-noticias.com\/wp\/suprema-corte-invalida-articulo-52-de-constitucion-de-jalisco\/#breadcrumb"},"inLanguage":"es","potentialAction":[{"@type":"ReadAction","target":["https:\/\/laredsocial-noticias.com\/wp\/suprema-corte-invalida-articulo-52-de-constitucion-de-jalisco\/"]}]},{"@type":"BreadcrumbList","@id":"https:\/\/laredsocial-noticias.com\/wp\/suprema-corte-invalida-articulo-52-de-constitucion-de-jalisco\/#breadcrumb","itemListElement":[{"@type":"ListItem","position":1,"name":"Portada","item":"https:\/\/laredsocial-noticias.com\/wp\/"},{"@type":"ListItem","position":2,"name":"Suprema Corte invalida Art\u00edculo 52 de Constituci\u00f3n de Jalisco"}]},{"@type":"WebSite","@id":"https:\/\/laredsocial-noticias.com\/wp\/#website","url":"https:\/\/laredsocial-noticias.com\/wp\/","name":"NOTICIAS","description":"Lo que se ve y se dice en las redes sociales","potentialAction":[{"@type":"SearchAction","target":{"@type":"EntryPoint","urlTemplate":"https:\/\/laredsocial-noticias.com\/wp\/?s={search_term_string}"},"query-input":{"@type":"PropertyValueSpecification","valueRequired":true,"valueName":"search_term_string"}}],"inLanguage":"es"},{"@type":"Person","@id":"https:\/\/laredsocial-noticias.com\/wp\/#\/schema\/person\/0ce78643f2de7aae6f6ef10e8453a6e0","name":"Editor en Jefe","url":"https:\/\/laredsocial-noticias.com\/wp\/author\/jorgeochoa\/"}]}},"_links":{"self":[{"href":"https:\/\/laredsocial-noticias.com\/wp\/wp-json\/wp\/v2\/posts\/13174","targetHints":{"allow":["GET"]}}],"collection":[{"href":"https:\/\/laredsocial-noticias.com\/wp\/wp-json\/wp\/v2\/posts"}],"about":[{"href":"https:\/\/laredsocial-noticias.com\/wp\/wp-json\/wp\/v2\/types\/post"}],"author":[{"embeddable":true,"href":"https:\/\/laredsocial-noticias.com\/wp\/wp-json\/wp\/v2\/users\/1"}],"replies":[{"embeddable":true,"href":"https:\/\/laredsocial-noticias.com\/wp\/wp-json\/wp\/v2\/comments?post=13174"}],"version-history":[{"count":1,"href":"https:\/\/laredsocial-noticias.com\/wp\/wp-json\/wp\/v2\/posts\/13174\/revisions"}],"predecessor-version":[{"id":13175,"href":"https:\/\/laredsocial-noticias.com\/wp\/wp-json\/wp\/v2\/posts\/13174\/revisions\/13175"}],"wp:attachment":[{"href":"https:\/\/laredsocial-noticias.com\/wp\/wp-json\/wp\/v2\/media?parent=13174"}],"wp:term":[{"taxonomy":"category","embeddable":true,"href":"https:\/\/laredsocial-noticias.com\/wp\/wp-json\/wp\/v2\/categories?post=13174"},{"taxonomy":"post_tag","embeddable":true,"href":"https:\/\/laredsocial-noticias.com\/wp\/wp-json\/wp\/v2\/tags?post=13174"}],"curies":[{"name":"wp","href":"https:\/\/api.w.org\/{rel}","templated":true}]}}