{"id":134236,"date":"2020-08-19T13:28:45","date_gmt":"2020-08-19T18:28:45","guid":{"rendered":"https:\/\/laredsocial-noticias.com\/wp\/?p=134236"},"modified":"2020-08-19T13:29:00","modified_gmt":"2020-08-19T18:29:00","slug":"no-podemos-exigir-estudiantes-de-primera-con-escuelas-de-cuarta-transformacion-hector-barrera","status":"publish","type":"post","link":"https:\/\/laredsocial-noticias.com\/wp\/no-podemos-exigir-estudiantes-de-primera-con-escuelas-de-cuarta-transformacion-hector-barrera\/","title":{"rendered":"No podemos exigir estudiantes de primera con escuelas de cuarta.. transformaci\u00f3n: H\u00e9ctor Barrera"},"content":{"rendered":"<p>\u2022 Se trata de un fideicomiso p\u00fablico y exclusivo para dar atenci\u00f3n al deterioro de la infraestructura f\u00edsica de escuelas de educaci\u00f3n inicial y b\u00e1sica CDMX.<\/p>\n<p>El diputado del PAN, H\u00e9ctor Barrera Marmolejo, propuso hoy crear un Fondo para la Atenci\u00f3n de Planteles Escolares en la Ciudad de M\u00e9xico y, con ello garantizar su infraestructura con espacios fuertes que permita recibir a los alumnos en condiciones seguras tras la pandemia.<\/p>\n<p>Una vez decret\u00e1ndose el regreso a clases, los alumnos deben tener seguridad, tanto de las condiciones de las aulas y las instalaciones, como en materia de salubridad para no generar focos de contagio.<\/p>\n<p>Se trata, expone la iniciativa presentada este mi\u00e9rcoles ante la Comisi\u00f3n Permanente, que los padres de familia tambi\u00e9n tengan la seguridad de que sus hijos recibir\u00e1n los mejores servicios en los planteles donde estudian.<\/p>\n<p>\u201cEn la ciudad encontramos un gran problema respecto de las aulas escolares y sus instituciones, lo cual imposibilita que los estudiantes den su m\u00e1ximo potencial, aunado a la imposibilidad en muchos de estos espacios de mantener condiciones ante la nueva realidad que implica el COVID-19\u201d, se lee en la legislaci\u00f3n.<\/p>\n<p>Reformando la Ley de Educaci\u00f3n CDMX, se intenta que todo tipo de donaciones o aportaciones en efectivo o especie realizadas por terceros, personas f\u00edsicas o morales, de car\u00e1cter p\u00fablico, privado o social, nacional o extranjera, de manera altruista, se concentren en un fideicomiso en donde los padres de familia y las Mesas Directivas tengan conocimiento preciso.<\/p>\n<p>En la actualidad, hay programas tendientes a la mejora de las aulas, pero no parecen ser la soluci\u00f3n trat\u00e1ndose de seguridad hacia los menores.<\/p>\n<p>La iniciativa fue turnada a la comisi\u00f3n de Educaci\u00f3n.<\/p>\n","protected":false},"excerpt":{"rendered":"<p>\u2022 Se trata de un fideicomiso p\u00fablico y exclusivo para dar atenci\u00f3n al deterioro de la infraestructura f\u00edsica de escuelas&#8230;<\/p>\n","protected":false},"author":1,"featured_media":0,"comment_status":"open","ping_status":"closed","sticky":false,"template":"","format":"standard","meta":{"footnotes":""},"categories":[91],"tags":[261,77],"class_list":["post-134236","post","type-post","status-publish","format-standard","hentry","category-cdmx","tag-cdmx","tag-principal"],"yoast_head":"<!-- This site is optimized with the Yoast SEO plugin v26.5 - https:\/\/yoast.com\/wordpress\/plugins\/seo\/ -->\n<title>No podemos exigir estudiantes de primera con escuelas de cuarta.. transformaci\u00f3n: H\u00e9ctor Barrera - NOTICIAS<\/title>\n<meta name=\"robots\" content=\"index, follow, max-snippet:-1, max-image-preview:large, max-video-preview:-1\" \/>\n<link rel=\"canonical\" href=\"https:\/\/laredsocial-noticias.com\/wp\/no-podemos-exigir-estudiantes-de-primera-con-escuelas-de-cuarta-transformacion-hector-barrera\/\" \/>\n<meta property=\"og:locale\" content=\"es_ES\" \/>\n<meta property=\"og:type\" content=\"article\" \/>\n<meta property=\"og:title\" content=\"No podemos exigir estudiantes de primera con escuelas de cuarta.. transformaci\u00f3n: H\u00e9ctor Barrera - NOTICIAS\" \/>\n<meta property=\"og:description\" content=\"\u2022 Se trata de un fideicomiso p\u00fablico y exclusivo para dar atenci\u00f3n al deterioro de la infraestructura f\u00edsica de escuelas...\" \/>\n<meta property=\"og:url\" content=\"https:\/\/laredsocial-noticias.com\/wp\/no-podemos-exigir-estudiantes-de-primera-con-escuelas-de-cuarta-transformacion-hector-barrera\/\" \/>\n<meta property=\"og:site_name\" content=\"NOTICIAS\" \/>\n<meta property=\"article:published_time\" content=\"2020-08-19T18:28:45+00:00\" \/>\n<meta property=\"article:modified_time\" content=\"2020-08-19T18:29:00+00:00\" \/>\n<meta property=\"og:image\" content=\"https:\/\/laredsocial-noticias.com\/wp\/wp-content\/uploads\/2020\/08\/No-podemos-exigir-estudiantes-de-primera-con-escuelas-de-cuarta..-transformacio\u0301n-He\u0301ctor-Barrera.jpeg\" \/>\n\t<meta property=\"og:image:width\" content=\"524\" \/>\n\t<meta property=\"og:image:height\" content=\"353\" \/>\n\t<meta property=\"og:image:type\" content=\"image\/jpeg\" \/>\n<meta name=\"author\" content=\"Editor en Jefe\" \/>\n<meta name=\"twitter:card\" content=\"summary_large_image\" \/>\n<meta name=\"twitter:label1\" content=\"Escrito por\" \/>\n\t<meta name=\"twitter:data1\" content=\"Editor en Jefe\" \/>\n\t<meta name=\"twitter:label2\" content=\"Tiempo de lectura\" \/>\n\t<meta name=\"twitter:data2\" content=\"1 minuto\" \/>\n<!-- \/ Yoast SEO plugin. -->","yoast_head_json":{"title":"No podemos exigir estudiantes de primera con escuelas de cuarta.. transformaci\u00f3n: H\u00e9ctor Barrera - NOTICIAS","robots":{"index":"index","follow":"follow","max-snippet":"max-snippet:-1","max-image-preview":"max-image-preview:large","max-video-preview":"max-video-preview:-1"},"canonical":"https:\/\/laredsocial-noticias.com\/wp\/no-podemos-exigir-estudiantes-de-primera-con-escuelas-de-cuarta-transformacion-hector-barrera\/","og_locale":"es_ES","og_type":"article","og_title":"No podemos exigir estudiantes de primera con escuelas de cuarta.. transformaci\u00f3n: H\u00e9ctor Barrera - NOTICIAS","og_description":"\u2022 Se trata de un fideicomiso p\u00fablico y exclusivo para dar atenci\u00f3n al deterioro de la infraestructura f\u00edsica de escuelas...","og_url":"https:\/\/laredsocial-noticias.com\/wp\/no-podemos-exigir-estudiantes-de-primera-con-escuelas-de-cuarta-transformacion-hector-barrera\/","og_site_name":"NOTICIAS","article_published_time":"2020-08-19T18:28:45+00:00","article_modified_time":"2020-08-19T18:29:00+00:00","og_image":[{"width":524,"height":353,"url":"https:\/\/laredsocial-noticias.com\/wp\/wp-content\/uploads\/2020\/08\/No-podemos-exigir-estudiantes-de-primera-con-escuelas-de-cuarta..-transformacio\u0301n-He\u0301ctor-Barrera.jpeg","type":"image\/jpeg"}],"author":"Editor en Jefe","twitter_card":"summary_large_image","twitter_misc":{"Escrito por":"Editor en Jefe","Tiempo de lectura":"1 minuto"},"schema":{"@context":"https:\/\/schema.org","@graph":[{"@type":"WebPage","@id":"https:\/\/laredsocial-noticias.com\/wp\/no-podemos-exigir-estudiantes-de-primera-con-escuelas-de-cuarta-transformacion-hector-barrera\/","url":"https:\/\/laredsocial-noticias.com\/wp\/no-podemos-exigir-estudiantes-de-primera-con-escuelas-de-cuarta-transformacion-hector-barrera\/","name":"No podemos exigir estudiantes de primera con escuelas de cuarta.. transformaci\u00f3n: H\u00e9ctor Barrera - NOTICIAS","isPartOf":{"@id":"https:\/\/laredsocial-noticias.com\/wp\/#website"},"datePublished":"2020-08-19T18:28:45+00:00","dateModified":"2020-08-19T18:29:00+00:00","author":{"@id":"https:\/\/laredsocial-noticias.com\/wp\/#\/schema\/person\/0ce78643f2de7aae6f6ef10e8453a6e0"},"breadcrumb":{"@id":"https:\/\/laredsocial-noticias.com\/wp\/no-podemos-exigir-estudiantes-de-primera-con-escuelas-de-cuarta-transformacion-hector-barrera\/#breadcrumb"},"inLanguage":"es","potentialAction":[{"@type":"ReadAction","target":["https:\/\/laredsocial-noticias.com\/wp\/no-podemos-exigir-estudiantes-de-primera-con-escuelas-de-cuarta-transformacion-hector-barrera\/"]}]},{"@type":"BreadcrumbList","@id":"https:\/\/laredsocial-noticias.com\/wp\/no-podemos-exigir-estudiantes-de-primera-con-escuelas-de-cuarta-transformacion-hector-barrera\/#breadcrumb","itemListElement":[{"@type":"ListItem","position":1,"name":"Portada","item":"https:\/\/laredsocial-noticias.com\/wp\/"},{"@type":"ListItem","position":2,"name":"No podemos exigir estudiantes de primera con escuelas de cuarta.. transformaci\u00f3n: H\u00e9ctor Barrera"}]},{"@type":"WebSite","@id":"https:\/\/laredsocial-noticias.com\/wp\/#website","url":"https:\/\/laredsocial-noticias.com\/wp\/","name":"NOTICIAS","description":"Lo que se ve y se dice en las redes sociales","potentialAction":[{"@type":"SearchAction","target":{"@type":"EntryPoint","urlTemplate":"https:\/\/laredsocial-noticias.com\/wp\/?s={search_term_string}"},"query-input":{"@type":"PropertyValueSpecification","valueRequired":true,"valueName":"search_term_string"}}],"inLanguage":"es"},{"@type":"Person","@id":"https:\/\/laredsocial-noticias.com\/wp\/#\/schema\/person\/0ce78643f2de7aae6f6ef10e8453a6e0","name":"Editor en Jefe","url":"https:\/\/laredsocial-noticias.com\/wp\/author\/jorgeochoa\/"}]}},"_links":{"self":[{"href":"https:\/\/laredsocial-noticias.com\/wp\/wp-json\/wp\/v2\/posts\/134236","targetHints":{"allow":["GET"]}}],"collection":[{"href":"https:\/\/laredsocial-noticias.com\/wp\/wp-json\/wp\/v2\/posts"}],"about":[{"href":"https:\/\/laredsocial-noticias.com\/wp\/wp-json\/wp\/v2\/types\/post"}],"author":[{"embeddable":true,"href":"https:\/\/laredsocial-noticias.com\/wp\/wp-json\/wp\/v2\/users\/1"}],"replies":[{"embeddable":true,"href":"https:\/\/laredsocial-noticias.com\/wp\/wp-json\/wp\/v2\/comments?post=134236"}],"version-history":[{"count":1,"href":"https:\/\/laredsocial-noticias.com\/wp\/wp-json\/wp\/v2\/posts\/134236\/revisions"}],"predecessor-version":[{"id":134237,"href":"https:\/\/laredsocial-noticias.com\/wp\/wp-json\/wp\/v2\/posts\/134236\/revisions\/134237"}],"wp:attachment":[{"href":"https:\/\/laredsocial-noticias.com\/wp\/wp-json\/wp\/v2\/media?parent=134236"}],"wp:term":[{"taxonomy":"category","embeddable":true,"href":"https:\/\/laredsocial-noticias.com\/wp\/wp-json\/wp\/v2\/categories?post=134236"},{"taxonomy":"post_tag","embeddable":true,"href":"https:\/\/laredsocial-noticias.com\/wp\/wp-json\/wp\/v2\/tags?post=134236"}],"curies":[{"name":"wp","href":"https:\/\/api.w.org\/{rel}","templated":true}]}}