{"id":135155,"date":"2020-09-06T13:11:47","date_gmt":"2020-09-06T18:11:47","guid":{"rendered":"https:\/\/laredsocial-noticias.com\/wp\/?p=135155"},"modified":"2020-09-06T13:11:49","modified_gmt":"2020-09-06T18:11:49","slug":"suman-videoconferencias-a-oferta-educativa-en-magdalena-contreras","status":"publish","type":"post","link":"https:\/\/laredsocial-noticias.com\/wp\/suman-videoconferencias-a-oferta-educativa-en-magdalena-contreras\/","title":{"rendered":"Suman videoconferencias a oferta educativa en Magdalena Contreras"},"content":{"rendered":"<p>&nbsp;<\/p>\n<p>La oferta de servicios en los kioscos de ense\u00f1anza y aprendizaje fue ampliada con videoconferencias, luego de la respuesta que tuvieron estos espacios entre los estudiantes, inform\u00f3 la alcaldesa en La Magdalena Contreras, Patricia Ortiz.<\/p>\n<p>Ese soporte educativo se suma al acceso a una computadora con Internet sin costo alguno y qued\u00f3 instalado desde el lunes pasado.<\/p>\n<p>Durante los primeros cinco d\u00edas de los kioscos, la aceptaci\u00f3n fue de 186 ni\u00f1as y ni\u00f1os de primaria de manera presencial; 47 ni\u00f1as y ni\u00f1os de primaria a distancia y 56 j\u00f3venes de secundaria.<\/p>\n<p>Los temas que se tratar\u00e1n en las videoconferencias van en concordancia con las materias que llevan ni\u00f1as, ni\u00f1os y j\u00f3venes a nivel b\u00e1sico.<\/p>\n<p>Ser\u00e1n presentadas por profesores capacitados en distintas materias para el apoyo de los alumnos.<\/p>\n<p>\u201cBuscamos facilitar las cosas para que los ni\u00f1os y j\u00f3venes sigan, de manera exitosa, sus estudios.<\/p>\n<p>\u201cEn los Kioscos de Ense\u00f1anza y Aprendizaje habr\u00e1 todo lo necesario para reforzar la educaci\u00f3n a distancia, maestros y ahora videoconferencias de calidad, con materiales que la Secretar\u00eda de Educaci\u00f3n P\u00fablica\u201d, expuso la alcaldesa Patricia Ortiz.<\/p>\n<p>Las videoconferencias se trasmitir\u00e1n en cada uno de los 5 kioscos ubicados en el Deportivo Ojo de Agua, Biblioteca de Atacaxo, Biblioteca Juventino Rosas, Biblioteca Francisco Zendejas y Biblioteca Emiliano Zapata.<\/p>\n<p>\u201cNuestra iniciativa tiene el objetivo de reforzar la educaci\u00f3n y hacer m\u00e1s llevadero el proceso para las familias, porque aprender en casa requiere de la cooperaci\u00f3n de madres, padres, profesores, alumnos, y autoridades\u201d, agreg\u00f3.<\/p>\n<p>Para tener acceso a los apoyos las familias deben agendar una cita para los estudiantes, a trav\u00e9s del tel\u00e9fono: 55 54 49 60 00, extensi\u00f3n 1258, porque en cada kiosco habr\u00e1 solo cupo para 10 usuarios por hora.<\/p>\n<p>Los kioscos est\u00e1n abiertos de las 9:00 a las 18:00 horas, de lunes a viernes, y para cumplir con las medidas de sanidad e higiene necesarios, las autoridades piden el uso de cubrebocas, gel antibacterial y que se respete la sana distancia.<\/p>\n","protected":false},"excerpt":{"rendered":"<p>&nbsp; La oferta de servicios en los kioscos de ense\u00f1anza y aprendizaje fue ampliada con videoconferencias, luego de la respuesta&#8230;<\/p>\n","protected":false},"author":1,"featured_media":0,"comment_status":"open","ping_status":"closed","sticky":false,"template":"","format":"standard","meta":{"footnotes":""},"categories":[91],"tags":[261,77],"class_list":["post-135155","post","type-post","status-publish","format-standard","hentry","category-cdmx","tag-cdmx","tag-principal"],"yoast_head":"<!-- This site is optimized with the Yoast SEO plugin v26.5 - https:\/\/yoast.com\/wordpress\/plugins\/seo\/ -->\n<title>Suman videoconferencias a oferta educativa en Magdalena Contreras - NOTICIAS<\/title>\n<meta name=\"robots\" content=\"index, follow, max-snippet:-1, max-image-preview:large, max-video-preview:-1\" \/>\n<link rel=\"canonical\" href=\"https:\/\/laredsocial-noticias.com\/wp\/suman-videoconferencias-a-oferta-educativa-en-magdalena-contreras\/\" \/>\n<meta property=\"og:locale\" content=\"es_ES\" \/>\n<meta property=\"og:type\" content=\"article\" \/>\n<meta property=\"og:title\" content=\"Suman videoconferencias a oferta educativa en Magdalena Contreras - NOTICIAS\" \/>\n<meta property=\"og:description\" content=\"&nbsp; La oferta de servicios en los kioscos de ense\u00f1anza y aprendizaje fue ampliada con videoconferencias, luego de la respuesta...\" \/>\n<meta property=\"og:url\" content=\"https:\/\/laredsocial-noticias.com\/wp\/suman-videoconferencias-a-oferta-educativa-en-magdalena-contreras\/\" \/>\n<meta property=\"og:site_name\" content=\"NOTICIAS\" \/>\n<meta property=\"article:published_time\" content=\"2020-09-06T18:11:47+00:00\" \/>\n<meta property=\"article:modified_time\" content=\"2020-09-06T18:11:49+00:00\" \/>\n<meta property=\"og:image\" content=\"https:\/\/laredsocial-noticias.com\/wp\/wp-content\/uploads\/2020\/09\/Suman-videoconferencias-a-oferta-educativa-en-Magdalena-Contreras.jpeg\" \/>\n\t<meta property=\"og:image:width\" content=\"1280\" \/>\n\t<meta property=\"og:image:height\" content=\"853\" \/>\n\t<meta property=\"og:image:type\" content=\"image\/jpeg\" \/>\n<meta name=\"author\" content=\"Editor en Jefe\" \/>\n<meta name=\"twitter:card\" content=\"summary_large_image\" \/>\n<meta name=\"twitter:label1\" content=\"Escrito por\" \/>\n\t<meta name=\"twitter:data1\" content=\"Editor en Jefe\" \/>\n\t<meta name=\"twitter:label2\" content=\"Tiempo de lectura\" \/>\n\t<meta name=\"twitter:data2\" content=\"2 minutos\" \/>\n<!-- \/ Yoast SEO plugin. -->","yoast_head_json":{"title":"Suman videoconferencias a oferta educativa en Magdalena Contreras - NOTICIAS","robots":{"index":"index","follow":"follow","max-snippet":"max-snippet:-1","max-image-preview":"max-image-preview:large","max-video-preview":"max-video-preview:-1"},"canonical":"https:\/\/laredsocial-noticias.com\/wp\/suman-videoconferencias-a-oferta-educativa-en-magdalena-contreras\/","og_locale":"es_ES","og_type":"article","og_title":"Suman videoconferencias a oferta educativa en Magdalena Contreras - NOTICIAS","og_description":"&nbsp; La oferta de servicios en los kioscos de ense\u00f1anza y aprendizaje fue ampliada con videoconferencias, luego de la respuesta...","og_url":"https:\/\/laredsocial-noticias.com\/wp\/suman-videoconferencias-a-oferta-educativa-en-magdalena-contreras\/","og_site_name":"NOTICIAS","article_published_time":"2020-09-06T18:11:47+00:00","article_modified_time":"2020-09-06T18:11:49+00:00","og_image":[{"width":1280,"height":853,"url":"https:\/\/laredsocial-noticias.com\/wp\/wp-content\/uploads\/2020\/09\/Suman-videoconferencias-a-oferta-educativa-en-Magdalena-Contreras.jpeg","type":"image\/jpeg"}],"author":"Editor en Jefe","twitter_card":"summary_large_image","twitter_misc":{"Escrito por":"Editor en Jefe","Tiempo de lectura":"2 minutos"},"schema":{"@context":"https:\/\/schema.org","@graph":[{"@type":"WebPage","@id":"https:\/\/laredsocial-noticias.com\/wp\/suman-videoconferencias-a-oferta-educativa-en-magdalena-contreras\/","url":"https:\/\/laredsocial-noticias.com\/wp\/suman-videoconferencias-a-oferta-educativa-en-magdalena-contreras\/","name":"Suman videoconferencias a oferta educativa en Magdalena Contreras - NOTICIAS","isPartOf":{"@id":"https:\/\/laredsocial-noticias.com\/wp\/#website"},"datePublished":"2020-09-06T18:11:47+00:00","dateModified":"2020-09-06T18:11:49+00:00","author":{"@id":"https:\/\/laredsocial-noticias.com\/wp\/#\/schema\/person\/0ce78643f2de7aae6f6ef10e8453a6e0"},"breadcrumb":{"@id":"https:\/\/laredsocial-noticias.com\/wp\/suman-videoconferencias-a-oferta-educativa-en-magdalena-contreras\/#breadcrumb"},"inLanguage":"es","potentialAction":[{"@type":"ReadAction","target":["https:\/\/laredsocial-noticias.com\/wp\/suman-videoconferencias-a-oferta-educativa-en-magdalena-contreras\/"]}]},{"@type":"BreadcrumbList","@id":"https:\/\/laredsocial-noticias.com\/wp\/suman-videoconferencias-a-oferta-educativa-en-magdalena-contreras\/#breadcrumb","itemListElement":[{"@type":"ListItem","position":1,"name":"Portada","item":"https:\/\/laredsocial-noticias.com\/wp\/"},{"@type":"ListItem","position":2,"name":"Suman videoconferencias a oferta educativa en Magdalena Contreras"}]},{"@type":"WebSite","@id":"https:\/\/laredsocial-noticias.com\/wp\/#website","url":"https:\/\/laredsocial-noticias.com\/wp\/","name":"NOTICIAS","description":"Lo que se ve y se dice en las redes sociales","potentialAction":[{"@type":"SearchAction","target":{"@type":"EntryPoint","urlTemplate":"https:\/\/laredsocial-noticias.com\/wp\/?s={search_term_string}"},"query-input":{"@type":"PropertyValueSpecification","valueRequired":true,"valueName":"search_term_string"}}],"inLanguage":"es"},{"@type":"Person","@id":"https:\/\/laredsocial-noticias.com\/wp\/#\/schema\/person\/0ce78643f2de7aae6f6ef10e8453a6e0","name":"Editor en Jefe","url":"https:\/\/laredsocial-noticias.com\/wp\/author\/jorgeochoa\/"}]}},"_links":{"self":[{"href":"https:\/\/laredsocial-noticias.com\/wp\/wp-json\/wp\/v2\/posts\/135155","targetHints":{"allow":["GET"]}}],"collection":[{"href":"https:\/\/laredsocial-noticias.com\/wp\/wp-json\/wp\/v2\/posts"}],"about":[{"href":"https:\/\/laredsocial-noticias.com\/wp\/wp-json\/wp\/v2\/types\/post"}],"author":[{"embeddable":true,"href":"https:\/\/laredsocial-noticias.com\/wp\/wp-json\/wp\/v2\/users\/1"}],"replies":[{"embeddable":true,"href":"https:\/\/laredsocial-noticias.com\/wp\/wp-json\/wp\/v2\/comments?post=135155"}],"version-history":[{"count":1,"href":"https:\/\/laredsocial-noticias.com\/wp\/wp-json\/wp\/v2\/posts\/135155\/revisions"}],"predecessor-version":[{"id":135156,"href":"https:\/\/laredsocial-noticias.com\/wp\/wp-json\/wp\/v2\/posts\/135155\/revisions\/135156"}],"wp:attachment":[{"href":"https:\/\/laredsocial-noticias.com\/wp\/wp-json\/wp\/v2\/media?parent=135155"}],"wp:term":[{"taxonomy":"category","embeddable":true,"href":"https:\/\/laredsocial-noticias.com\/wp\/wp-json\/wp\/v2\/categories?post=135155"},{"taxonomy":"post_tag","embeddable":true,"href":"https:\/\/laredsocial-noticias.com\/wp\/wp-json\/wp\/v2\/tags?post=135155"}],"curies":[{"name":"wp","href":"https:\/\/api.w.org\/{rel}","templated":true}]}}