{"id":135231,"date":"2020-09-07T15:21:16","date_gmt":"2020-09-07T20:21:16","guid":{"rendered":"https:\/\/laredsocial-noticias.com\/wp\/?p=135231"},"modified":"2020-09-07T15:21:20","modified_gmt":"2020-09-07T20:21:20","slug":"limitan-ayuda-a-colonias-covid-19-que-no-coinciden-con-morena","status":"publish","type":"post","link":"https:\/\/laredsocial-noticias.com\/wp\/limitan-ayuda-a-colonias-covid-19-que-no-coinciden-con-morena\/","title":{"rendered":"Limitan ayuda a colonias Covid-19 que no coinciden con Morena"},"content":{"rendered":"<p>&nbsp;<\/p>\n<p>\u2022 Diputado llama al Gobierno local a ser parejo en la distribuci\u00f3n de pol\u00edtica p\u00fablica.<\/p>\n<p>El diputado de \u00c1lvaro Obreg\u00f3n, Pablo Montes de Oca, invit\u00f3 hoy a sus vecinos a continuar resguardados en sus domicilios porque en dicha demarcaci\u00f3n se ubican por lo menos 13 de las colonias de alto riesgo de contagio comunitario por coronavirus.<\/p>\n<p>Hasta el d\u00eda de ayer, se agregaron Lomas de Chamontoya, Lomas de Capula y Lomas de Becerra. El panista dijo que a su M\u00f3dulo de Atenci\u00f3n Ciudadana han llegado casos en donde los vecinos no son recibidos por las cl\u00ednicas del sistema de salud p\u00fablico.<\/p>\n<p>A la secretaria Oliva L\u00f3pez Arellano, le solicit\u00f3 reforzar las brigadas de atenci\u00f3n en estas tres nuevas colonias de AO que se suman a las anteriores, dotando de medicamentos y apoyos econ\u00f3micos a las familias que tienen sospecha de Covid19.<\/p>\n<p>Montes de Oca mencion\u00f3 que no hay constancia sobre la eficacia en los kioscos salud que se instalan, dado que la atenci\u00f3n es voluntaria y no existe una norma que los pueda mantener para recibir a los ciudadanos fijamente.<\/p>\n<p>Dadas las condiciones de empleo en la Ciudad, indic\u00f3, \u00c1lvaro Obreg\u00f3n no es la excepci\u00f3n y mostr\u00f3 preocupaci\u00f3n porque las pol\u00edticas p\u00fablicas no llegan a esta demarcaci\u00f3n, o al menos, a colonias que no tienen mucha empat\u00eda con los principios de la Cuarta Transformaci\u00f3n.<\/p>\n<p>Por ello, llam\u00f3 al gobierno de Claudia Sheinbaum a ser parejo en los apoyos que tiene disponibles para grupos vulnerables, tarea que debe ir acompa\u00f1ada de quienes representan a esta Alcald\u00eda.<\/p>\n<p>El diputado del GPPAN puso a disposici\u00f3n del GCDMX su M\u00f3dulo de Atenci\u00f3n Ciudadana para entregar informaci\u00f3n sobre quienes necesitan los apoyos y no son considerados en las estrategias de la pandemia.<\/p>\n<p>&nbsp;<\/p>\n","protected":false},"excerpt":{"rendered":"<p>&nbsp; \u2022 Diputado llama al Gobierno local a ser parejo en la distribuci\u00f3n de pol\u00edtica p\u00fablica. El diputado de \u00c1lvaro&#8230;<\/p>\n","protected":false},"author":1,"featured_media":0,"comment_status":"open","ping_status":"closed","sticky":false,"template":"","format":"standard","meta":{"footnotes":""},"categories":[91],"tags":[261,77],"class_list":["post-135231","post","type-post","status-publish","format-standard","hentry","category-cdmx","tag-cdmx","tag-principal"],"yoast_head":"<!-- This site is optimized with the Yoast SEO plugin v26.5 - https:\/\/yoast.com\/wordpress\/plugins\/seo\/ -->\n<title>Limitan ayuda a colonias Covid-19 que no coinciden con Morena - NOTICIAS<\/title>\n<meta name=\"robots\" content=\"index, follow, max-snippet:-1, max-image-preview:large, max-video-preview:-1\" \/>\n<link rel=\"canonical\" href=\"https:\/\/laredsocial-noticias.com\/wp\/limitan-ayuda-a-colonias-covid-19-que-no-coinciden-con-morena\/\" \/>\n<meta property=\"og:locale\" content=\"es_ES\" \/>\n<meta property=\"og:type\" content=\"article\" \/>\n<meta property=\"og:title\" content=\"Limitan ayuda a colonias Covid-19 que no coinciden con Morena - NOTICIAS\" \/>\n<meta property=\"og:description\" content=\"&nbsp; \u2022 Diputado llama al Gobierno local a ser parejo en la distribuci\u00f3n de pol\u00edtica p\u00fablica. El diputado de \u00c1lvaro...\" \/>\n<meta property=\"og:url\" content=\"https:\/\/laredsocial-noticias.com\/wp\/limitan-ayuda-a-colonias-covid-19-que-no-coinciden-con-morena\/\" \/>\n<meta property=\"og:site_name\" content=\"NOTICIAS\" \/>\n<meta property=\"article:published_time\" content=\"2020-09-07T20:21:16+00:00\" \/>\n<meta property=\"article:modified_time\" content=\"2020-09-07T20:21:20+00:00\" \/>\n<meta property=\"og:image\" content=\"https:\/\/laredsocial-noticias.com\/wp\/wp-content\/uploads\/2020\/09\/Limitan-ayuda-a-colonias-Covid-19-que-no-coinciden-con-Morena.jpeg\" \/>\n\t<meta property=\"og:image:width\" content=\"590\" \/>\n\t<meta property=\"og:image:height\" content=\"432\" \/>\n\t<meta property=\"og:image:type\" content=\"image\/jpeg\" \/>\n<meta name=\"author\" content=\"Editor en Jefe\" \/>\n<meta name=\"twitter:card\" content=\"summary_large_image\" \/>\n<meta name=\"twitter:label1\" content=\"Escrito por\" \/>\n\t<meta name=\"twitter:data1\" content=\"Editor en Jefe\" \/>\n\t<meta name=\"twitter:label2\" content=\"Tiempo de lectura\" \/>\n\t<meta name=\"twitter:data2\" content=\"2 minutos\" \/>\n<!-- \/ Yoast SEO plugin. -->","yoast_head_json":{"title":"Limitan ayuda a colonias Covid-19 que no coinciden con Morena - NOTICIAS","robots":{"index":"index","follow":"follow","max-snippet":"max-snippet:-1","max-image-preview":"max-image-preview:large","max-video-preview":"max-video-preview:-1"},"canonical":"https:\/\/laredsocial-noticias.com\/wp\/limitan-ayuda-a-colonias-covid-19-que-no-coinciden-con-morena\/","og_locale":"es_ES","og_type":"article","og_title":"Limitan ayuda a colonias Covid-19 que no coinciden con Morena - NOTICIAS","og_description":"&nbsp; \u2022 Diputado llama al Gobierno local a ser parejo en la distribuci\u00f3n de pol\u00edtica p\u00fablica. El diputado de \u00c1lvaro...","og_url":"https:\/\/laredsocial-noticias.com\/wp\/limitan-ayuda-a-colonias-covid-19-que-no-coinciden-con-morena\/","og_site_name":"NOTICIAS","article_published_time":"2020-09-07T20:21:16+00:00","article_modified_time":"2020-09-07T20:21:20+00:00","og_image":[{"width":590,"height":432,"url":"https:\/\/laredsocial-noticias.com\/wp\/wp-content\/uploads\/2020\/09\/Limitan-ayuda-a-colonias-Covid-19-que-no-coinciden-con-Morena.jpeg","type":"image\/jpeg"}],"author":"Editor en Jefe","twitter_card":"summary_large_image","twitter_misc":{"Escrito por":"Editor en Jefe","Tiempo de lectura":"2 minutos"},"schema":{"@context":"https:\/\/schema.org","@graph":[{"@type":"WebPage","@id":"https:\/\/laredsocial-noticias.com\/wp\/limitan-ayuda-a-colonias-covid-19-que-no-coinciden-con-morena\/","url":"https:\/\/laredsocial-noticias.com\/wp\/limitan-ayuda-a-colonias-covid-19-que-no-coinciden-con-morena\/","name":"Limitan ayuda a colonias Covid-19 que no coinciden con Morena - NOTICIAS","isPartOf":{"@id":"https:\/\/laredsocial-noticias.com\/wp\/#website"},"datePublished":"2020-09-07T20:21:16+00:00","dateModified":"2020-09-07T20:21:20+00:00","author":{"@id":"https:\/\/laredsocial-noticias.com\/wp\/#\/schema\/person\/0ce78643f2de7aae6f6ef10e8453a6e0"},"breadcrumb":{"@id":"https:\/\/laredsocial-noticias.com\/wp\/limitan-ayuda-a-colonias-covid-19-que-no-coinciden-con-morena\/#breadcrumb"},"inLanguage":"es","potentialAction":[{"@type":"ReadAction","target":["https:\/\/laredsocial-noticias.com\/wp\/limitan-ayuda-a-colonias-covid-19-que-no-coinciden-con-morena\/"]}]},{"@type":"BreadcrumbList","@id":"https:\/\/laredsocial-noticias.com\/wp\/limitan-ayuda-a-colonias-covid-19-que-no-coinciden-con-morena\/#breadcrumb","itemListElement":[{"@type":"ListItem","position":1,"name":"Portada","item":"https:\/\/laredsocial-noticias.com\/wp\/"},{"@type":"ListItem","position":2,"name":"Limitan ayuda a colonias Covid-19 que no coinciden con Morena"}]},{"@type":"WebSite","@id":"https:\/\/laredsocial-noticias.com\/wp\/#website","url":"https:\/\/laredsocial-noticias.com\/wp\/","name":"NOTICIAS","description":"Lo que se ve y se dice en las redes sociales","potentialAction":[{"@type":"SearchAction","target":{"@type":"EntryPoint","urlTemplate":"https:\/\/laredsocial-noticias.com\/wp\/?s={search_term_string}"},"query-input":{"@type":"PropertyValueSpecification","valueRequired":true,"valueName":"search_term_string"}}],"inLanguage":"es"},{"@type":"Person","@id":"https:\/\/laredsocial-noticias.com\/wp\/#\/schema\/person\/0ce78643f2de7aae6f6ef10e8453a6e0","name":"Editor en Jefe","url":"https:\/\/laredsocial-noticias.com\/wp\/author\/jorgeochoa\/"}]}},"_links":{"self":[{"href":"https:\/\/laredsocial-noticias.com\/wp\/wp-json\/wp\/v2\/posts\/135231","targetHints":{"allow":["GET"]}}],"collection":[{"href":"https:\/\/laredsocial-noticias.com\/wp\/wp-json\/wp\/v2\/posts"}],"about":[{"href":"https:\/\/laredsocial-noticias.com\/wp\/wp-json\/wp\/v2\/types\/post"}],"author":[{"embeddable":true,"href":"https:\/\/laredsocial-noticias.com\/wp\/wp-json\/wp\/v2\/users\/1"}],"replies":[{"embeddable":true,"href":"https:\/\/laredsocial-noticias.com\/wp\/wp-json\/wp\/v2\/comments?post=135231"}],"version-history":[{"count":1,"href":"https:\/\/laredsocial-noticias.com\/wp\/wp-json\/wp\/v2\/posts\/135231\/revisions"}],"predecessor-version":[{"id":135232,"href":"https:\/\/laredsocial-noticias.com\/wp\/wp-json\/wp\/v2\/posts\/135231\/revisions\/135232"}],"wp:attachment":[{"href":"https:\/\/laredsocial-noticias.com\/wp\/wp-json\/wp\/v2\/media?parent=135231"}],"wp:term":[{"taxonomy":"category","embeddable":true,"href":"https:\/\/laredsocial-noticias.com\/wp\/wp-json\/wp\/v2\/categories?post=135231"},{"taxonomy":"post_tag","embeddable":true,"href":"https:\/\/laredsocial-noticias.com\/wp\/wp-json\/wp\/v2\/tags?post=135231"}],"curies":[{"name":"wp","href":"https:\/\/api.w.org\/{rel}","templated":true}]}}