{"id":13524,"date":"2016-06-17T09:05:36","date_gmt":"2016-06-17T14:05:36","guid":{"rendered":"http:\/\/laredsocial-noticias.com\/wp\/?p=13524"},"modified":"2016-06-17T09:05:44","modified_gmt":"2016-06-17T14:05:44","slug":"solo-1-diputado-voto-contra-ley-3de3","status":"publish","type":"post","link":"https:\/\/laredsocial-noticias.com\/wp\/solo-1-diputado-voto-contra-ley-3de3\/","title":{"rendered":"Solo 1 diputado vot\u00f3 contra Ley 3de3"},"content":{"rendered":"<p><strong>CIUDAD DE M\u00c9XICO, 17 de junio, (ESFERA EMPRESARIAL \/ C\u00cdRCULO DIGITAL).\u2014<\/strong>La C\u00e1mara de Diputados aprob\u00f3 casi por unanimidad el paquete que expide las leyes generales del Sistema Nacional Anticorrupci\u00f3n y de Responsabilidades Administrativas, as\u00ed como la Ley Org\u00e1nica del Tribunal Federal de Justicia Administrativa.<\/p>\n<p>Con esta decisi\u00f3n la Ley 3de3 ser\u00e1 promulgada con disposiciones de proteger los datos personales de los funcionarios, pues no podr\u00e1n hacerse p\u00fablicos, salvo consentimiento del propio servidor p\u00fablico.<\/p>\n<p>El documento enviado por la colegisladora y avalado por el pleno en el Palacio Legislativo de San L\u00e1zaro reforma m\u00e1s de 700 art\u00edculos de siete ordenamientos legales y pas\u00f3 al Ejecutivo para sus efectos constitucionales.<\/p>\n<p>Estos ordenamientos legales fueron presentados en un solo acto y votados en lo individual, y las ocho bancadas reconocieron que es un avance y un combate frontal contra ese c\u00e1ncer que afecta al pa\u00eds. Asimismo, se\u00f1alaron que esta reforma representa una oportunidad para romper con privilegios, corrupci\u00f3n e impunidad.<\/p>\n<p>La Ley General del Sistema Nacional Anticorrupci\u00f3n (SNA) fue aprobada por 449 votos a favor y uno en contra y pretende establecer los esquemas de coordinaci\u00f3n entre la Federaci\u00f3n, las entidades federativas, los municipios y las alcald\u00edas de la Ciudad de M\u00e9xico, para que las autoridades competentes prevengan, investiguen y sancionen las faltas administrativas y los hechos de corrupci\u00f3n.<\/p>\n<p>Esta ley establece la creaci\u00f3n del Sistema Nacional que estar\u00e1 integrado por el comit\u00e9 coordinador, el comit\u00e9 de participaci\u00f3n ciudadana, el comit\u00e9 rector del Sistema Nacional de Fiscalizaci\u00f3n, as\u00ed como los sistemas locales de las entidades federativas a trav\u00e9s de sus representantes.<\/p>\n<p style=\"text-align: center;\"><strong>Comit\u00e9 Coordinador<\/strong><\/p>\n<p>El Comit\u00e9 Coordinador establecer\u00e1 los mecanismos de coordinaci\u00f3n y tendr\u00e1 bajo su encargo el dise\u00f1o, la promoci\u00f3n y evaluaci\u00f3n de pol\u00edticas p\u00fablicas de combate a la corrupci\u00f3n y estar\u00e1 integrado por los titulares de la Auditor\u00eda Superior de la Federaci\u00f3n (ASF) as\u00ed como de la Fiscal\u00eda Especializada en Combate a la Corrupci\u00f3n.<\/p>\n<p>Tambi\u00e9n de la Secretar\u00eda de la Funci\u00f3n P\u00fablica, de los presidentes del Tribunal Federal de Justicia Administrativa, del Instituto Nacional de Transparencia, Acceso a la Informaci\u00f3n y Protecci\u00f3n de Datos Personales (Inai), de un representante del Consejo de la Judicatura Federal y uno del Comit\u00e9 de Participaci\u00f3n Ciudadana.<\/p>\n<p>El texto aprobado se\u00f1ala que la integraci\u00f3n de la Secretar\u00eda Ejecutiva del Sistema Nacional como un organismo descentralizado, no sectorizado, con personalidad jur\u00eddica y patrimonio propios, con autonom\u00eda t\u00e9cnica y de gesti\u00f3n.<\/p>\n<p>Este organismo se encargar\u00e1 de administrar la Plataforma Digital Nacional que deber\u00e1 conformarse, al menos con los sistemas de evoluci\u00f3n patrimonial, de declaraci\u00f3n de intereses y constancia de presentaci\u00f3n declaraci\u00f3n fiscal de los servidores p\u00fablicos que intervengan en procedimientos de contrataciones p\u00fablicas, as\u00ed como de denuncias p\u00fablicas de faltas administrativas y hechos de corrupci\u00f3n.<\/p>\n<p>La integraci\u00f3n del Sistema Nacional de Fiscalizaci\u00f3n que establecer\u00e1 acciones y mecanismos de colaboraci\u00f3n para promover el intercambio de conocimientos, ideas y experiencias encaminadas a avanzar en el desarrollo de la fiscalizaci\u00f3n de los recursos p\u00fablicos.<\/p>\n<p style=\"text-align: center;\"><strong>Las faltas administrativas<\/strong><\/p>\n<p>La Ley General de Responsabilidades Administrativas fue aprobada por 338 votos a favor y 110 en contra, la cual pretende distribuir competencias entre los \u00f3rdenes de gobierno para establecer las responsabilidades administrativas de los servidores p\u00fablicos, sus obligaciones, las sanciones aplicables por los actos u omisiones en que estos incurran y las que correspondan a los particulares vinculados con faltas administrativas graves.<\/p>\n<p>La informaci\u00f3n prevista en el sistema de evoluci\u00f3n patrimonial, de declaraci\u00f3n de intereses y de constancias de presentaci\u00f3n de declaraci\u00f3n fiscal se almacenar\u00e1 en la Plataforma Digital Nacional.<\/p>\n<p>En el sistema nacional de servidores p\u00fablicos y particulares sancionados de la plataforma referida se inscribir\u00e1n y se har\u00e1n p\u00fablicas, de conformidad con lo dispuesto en la Ley General del Sistema Nacional Anticorrupci\u00f3n y las disposiciones legales en materia de transparencia.<\/p>\n<p>Las constancias de sanciones o de inhabilitaci\u00f3n que se encuentren firmes contra servidores p\u00fablicos o particulares que hayan sido sancionados por actos vinculados con faltas graves en t\u00e9rminos de esa ley.<\/p>\n<p>La informaci\u00f3n relacionada con las declaraciones de situaci\u00f3n patrimonial y de intereses podr\u00e1 ser solicitada y utilizada por el Ministerio P\u00fablico, tribunales o autoridades judiciales en el ejercicio de sus respectivas atribuciones.<\/p>\n<p>Esos documentos ser\u00e1n p\u00fablicos salvo los rubros cuya publicidad pueda afectar la vida privada o los datos personales protegidos por la Constituci\u00f3n y para tal efecto se emitir\u00e1n los formatos respectivos, garantizando que los rubros que pudieran afectar los derechos aludidos queden en resguardo de las autoridades competentes.<\/p>\n<p>Est\u00e1n obligados a presentar su declaraci\u00f3n de situaci\u00f3n de patrimonial y de intereses los servidores p\u00fablicos; cualquier persona f\u00edsica o moral que reciba y ejerza recursos p\u00fablicos o contrate bajo cualquier modalidad con entes p\u00fablicos de la Federaci\u00f3n, de las entidades federativas y los municipios.<\/p>\n<p>As\u00ed como las personas f\u00edsicas que presten sus servicios o reciban recursos de las personas morales. Los particulares deber\u00e1n presentar las declaraciones ante el \u00f3rgano interno de control del ente p\u00fablico que le haya asignado los recursos o con el que haya contratado.<\/p>\n<p>El pleno aprob\u00f3 por 456 votos a favor la Ley Org\u00e1nica del Tribunal Federal de Justicia Administrativa que formar\u00e1 parte del SNA, cuyas resoluciones deber\u00e1n apegarse a los principios de legalidad, m\u00e1xima publicidad, respeto a los derechos humanos, verdad material, razonabilidad, proporcionalidad, presunci\u00f3n de inocencia, tipicidad y debido proceso.<\/p>\n<p>Para ello, deber\u00e1 ejercer su gasto con base en los principios de honestidad, responsabilidad, eficiencia, eficacia, transparencia, rendici\u00f3n de cuentas, austeridad, racionalidad y bajo estos principios estar\u00e1 sujeto a la evaluaci\u00f3n y control de los \u00f3rganos correspondientes.<\/p>\n<p>Este tribunal estar\u00e1 integrado por la Sala Superior, la junta de gobierno y administraci\u00f3n y las salas regionales. Los magistrados de las salas superior \u2013diecis\u00e9is- y regionales, y de la sala especializada en materia de responsabilidades ser\u00e1n designados por el Presidente de la Rep\u00fablica.<\/p>\n<p>Y ser\u00e1n ratificados por el voto de las dos terceras partes de los miembros presentes del Senado de la Rep\u00fablica o en sus recesos, por la Comisi\u00f3n Permanente.<\/p>\n","protected":false},"excerpt":{"rendered":"<p>La C\u00e1mara de Diputados aprob\u00f3 casi por unanimidad el paquete que expide las leyes generales del Sistema Nacional Anticorrupci\u00f3n y de Responsabilidades Administrativas, as\u00ed como la Ley Org\u00e1nica del Tribunal Federal de Justicia Administrativa.<\/p>\n","protected":false},"author":1,"featured_media":0,"comment_status":"closed","ping_status":"closed","sticky":false,"template":"","format":"standard","meta":{"footnotes":""},"categories":[1796,78,1726,73],"tags":[57,2264,77,395,60],"class_list":["post-13524","post","type-post","status-publish","format-standard","hentry","category-circulodigital","category-nacional","category-nacionales","category-principal","tag-diputados","tag-ley-3de3","tag-principal","tag-principalpolitica","tag-senado"],"yoast_head":"<!-- This site is optimized with the Yoast SEO plugin v26.5 - https:\/\/yoast.com\/wordpress\/plugins\/seo\/ -->\n<title>Solo 1 diputado vot\u00f3 contra Ley 3de3 - NOTICIAS<\/title>\n<meta name=\"robots\" content=\"index, follow, max-snippet:-1, max-image-preview:large, max-video-preview:-1\" \/>\n<link rel=\"canonical\" href=\"https:\/\/laredsocial-noticias.com\/wp\/solo-1-diputado-voto-contra-ley-3de3\/\" \/>\n<meta property=\"og:locale\" content=\"es_ES\" \/>\n<meta property=\"og:type\" content=\"article\" \/>\n<meta property=\"og:title\" content=\"Solo 1 diputado vot\u00f3 contra Ley 3de3 - NOTICIAS\" \/>\n<meta property=\"og:description\" content=\"La C\u00e1mara de Diputados aprob\u00f3 casi por unanimidad el paquete que expide las leyes generales del Sistema Nacional Anticorrupci\u00f3n y de Responsabilidades Administrativas, as\u00ed como la Ley Org\u00e1nica del Tribunal Federal de Justicia Administrativa.\" \/>\n<meta property=\"og:url\" content=\"https:\/\/laredsocial-noticias.com\/wp\/solo-1-diputado-voto-contra-ley-3de3\/\" \/>\n<meta property=\"og:site_name\" content=\"NOTICIAS\" \/>\n<meta property=\"article:published_time\" content=\"2016-06-17T14:05:36+00:00\" \/>\n<meta property=\"article:modified_time\" content=\"2016-06-17T14:05:44+00:00\" \/>\n<meta name=\"author\" content=\"Editor en Jefe\" \/>\n<meta name=\"twitter:card\" content=\"summary_large_image\" \/>\n<meta name=\"twitter:label1\" content=\"Escrito por\" \/>\n\t<meta name=\"twitter:data1\" content=\"Editor en Jefe\" \/>\n\t<meta name=\"twitter:label2\" content=\"Tiempo de lectura\" \/>\n\t<meta name=\"twitter:data2\" content=\"5 minutos\" \/>\n<!-- \/ Yoast SEO plugin. -->","yoast_head_json":{"title":"Solo 1 diputado vot\u00f3 contra Ley 3de3 - NOTICIAS","robots":{"index":"index","follow":"follow","max-snippet":"max-snippet:-1","max-image-preview":"max-image-preview:large","max-video-preview":"max-video-preview:-1"},"canonical":"https:\/\/laredsocial-noticias.com\/wp\/solo-1-diputado-voto-contra-ley-3de3\/","og_locale":"es_ES","og_type":"article","og_title":"Solo 1 diputado vot\u00f3 contra Ley 3de3 - NOTICIAS","og_description":"La C\u00e1mara de Diputados aprob\u00f3 casi por unanimidad el paquete que expide las leyes generales del Sistema Nacional Anticorrupci\u00f3n y de Responsabilidades Administrativas, as\u00ed como la Ley Org\u00e1nica del Tribunal Federal de Justicia Administrativa.","og_url":"https:\/\/laredsocial-noticias.com\/wp\/solo-1-diputado-voto-contra-ley-3de3\/","og_site_name":"NOTICIAS","article_published_time":"2016-06-17T14:05:36+00:00","article_modified_time":"2016-06-17T14:05:44+00:00","author":"Editor en Jefe","twitter_card":"summary_large_image","twitter_misc":{"Escrito por":"Editor en Jefe","Tiempo de lectura":"5 minutos"},"schema":{"@context":"https:\/\/schema.org","@graph":[{"@type":"WebPage","@id":"https:\/\/laredsocial-noticias.com\/wp\/solo-1-diputado-voto-contra-ley-3de3\/","url":"https:\/\/laredsocial-noticias.com\/wp\/solo-1-diputado-voto-contra-ley-3de3\/","name":"Solo 1 diputado vot\u00f3 contra Ley 3de3 - NOTICIAS","isPartOf":{"@id":"https:\/\/laredsocial-noticias.com\/wp\/#website"},"datePublished":"2016-06-17T14:05:36+00:00","dateModified":"2016-06-17T14:05:44+00:00","author":{"@id":"https:\/\/laredsocial-noticias.com\/wp\/#\/schema\/person\/0ce78643f2de7aae6f6ef10e8453a6e0"},"breadcrumb":{"@id":"https:\/\/laredsocial-noticias.com\/wp\/solo-1-diputado-voto-contra-ley-3de3\/#breadcrumb"},"inLanguage":"es","potentialAction":[{"@type":"ReadAction","target":["https:\/\/laredsocial-noticias.com\/wp\/solo-1-diputado-voto-contra-ley-3de3\/"]}]},{"@type":"BreadcrumbList","@id":"https:\/\/laredsocial-noticias.com\/wp\/solo-1-diputado-voto-contra-ley-3de3\/#breadcrumb","itemListElement":[{"@type":"ListItem","position":1,"name":"Portada","item":"https:\/\/laredsocial-noticias.com\/wp\/"},{"@type":"ListItem","position":2,"name":"Solo 1 diputado vot\u00f3 contra Ley 3de3"}]},{"@type":"WebSite","@id":"https:\/\/laredsocial-noticias.com\/wp\/#website","url":"https:\/\/laredsocial-noticias.com\/wp\/","name":"NOTICIAS","description":"Lo que se ve y se dice en las redes sociales","potentialAction":[{"@type":"SearchAction","target":{"@type":"EntryPoint","urlTemplate":"https:\/\/laredsocial-noticias.com\/wp\/?s={search_term_string}"},"query-input":{"@type":"PropertyValueSpecification","valueRequired":true,"valueName":"search_term_string"}}],"inLanguage":"es"},{"@type":"Person","@id":"https:\/\/laredsocial-noticias.com\/wp\/#\/schema\/person\/0ce78643f2de7aae6f6ef10e8453a6e0","name":"Editor en Jefe","url":"https:\/\/laredsocial-noticias.com\/wp\/author\/jorgeochoa\/"}]}},"_links":{"self":[{"href":"https:\/\/laredsocial-noticias.com\/wp\/wp-json\/wp\/v2\/posts\/13524","targetHints":{"allow":["GET"]}}],"collection":[{"href":"https:\/\/laredsocial-noticias.com\/wp\/wp-json\/wp\/v2\/posts"}],"about":[{"href":"https:\/\/laredsocial-noticias.com\/wp\/wp-json\/wp\/v2\/types\/post"}],"author":[{"embeddable":true,"href":"https:\/\/laredsocial-noticias.com\/wp\/wp-json\/wp\/v2\/users\/1"}],"replies":[{"embeddable":true,"href":"https:\/\/laredsocial-noticias.com\/wp\/wp-json\/wp\/v2\/comments?post=13524"}],"version-history":[{"count":1,"href":"https:\/\/laredsocial-noticias.com\/wp\/wp-json\/wp\/v2\/posts\/13524\/revisions"}],"predecessor-version":[{"id":13525,"href":"https:\/\/laredsocial-noticias.com\/wp\/wp-json\/wp\/v2\/posts\/13524\/revisions\/13525"}],"wp:attachment":[{"href":"https:\/\/laredsocial-noticias.com\/wp\/wp-json\/wp\/v2\/media?parent=13524"}],"wp:term":[{"taxonomy":"category","embeddable":true,"href":"https:\/\/laredsocial-noticias.com\/wp\/wp-json\/wp\/v2\/categories?post=13524"},{"taxonomy":"post_tag","embeddable":true,"href":"https:\/\/laredsocial-noticias.com\/wp\/wp-json\/wp\/v2\/tags?post=13524"}],"curies":[{"name":"wp","href":"https:\/\/api.w.org\/{rel}","templated":true}]}}