{"id":13650,"date":"2016-06-17T20:10:40","date_gmt":"2016-06-18T01:10:40","guid":{"rendered":"http:\/\/laredsocial-noticias.com\/wp\/?p=13650"},"modified":"2016-06-17T20:13:07","modified_gmt":"2016-06-18T01:13:07","slug":"apuntala-uam-esfuerzos-por-internacionalizacion","status":"publish","type":"post","link":"https:\/\/laredsocial-noticias.com\/wp\/apuntala-uam-esfuerzos-por-internacionalizacion\/","title":{"rendered":"Apuntala UAM esfuerzos por internacionalizaci\u00f3n"},"content":{"rendered":"<p class=\"ecxMsoNormal\"><img loading=\"lazy\" decoding=\"async\" class=\"alignright size-full wp-image-13651\" src=\"http:\/\/laredsocial-noticias.com\/wp\/wp-content\/uploads\/2016\/06\/N\u00famero-274.jpg\" alt=\"N\u00famero 274\" width=\"3456\" height=\"2304\" data-wp-pid=\"13651\" \/><\/p>\n<p class=\"ecxMsoNormal\">En el a\u00f1o dual M\u00e9xico-Alemania y con el prop\u00f3sito de establecer lazos de cooperaci\u00f3n acad\u00e9mica y cient\u00edfica, la Universidad Aut\u00f3noma Metropolitana (UAM) recibi\u00f3 la visita de una delegaci\u00f3n del Ministerio de Ciencia, Investigaci\u00f3n y Artes del Estado federado Baden-W\u00fcrttemberg, de la Rep\u00fablica Federal de Alemania.<\/p>\n<p class=\"ecxMsoNormal\">En el Auditorio Arquitecto Pedro Ram\u00edrez V\u00e1zquez de la Rector\u00eda General, el doctor Salvador Vega y Le\u00f3n, rector general de la <i>Casa abierta al tiempo,<\/i> agradeci\u00f3 la visita de la ministra Theresia Bauer y de 16 representantes de universidades e institutos de investigaci\u00f3n alemanes, a quienes inform\u00f3 sobre la relevancia de la UAM como instituci\u00f3n de educaci\u00f3n p\u00fablica de M\u00e9xico con 42 a\u00f1os de vida.<\/p>\n<p class=\"ecxMsoNormal\">El doctor Vega y Le\u00f3n expres\u00f3 su confianza en que esta reuni\u00f3n d\u00e9 impulso a estrategias de cooperaci\u00f3n acad\u00e9mica y cient\u00edfica, as\u00ed como a la posibilidad, tanto de la doble titulaci\u00f3n en grados de maestr\u00eda y doctorado, como de movilidad estudiantil en licenciatura y posgrado.<\/p>\n<p class=\"ecxMsoNormal\">Adem\u00e1s de establecer c\u00e1tedras para que haya profesores visitantes alemanes en la UAM y viceversa; talleres y simposios bilaterales; redes de investigaci\u00f3n transdisciplinar; oficinas binacionales de vinculaci\u00f3n, y el fortalecimiento de la cooperaci\u00f3n ya existente con universidades alemanas, en particular con las del estado federado Baden-W\u00fcrtemberg.<\/p>\n<p class=\"ecxMsoNormal\">El doctor Vega y Le\u00f3n a\u00f1adi\u00f3 que los v\u00ednculos que puedan formalizarse partir\u00e1n de los intereses de los profesores, pero tambi\u00e9n de la v\u00eda institucional que representan la Rector\u00eda General y las oficinas de vinculaci\u00f3n de las unidades acad\u00e9micas de la UAM.<\/p>\n<p class=\"ecxMsoNormal\">La posibilidad de continuar trabajando con las distintas instituciones alemanas \u201ces muy gratificante para nosotros\u201d, se\u00f1al\u00f3.<\/p>\n<p class=\"ecxMsoNormal\">La ministra Theresia Bauer agradeci\u00f3 la recepci\u00f3n en la UAM y dijo que su estado se distingue por tener una alta densidad de universidades de distinto tipo; \u201ccomo pa\u00eds de innovaci\u00f3n sabemos que sin universidades no es posible ser y seguir siendo innovador\u201d, subray\u00f3.<\/p>\n<p class=\"ecxMsoNormal\">La funcionaria dijo estar convencida de que el mundo de la ciencia tiene que ser internacional. \u201cTrabajamos con preguntas que nos afectan a nivel mundial. Los problemas que tenemos que enfrentar como humanidad no paran en la frontera nacional y por eso la ciencia es algo que se tiene que pensar y experimentar por los estudiantes en un contexto global\u201d.<\/p>\n<p class=\"ecxMsoNormal\">Por eso \u201cnos interesa fomentar la internacionalizaci\u00f3n desde los estudiantes, pero tambi\u00e9n nos alegra cuando se crean redes de intercambio directo de profesores. En ese sentido el gobierno estatal apoya los esfuerzos de las universidades por crear estrategias propias de internacionalizaci\u00f3n.<\/p>\n<p class=\"ecxMsoNormal\">Ese es el objetivo de la delegaci\u00f3n que encabeza y que inici\u00f3 su recorrido en M\u00e9xico para despu\u00e9s continuar en Colombia, \u201cun pa\u00eds que est\u00e1 en movimiento\u201d porque en fechas recientes se ha enfocado en la internacionalizaci\u00f3n y el fortalecimiento de sus capacidades cient\u00edficas.<\/p>\n<p class=\"ecxMsoNormal\">Entre las universidades que estuvieron representadas en esta reuni\u00f3n estuvieron la Universidad de Ciencias Aplicadas en Esslingen, la Universidad de Hohenheim, la Karlsruhe University of Applied Sciences,\u00a0 Heidelberg University, entre otras, as\u00ed como del Baden-E\u00fcrttemberg International.<\/p>\n<p class=\"ecxMsoNormal\">Por parte de la UAM participaron tambi\u00e9n el maestro V\u00edctor Sosa God\u00ednez, coordinador general de Vinculaci\u00f3n y Desarrollo Institucional; el doctor Enrique Medell\u00edn Cabrera, director de Enlace con Sectores Productivos, as\u00ed como los doctores Juan Manuel Corona Alcantar, investigador del Departamento de Producci\u00f3n Econ\u00f3mica de la Unidad Xochimilco, y Marco Aurelio Jaso S\u00e1nchez, docente del Departamento de Estudios Institucionales de la Unidad Cuajimalpa.<\/p>\n","protected":false},"excerpt":{"rendered":"<p>En el a\u00f1o dual M\u00e9xico-Alemania y con el prop\u00f3sito de establecer lazos de cooperaci\u00f3n acad\u00e9mica y cient\u00edfica, la Universidad Aut\u00f3noma&#8230;<\/p>\n","protected":false},"author":1,"featured_media":0,"comment_status":"open","ping_status":"open","sticky":false,"template":"","format":"standard","meta":{"footnotes":""},"categories":[2193],"tags":[],"class_list":["post-13650","post","type-post","status-publish","format-standard","hentry","category-universidades-2"],"yoast_head":"<!-- This site is optimized with the Yoast SEO plugin v26.5 - https:\/\/yoast.com\/wordpress\/plugins\/seo\/ -->\n<title>Apuntala UAM esfuerzos por internacionalizaci\u00f3n - NOTICIAS<\/title>\n<meta name=\"robots\" content=\"index, follow, max-snippet:-1, max-image-preview:large, max-video-preview:-1\" \/>\n<link rel=\"canonical\" href=\"https:\/\/laredsocial-noticias.com\/wp\/apuntala-uam-esfuerzos-por-internacionalizacion\/\" \/>\n<meta property=\"og:locale\" content=\"es_ES\" \/>\n<meta property=\"og:type\" content=\"article\" \/>\n<meta property=\"og:title\" content=\"Apuntala UAM esfuerzos por internacionalizaci\u00f3n - NOTICIAS\" \/>\n<meta property=\"og:description\" content=\"En el a\u00f1o dual M\u00e9xico-Alemania y con el prop\u00f3sito de establecer lazos de cooperaci\u00f3n acad\u00e9mica y cient\u00edfica, la Universidad Aut\u00f3noma...\" \/>\n<meta property=\"og:url\" content=\"https:\/\/laredsocial-noticias.com\/wp\/apuntala-uam-esfuerzos-por-internacionalizacion\/\" \/>\n<meta property=\"og:site_name\" content=\"NOTICIAS\" \/>\n<meta property=\"article:published_time\" content=\"2016-06-18T01:10:40+00:00\" \/>\n<meta property=\"article:modified_time\" content=\"2016-06-18T01:13:07+00:00\" \/>\n<meta property=\"og:image\" content=\"http:\/\/laredsocial-noticias.com\/wp\/wp-content\/uploads\/2016\/06\/N\u00famero-274.jpg\" \/>\n<meta name=\"author\" content=\"Editor en Jefe\" \/>\n<meta name=\"twitter:card\" content=\"summary_large_image\" \/>\n<meta name=\"twitter:label1\" content=\"Escrito por\" \/>\n\t<meta name=\"twitter:data1\" content=\"Editor en Jefe\" \/>\n\t<meta name=\"twitter:label2\" content=\"Tiempo de lectura\" \/>\n\t<meta name=\"twitter:data2\" content=\"3 minutos\" \/>\n<!-- \/ Yoast SEO plugin. -->","yoast_head_json":{"title":"Apuntala UAM esfuerzos por internacionalizaci\u00f3n - NOTICIAS","robots":{"index":"index","follow":"follow","max-snippet":"max-snippet:-1","max-image-preview":"max-image-preview:large","max-video-preview":"max-video-preview:-1"},"canonical":"https:\/\/laredsocial-noticias.com\/wp\/apuntala-uam-esfuerzos-por-internacionalizacion\/","og_locale":"es_ES","og_type":"article","og_title":"Apuntala UAM esfuerzos por internacionalizaci\u00f3n - NOTICIAS","og_description":"En el a\u00f1o dual M\u00e9xico-Alemania y con el prop\u00f3sito de establecer lazos de cooperaci\u00f3n acad\u00e9mica y cient\u00edfica, la Universidad Aut\u00f3noma...","og_url":"https:\/\/laredsocial-noticias.com\/wp\/apuntala-uam-esfuerzos-por-internacionalizacion\/","og_site_name":"NOTICIAS","article_published_time":"2016-06-18T01:10:40+00:00","article_modified_time":"2016-06-18T01:13:07+00:00","og_image":[{"url":"http:\/\/laredsocial-noticias.com\/wp\/wp-content\/uploads\/2016\/06\/N\u00famero-274.jpg","type":"","width":"","height":""}],"author":"Editor en Jefe","twitter_card":"summary_large_image","twitter_misc":{"Escrito por":"Editor en Jefe","Tiempo de lectura":"3 minutos"},"schema":{"@context":"https:\/\/schema.org","@graph":[{"@type":"WebPage","@id":"https:\/\/laredsocial-noticias.com\/wp\/apuntala-uam-esfuerzos-por-internacionalizacion\/","url":"https:\/\/laredsocial-noticias.com\/wp\/apuntala-uam-esfuerzos-por-internacionalizacion\/","name":"Apuntala UAM esfuerzos por internacionalizaci\u00f3n - NOTICIAS","isPartOf":{"@id":"https:\/\/laredsocial-noticias.com\/wp\/#website"},"datePublished":"2016-06-18T01:10:40+00:00","dateModified":"2016-06-18T01:13:07+00:00","author":{"@id":"https:\/\/laredsocial-noticias.com\/wp\/#\/schema\/person\/0ce78643f2de7aae6f6ef10e8453a6e0"},"breadcrumb":{"@id":"https:\/\/laredsocial-noticias.com\/wp\/apuntala-uam-esfuerzos-por-internacionalizacion\/#breadcrumb"},"inLanguage":"es","potentialAction":[{"@type":"ReadAction","target":["https:\/\/laredsocial-noticias.com\/wp\/apuntala-uam-esfuerzos-por-internacionalizacion\/"]}]},{"@type":"BreadcrumbList","@id":"https:\/\/laredsocial-noticias.com\/wp\/apuntala-uam-esfuerzos-por-internacionalizacion\/#breadcrumb","itemListElement":[{"@type":"ListItem","position":1,"name":"Portada","item":"https:\/\/laredsocial-noticias.com\/wp\/"},{"@type":"ListItem","position":2,"name":"Apuntala UAM esfuerzos por internacionalizaci\u00f3n"}]},{"@type":"WebSite","@id":"https:\/\/laredsocial-noticias.com\/wp\/#website","url":"https:\/\/laredsocial-noticias.com\/wp\/","name":"NOTICIAS","description":"Lo que se ve y se dice en las redes sociales","potentialAction":[{"@type":"SearchAction","target":{"@type":"EntryPoint","urlTemplate":"https:\/\/laredsocial-noticias.com\/wp\/?s={search_term_string}"},"query-input":{"@type":"PropertyValueSpecification","valueRequired":true,"valueName":"search_term_string"}}],"inLanguage":"es"},{"@type":"Person","@id":"https:\/\/laredsocial-noticias.com\/wp\/#\/schema\/person\/0ce78643f2de7aae6f6ef10e8453a6e0","name":"Editor en Jefe","url":"https:\/\/laredsocial-noticias.com\/wp\/author\/jorgeochoa\/"}]}},"_links":{"self":[{"href":"https:\/\/laredsocial-noticias.com\/wp\/wp-json\/wp\/v2\/posts\/13650","targetHints":{"allow":["GET"]}}],"collection":[{"href":"https:\/\/laredsocial-noticias.com\/wp\/wp-json\/wp\/v2\/posts"}],"about":[{"href":"https:\/\/laredsocial-noticias.com\/wp\/wp-json\/wp\/v2\/types\/post"}],"author":[{"embeddable":true,"href":"https:\/\/laredsocial-noticias.com\/wp\/wp-json\/wp\/v2\/users\/1"}],"replies":[{"embeddable":true,"href":"https:\/\/laredsocial-noticias.com\/wp\/wp-json\/wp\/v2\/comments?post=13650"}],"version-history":[{"count":2,"href":"https:\/\/laredsocial-noticias.com\/wp\/wp-json\/wp\/v2\/posts\/13650\/revisions"}],"predecessor-version":[{"id":13653,"href":"https:\/\/laredsocial-noticias.com\/wp\/wp-json\/wp\/v2\/posts\/13650\/revisions\/13653"}],"wp:attachment":[{"href":"https:\/\/laredsocial-noticias.com\/wp\/wp-json\/wp\/v2\/media?parent=13650"}],"wp:term":[{"taxonomy":"category","embeddable":true,"href":"https:\/\/laredsocial-noticias.com\/wp\/wp-json\/wp\/v2\/categories?post=13650"},{"taxonomy":"post_tag","embeddable":true,"href":"https:\/\/laredsocial-noticias.com\/wp\/wp-json\/wp\/v2\/tags?post=13650"}],"curies":[{"name":"wp","href":"https:\/\/api.w.org\/{rel}","templated":true}]}}