{"id":13837,"date":"2016-06-19T11:46:49","date_gmt":"2016-06-19T16:46:49","guid":{"rendered":"http:\/\/laredsocial-noticias.com\/wp\/?p=13837"},"modified":"2016-06-19T11:46:49","modified_gmt":"2016-06-19T16:46:49","slug":"tras-bambalinas-y-por-que-la-ip-no-que-esconden-los-partidos-en-las-licitaciones","status":"publish","type":"post","link":"https:\/\/laredsocial-noticias.com\/wp\/tras-bambalinas-y-por-que-la-ip-no-que-esconden-los-partidos-en-las-licitaciones\/","title":{"rendered":"TRAS BAMBALINAS.- \u00bfY por qu\u00e9 la IP no? \u00bfQu\u00e9 esconden los partidos en las licitaciones?"},"content":{"rendered":"<p>Por Jorge Octavio Ochoa<\/p>\n<p>En el colmo de la abyecci\u00f3n, evidenciando para quien trabajan, partidos pol\u00edticos, diputados y senadores reprochan la repentina medida de incluir al sector privado en la llamada \u201c3 de 3\u201d, pero la pregunta que surge de rebote es: \u00bfy por qu\u00e9 no?<\/p>\n<p>En el fondo del debate, el uso de los recursos p\u00fablicos es lo que est\u00e1 en juego y toda empresa que concursa por licitaciones para recibir esos dineros, tiene que dar a conocer muchos datos fundamentales que por ley se le piden.<\/p>\n<p>De hecho, cada empresa tiene que comprobar su capacidad para prestar tal o cual servicio, acreditar su experiencia y expedir las mediciones del \u00e9xito en su trabajo. En un pa\u00eds libre y democr\u00e1tico as\u00ed debe ser.<\/p>\n<p>Sin embargo, el repentino berrinche de algunos empresarios llama la atenci\u00f3n y pone a flote la punta del iceberg que vincula los intereses de los tenedores del dinero con los tenedores del poder pol\u00edtico.<\/p>\n<p>Los partidos pol\u00edticos se ven amenazados incluso en ese rubro, pues muchos acaudalados de ahora, empezaron sus negocios a trav\u00e9s de imprentas, f\u00e1bricas de maquila, subcontrataciones que les han redituado un flujo de negocios permanente.<\/p>\n<p>Por qu\u00e9 no, por ejemplo, exigir al Gobierno del Distrito Federal que nos diga el nombre de la empresa o las empresas a las que se les concesion\u00f3 el uso de los pasos a desnivel en importantes v\u00edas vehiculares para colocar novedosos anuncios publicitarios.<\/p>\n<p>\u00bfQui\u00e9nes? \u00bfCu\u00e1nto pagaron por la concesi\u00f3n? \u00bfCu\u00e1ndo, c\u00f3mo y con qui\u00e9nes tuvo que concursar para ganar la concesi\u00f3n? \u00bfTiene o no v\u00ednculos con personajes de la pol\u00edtica? El hecho es que hoy muchos apellidos como Hank son la muestra lamentable del uso del poder para los negocios.<\/p>\n<p>SE ENCUERAN SOLOS<\/p>\n<p>Este debate, surgido apenas la semana pasada, lo \u00fanico que ha hecho es evidenciar a partidos de todos los colores vinculados con el dinero y que hoy se dan por sorprendidos de que PRI y PVEM hayan reconocido que hay corruptores en el sector privado.<\/p>\n<p>De hecho, los recientes cambios para acabar con la corrupci\u00f3n en M\u00e9xico no pod\u00edan dejar fuera al sector privado. Ellos saben perfectamente, porque se han quejado muchas veces, que los funcionarios les piden \u201cmoches\u201d o cuotas de hasta 30% por permisos y concesiones.<\/p>\n<p>\u00bfPor qu\u00e9 ahora el enojo? \u00bfPues no quer\u00edan transparencia y legalidad? \u00bfA qu\u00e9 le tienen miedo? \u00bfQu\u00e9 esconden?<\/p>\n<p>Algunos empresarios, como Gustavo de Hoyos Walther, al frente de la Coparmex, han tenido una inesperada participaci\u00f3n \u00a0promocionar el voto, empujar a la #Ley3de3 o en la condena al vandalismo de la CNTE. \u00bfAhora que los vincula y los toca no les gusta?<\/p>\n<p>El viceoordinador del PRI en la C\u00e1mara de Diputados, Jorge Carlos Ram\u00edrez Mar\u00edn, se\u00f1al\u00f3 que calificar de \u201cvendetta\u201d la Ley de Responsabilidades de los Funcionarios P\u00fablicos, tambi\u00e9n llamada 3de3, como lo asegur\u00f3 Miguel \u00c1ngel Mancera, solo agrede \u201ccomo si se tratara de un pleito callejero\u201d, por lo que pidi\u00f3 que \u201cno se caiga en ese absurdo\u201d.<\/p>\n<p>El hecho es que, efectivamente, si hay una ciudad en la Rep\u00fablica que debe transparentar sus actos es la Ciudad de M\u00e9xico. \u00bfCu\u00e1ntos puestos de ambulantes, cu\u00e1ntos espacios de publicidad, cuantos terrenos debajo de puentes vehiculares se han concecionado? \u00bfA qui\u00e9nes?<\/p>\n<p>No hay claridad. Y s\u00ed, quiz\u00e1 al PRI se le pas\u00f3 la mano en su arrebato de venganza, pero no sale sobrando tomarles la palabra y meter de una vez al aro a todos los que se han beneficiado de estos acuerdos y vendettas del poder.<\/p>\n<p>V\u00cdNCULOS MAFIOSOS<\/p>\n<p>Y s\u00ed, las cosas en M\u00e9xico se est\u00e1n poniendo feas. Como se\u00f1alamos aqu\u00ed la semana pasada, los vientos de violencia empiezan a formarse, amenazando con la formaci\u00f3n de un hurac\u00e1n. Los grupos pol\u00edticos dentro de los propios partidos est\u00e1n liberando sus demonios.<\/p>\n<p>En el PRI ya se ve el enfrentamiento entre el grupo de Osorio Chong y Manlio Fabio Beltrones. El segundo acusando de la desgracia priista al primero. Mientras, otros se frotan las manos y hay quienes ven la figura del titular de la SEP perfilada para el 2018.<\/p>\n<p>Pero faltan los gobernadores y dentro de este grupo, el PAN tiene tambi\u00e9n sus propias inc\u00f3gnitas. Muchos de los suyos no estar\u00e1n dispuestos a impulsar la candidatura de Margarita Zavala como \u00fanica contendiente. Hay varios m\u00e1s que aspiran.<\/p>\n<p>Del PRD, es un desastre; ni Miguel \u00c1ngel Mancera est\u00e1 seguro de querer ir con la bandera del Sol Azteca a una contienda Presidencial. El \u00fanico que la lleva viento en Popa es AMLO y su MORENA, hasta que se abran los archivos del segundo piso, con todo y lo sucio que hay detr\u00e1s.<\/p>\n<p>L\u00f3pez Obrador tendr\u00e1 que responder tambi\u00e9n a las demandas y acusaciones de cientos de perredistas que tuvieron que pagar el \u201cdiezmo\u201d de sus salarios para apoyar al tabasque\u00f1o mientras \u00e9ste fue militante y sempiterno candidato del PRD. Hay muuuuuchas pruebas.<\/p>\n<p>Pero detr\u00e1s del ambiente pol\u00edtico habr\u00e1 que seguir pendientes de los v\u00ednculos mafiosos de algunos con el crimen organizado. Los datos que apuntalan tal afirmaci\u00f3n: una diputada federal (Lucero Guadalupe S\u00e1nchez L\u00f3pez, del PAN); un senador de la Rep\u00fablica (Fidel Demedi\u00e9is, del PRD).<\/p>\n<p>No olvidar tampoco a Humberto Moreira exculpado por la PGR pese al desfalco de 35 mil millones de pesos que dej\u00f3 en Coahuila y Alejandro Murat, candidato a gobernador por Oaxaca cuyo padre, Jos\u00e9 Murat tiene propiedades inexplicables en Estados Unidos.<\/p>\n<p>&nbsp;<\/p>\n<p>Los tres principales partidos pol\u00edticos en M\u00e9xico vinculados siempre con hechos delictivos que los involucran con el crimen organizado.<\/p>\n<p>OBLIGACI\u00d3N O SUICIDO<\/p>\n<p>Pero cuando los partidos, convertidos en gobernantes v\u00eda el voto electoral, se ven orillados a cumplir con sus responsabilidades, nos recetan cada respuesta que dejan a uno con la pregunta a flor de labio: \u00bfEntonces para qu\u00e9 votaron por ustedes?<\/p>\n<p>El hecho es que en Culiac\u00e1n, el presidente municipal de Badiraguato, Mario Valenzuela L\u00f3pez (PRI), dijo que no se considera \u201cun suicida\u201d por lo que no se internar\u00e1 a las comunidades serranas donde aproximadamente 150 familias huyeron de sus hogares debido a las supuestas disputas violentas que se escenifican entre dos grupos delictivos.<\/p>\n<p>\u00bfNo? \u00bfY entonces qu\u00e9 har\u00e1? Lo menos que debi\u00f3 hacer desde que ocurrieron los hechos, fue pedir la intervenci\u00f3n de las Fuerzas Federales.<\/p>\n<p>En fin, la cuesti\u00f3n que mochas o incompletas, las medidas contra la corrupci\u00f3n abren una rendija de esperanza de que M\u00e9xico alg\u00fan d\u00eda ser\u00e1 mejor y todos podremos competir abiertamente por un espacio, sin que el amiguismo y las corruptelas sean las que decidan todo.<\/p>\n<p>&nbsp;<\/p>\n<p>&nbsp;<\/p>\n<p>&nbsp;<\/p>\n<p>&nbsp;<\/p>\n<p>&nbsp;<\/p>\n<p>&nbsp;<\/p>\n<p>&nbsp;<\/p>\n","protected":false},"excerpt":{"rendered":"<p>Por Jorge Octavio Ochoa En el colmo de la abyecci\u00f3n, evidenciando para quien trabajan, partidos pol\u00edticos, diputados y senadores reprochan&#8230;<\/p>\n","protected":false},"author":1,"featured_media":0,"comment_status":"open","ping_status":"open","sticky":false,"template":"","format":"standard","meta":{"footnotes":""},"categories":[1984],"tags":[],"class_list":["post-13837","post","type-post","status-publish","format-standard","hentry","category-tras-bambalinas"],"yoast_head":"<!-- This site is optimized with the Yoast SEO plugin v26.5 - https:\/\/yoast.com\/wordpress\/plugins\/seo\/ -->\n<title>TRAS BAMBALINAS.- \u00bfY por qu\u00e9 la IP no? \u00bfQu\u00e9 esconden los partidos en las licitaciones? - NOTICIAS<\/title>\n<meta name=\"robots\" content=\"index, follow, max-snippet:-1, max-image-preview:large, max-video-preview:-1\" \/>\n<link rel=\"canonical\" href=\"https:\/\/laredsocial-noticias.com\/wp\/tras-bambalinas-y-por-que-la-ip-no-que-esconden-los-partidos-en-las-licitaciones\/\" \/>\n<meta property=\"og:locale\" content=\"es_ES\" \/>\n<meta property=\"og:type\" content=\"article\" \/>\n<meta property=\"og:title\" content=\"TRAS BAMBALINAS.- \u00bfY por qu\u00e9 la IP no? \u00bfQu\u00e9 esconden los partidos en las licitaciones? - NOTICIAS\" \/>\n<meta property=\"og:description\" content=\"Por Jorge Octavio Ochoa En el colmo de la abyecci\u00f3n, evidenciando para quien trabajan, partidos pol\u00edticos, diputados y senadores reprochan...\" \/>\n<meta property=\"og:url\" content=\"https:\/\/laredsocial-noticias.com\/wp\/tras-bambalinas-y-por-que-la-ip-no-que-esconden-los-partidos-en-las-licitaciones\/\" \/>\n<meta property=\"og:site_name\" content=\"NOTICIAS\" \/>\n<meta property=\"article:published_time\" content=\"2016-06-19T16:46:49+00:00\" \/>\n<meta name=\"author\" content=\"Editor en Jefe\" \/>\n<meta name=\"twitter:card\" content=\"summary_large_image\" \/>\n<meta name=\"twitter:label1\" content=\"Escrito por\" \/>\n\t<meta name=\"twitter:data1\" content=\"Editor en Jefe\" \/>\n\t<meta name=\"twitter:label2\" content=\"Tiempo de lectura\" \/>\n\t<meta name=\"twitter:data2\" content=\"6 minutos\" \/>\n<!-- \/ Yoast SEO plugin. -->","yoast_head_json":{"title":"TRAS BAMBALINAS.- \u00bfY por qu\u00e9 la IP no? \u00bfQu\u00e9 esconden los partidos en las licitaciones? - NOTICIAS","robots":{"index":"index","follow":"follow","max-snippet":"max-snippet:-1","max-image-preview":"max-image-preview:large","max-video-preview":"max-video-preview:-1"},"canonical":"https:\/\/laredsocial-noticias.com\/wp\/tras-bambalinas-y-por-que-la-ip-no-que-esconden-los-partidos-en-las-licitaciones\/","og_locale":"es_ES","og_type":"article","og_title":"TRAS BAMBALINAS.- \u00bfY por qu\u00e9 la IP no? \u00bfQu\u00e9 esconden los partidos en las licitaciones? - NOTICIAS","og_description":"Por Jorge Octavio Ochoa En el colmo de la abyecci\u00f3n, evidenciando para quien trabajan, partidos pol\u00edticos, diputados y senadores reprochan...","og_url":"https:\/\/laredsocial-noticias.com\/wp\/tras-bambalinas-y-por-que-la-ip-no-que-esconden-los-partidos-en-las-licitaciones\/","og_site_name":"NOTICIAS","article_published_time":"2016-06-19T16:46:49+00:00","author":"Editor en Jefe","twitter_card":"summary_large_image","twitter_misc":{"Escrito por":"Editor en Jefe","Tiempo de lectura":"6 minutos"},"schema":{"@context":"https:\/\/schema.org","@graph":[{"@type":"WebPage","@id":"https:\/\/laredsocial-noticias.com\/wp\/tras-bambalinas-y-por-que-la-ip-no-que-esconden-los-partidos-en-las-licitaciones\/","url":"https:\/\/laredsocial-noticias.com\/wp\/tras-bambalinas-y-por-que-la-ip-no-que-esconden-los-partidos-en-las-licitaciones\/","name":"TRAS BAMBALINAS.- \u00bfY por qu\u00e9 la IP no? \u00bfQu\u00e9 esconden los partidos en las licitaciones? - NOTICIAS","isPartOf":{"@id":"https:\/\/laredsocial-noticias.com\/wp\/#website"},"datePublished":"2016-06-19T16:46:49+00:00","author":{"@id":"https:\/\/laredsocial-noticias.com\/wp\/#\/schema\/person\/0ce78643f2de7aae6f6ef10e8453a6e0"},"breadcrumb":{"@id":"https:\/\/laredsocial-noticias.com\/wp\/tras-bambalinas-y-por-que-la-ip-no-que-esconden-los-partidos-en-las-licitaciones\/#breadcrumb"},"inLanguage":"es","potentialAction":[{"@type":"ReadAction","target":["https:\/\/laredsocial-noticias.com\/wp\/tras-bambalinas-y-por-que-la-ip-no-que-esconden-los-partidos-en-las-licitaciones\/"]}]},{"@type":"BreadcrumbList","@id":"https:\/\/laredsocial-noticias.com\/wp\/tras-bambalinas-y-por-que-la-ip-no-que-esconden-los-partidos-en-las-licitaciones\/#breadcrumb","itemListElement":[{"@type":"ListItem","position":1,"name":"Portada","item":"https:\/\/laredsocial-noticias.com\/wp\/"},{"@type":"ListItem","position":2,"name":"TRAS BAMBALINAS.- \u00bfY por qu\u00e9 la IP no? \u00bfQu\u00e9 esconden los partidos en las licitaciones?"}]},{"@type":"WebSite","@id":"https:\/\/laredsocial-noticias.com\/wp\/#website","url":"https:\/\/laredsocial-noticias.com\/wp\/","name":"NOTICIAS","description":"Lo que se ve y se dice en las redes sociales","potentialAction":[{"@type":"SearchAction","target":{"@type":"EntryPoint","urlTemplate":"https:\/\/laredsocial-noticias.com\/wp\/?s={search_term_string}"},"query-input":{"@type":"PropertyValueSpecification","valueRequired":true,"valueName":"search_term_string"}}],"inLanguage":"es"},{"@type":"Person","@id":"https:\/\/laredsocial-noticias.com\/wp\/#\/schema\/person\/0ce78643f2de7aae6f6ef10e8453a6e0","name":"Editor en Jefe","url":"https:\/\/laredsocial-noticias.com\/wp\/author\/jorgeochoa\/"}]}},"_links":{"self":[{"href":"https:\/\/laredsocial-noticias.com\/wp\/wp-json\/wp\/v2\/posts\/13837","targetHints":{"allow":["GET"]}}],"collection":[{"href":"https:\/\/laredsocial-noticias.com\/wp\/wp-json\/wp\/v2\/posts"}],"about":[{"href":"https:\/\/laredsocial-noticias.com\/wp\/wp-json\/wp\/v2\/types\/post"}],"author":[{"embeddable":true,"href":"https:\/\/laredsocial-noticias.com\/wp\/wp-json\/wp\/v2\/users\/1"}],"replies":[{"embeddable":true,"href":"https:\/\/laredsocial-noticias.com\/wp\/wp-json\/wp\/v2\/comments?post=13837"}],"version-history":[{"count":1,"href":"https:\/\/laredsocial-noticias.com\/wp\/wp-json\/wp\/v2\/posts\/13837\/revisions"}],"predecessor-version":[{"id":13839,"href":"https:\/\/laredsocial-noticias.com\/wp\/wp-json\/wp\/v2\/posts\/13837\/revisions\/13839"}],"wp:attachment":[{"href":"https:\/\/laredsocial-noticias.com\/wp\/wp-json\/wp\/v2\/media?parent=13837"}],"wp:term":[{"taxonomy":"category","embeddable":true,"href":"https:\/\/laredsocial-noticias.com\/wp\/wp-json\/wp\/v2\/categories?post=13837"},{"taxonomy":"post_tag","embeddable":true,"href":"https:\/\/laredsocial-noticias.com\/wp\/wp-json\/wp\/v2\/tags?post=13837"}],"curies":[{"name":"wp","href":"https:\/\/api.w.org\/{rel}","templated":true}]}}